{"id":1000,"date":"2016-05-18T12:25:53","date_gmt":"2016-05-18T16:25:53","guid":{"rendered":"http:\/\/blogdalucianaoliveira.com.br\/blog\/?p=1000"},"modified":"2016-05-18T12:53:36","modified_gmt":"2016-05-18T16:53:36","slug":"desaculturados-frustrados-a-pedido-de-renan-michel-temer-aceita-recriar-ministerio-da-cultura","status":"publish","type":"post","link":"http:\/\/blogdalucianaoliveira.com.br\/blog\/2016\/05\/18\/desaculturados-frustrados-a-pedido-de-renan-michel-temer-aceita-recriar-ministerio-da-cultura\/","title":{"rendered":"Desaculturados frustrados: A pedido de Renan, Michel Temer aceita recriar Minist\u00e9rio da Cultura"},"content":{"rendered":"<p><img data-recalc-dims=\"1\" loading=\"lazy\" decoding=\"async\" data-attachment-id=\"1001\" data-permalink=\"http:\/\/blogdalucianaoliveira.com.br\/blog\/2016\/05\/18\/desaculturados-frustrados-a-pedido-de-renan-michel-temer-aceita-recriar-ministerio-da-cultura\/image-217\/\" data-orig-file=\"https:\/\/i0.wp.com\/blogdalucianaoliveira.com.br\/blog\/wp-content\/uploads\/2016\/05\/image-191.jpeg?fit=627%2C455\" data-orig-size=\"627,455\" data-comments-opened=\"0\" data-image-meta=\"{&quot;aperture&quot;:&quot;0&quot;,&quot;credit&quot;:&quot;&quot;,&quot;camera&quot;:&quot;&quot;,&quot;caption&quot;:&quot;&quot;,&quot;created_timestamp&quot;:&quot;0&quot;,&quot;copyright&quot;:&quot;&quot;,&quot;focal_length&quot;:&quot;0&quot;,&quot;iso&quot;:&quot;0&quot;,&quot;shutter_speed&quot;:&quot;0&quot;,&quot;title&quot;:&quot;&quot;,&quot;orientation&quot;:&quot;0&quot;}\" data-image-title=\"image\" data-image-description=\"\" data-image-caption=\"\" data-medium-file=\"https:\/\/i0.wp.com\/blogdalucianaoliveira.com.br\/blog\/wp-content\/uploads\/2016\/05\/image-191.jpeg?fit=300%2C218\" data-large-file=\"https:\/\/i0.wp.com\/blogdalucianaoliveira.com.br\/blog\/wp-content\/uploads\/2016\/05\/image-191.jpeg?fit=600%2C435\" src=\"https:\/\/i0.wp.com\/blogdalucianaoliveira.com.br\/blog\/wp-content\/uploads\/2016\/05\/image-191.jpeg?resize=600%2C435\" alt=\"image\" width=\"600\" height=\"435\" class=\"alignnone size-full wp-image-1001\" srcset=\"https:\/\/i0.wp.com\/blogdalucianaoliveira.com.br\/blog\/wp-content\/uploads\/2016\/05\/image-191.jpeg?w=627 627w, https:\/\/i0.wp.com\/blogdalucianaoliveira.com.br\/blog\/wp-content\/uploads\/2016\/05\/image-191.jpeg?resize=300%2C218 300w, https:\/\/i0.wp.com\/blogdalucianaoliveira.com.br\/blog\/wp-content\/uploads\/2016\/05\/image-191.jpeg?resize=413%2C300 413w\" sizes=\"auto, (max-width: 600px) 100vw, 600px\" \/><\/p>\n<p>Eduardo Miranda, Jornal do Brasil<\/p>\n<p>O presidente em exerc\u00edcio Michel Temer vai anunciar a desist\u00eancia de extinguir o Minist\u00e9rio da Cultura. <!--more--><\/p>\n<p>O pedido para que Temer voltasse atr\u00e1s na decis\u00e3o foi feito pelo presidente do Senado, Renan Calheiros (PMDB-AL), de quem o presidente interino vem tentando se aproximar.<\/p>\n<p>Como a medida j\u00e1 foi anunciada no Di\u00e1rio Oficial da Uni\u00e3o, Renan lembrou a Temer que a alternativa para que o pr\u00f3prio Congresso recrie mexendo na MP da reforma administrativa.<\/p>\n<p>O presidente do Senado argumentou que a extin\u00e7\u00e3o da pasta n\u00e3o tem impacto financeiro expressivo e que vem causando muita dor de cabe\u00e7a ao governo, que completa uma semana nesta quinta-feira (12). <\/p>\n<p>Nos \u00faltimos dias, sedes do MinC em diferentes estados v\u00eam sendo ocupadas por servidores como forma de protesto ao novo governo. O ministro da Educa\u00e7\u00e3o e Cultura, Mendon\u00e7a Filho (DEM) foi vaiado em diversas ocasi\u00f5es pelos servidores de ambas as pastas ao tentar dar explica\u00e7\u00f5es sobre a fus\u00e3o das \u00e1reas.<\/p>\n","protected":false},"excerpt":{"rendered":"<p>Eduardo Miranda, Jornal do Brasil O presidente em exerc\u00edcio Michel Temer vai anunciar a desist\u00eancia de extinguir o Minist\u00e9rio da Cultura.<\/p>\n","protected":false},"author":1,"featured_media":0,"comment_status":"closed","ping_status":"open","sticky":false,"template":"","format":"standard","meta":{"_exactmetrics_skip_tracking":false,"_exactmetrics_sitenote_active":false,"_exactmetrics_sitenote_note":"","_exactmetrics_sitenote_category":0,"jetpack_post_was_ever_published":false,"_jetpack_newsletter_access":"","_jetpack_dont_email_post_to_subs":false,"_jetpack_newsletter_tier_id":0,"_jetpack_memberships_contains_paywalled_content":false,"_jetpack_memberships_contains_paid_content":false,"footnotes":"","jetpack_publicize_message":"","jetpack_publicize_feature_enabled":true,"jetpack_social_post_already_shared":true,"jetpack_social_options":{"image_generator_settings":{"template":"highway","enabled":false},"version":2}},"categories":[1],"tags":[],"class_list":["post-1000","post","type-post","status-publish","format-standard","hentry","category-notas"],"jetpack_publicize_connections":[],"jetpack_sharing_enabled":true,"jetpack_featured_media_url":"","jetpack_shortlink":"https:\/\/wp.me\/p7wKYW-g8","jetpack-related-posts":[],"_links":{"self":[{"href":"http:\/\/blogdalucianaoliveira.com.br\/blog\/wp-json\/wp\/v2\/posts\/1000","targetHints":{"allow":["GET"]}}],"collection":[{"href":"http:\/\/blogdalucianaoliveira.com.br\/blog\/wp-json\/wp\/v2\/posts"}],"about":[{"href":"http:\/\/blogdalucianaoliveira.com.br\/blog\/wp-json\/wp\/v2\/types\/post"}],"author":[{"embeddable":true,"href":"http:\/\/blogdalucianaoliveira.com.br\/blog\/wp-json\/wp\/v2\/users\/1"}],"replies":[{"embeddable":true,"href":"http:\/\/blogdalucianaoliveira.com.br\/blog\/wp-json\/wp\/v2\/comments?post=1000"}],"version-history":[{"count":2,"href":"http:\/\/blogdalucianaoliveira.com.br\/blog\/wp-json\/wp\/v2\/posts\/1000\/revisions"}],"predecessor-version":[{"id":1003,"href":"http:\/\/blogdalucianaoliveira.com.br\/blog\/wp-json\/wp\/v2\/posts\/1000\/revisions\/1003"}],"wp:attachment":[{"href":"http:\/\/blogdalucianaoliveira.com.br\/blog\/wp-json\/wp\/v2\/media?parent=1000"}],"wp:term":[{"taxonomy":"category","embeddable":true,"href":"http:\/\/blogdalucianaoliveira.com.br\/blog\/wp-json\/wp\/v2\/categories?post=1000"},{"taxonomy":"post_tag","embeddable":true,"href":"http:\/\/blogdalucianaoliveira.com.br\/blog\/wp-json\/wp\/v2\/tags?post=1000"}],"curies":[{"name":"wp","href":"https:\/\/api.w.org\/{rel}","templated":true}]}}