{"id":10002,"date":"2017-04-18T11:26:47","date_gmt":"2017-04-18T15:26:47","guid":{"rendered":"http:\/\/blogdalucianaoliveira.com.br\/blog\/?p=10002"},"modified":"2017-04-18T11:26:47","modified_gmt":"2017-04-18T15:26:47","slug":"papa-faz-cobranca-a-temer-e-recusa-convite-para-visitar-o-brasil","status":"publish","type":"post","link":"http:\/\/blogdalucianaoliveira.com.br\/blog\/2017\/04\/18\/papa-faz-cobranca-a-temer-e-recusa-convite-para-visitar-o-brasil\/","title":{"rendered":"Papa faz cobran\u00e7a a Temer e recusa convite para visitar o Brasil"},"content":{"rendered":"<p><img data-recalc-dims=\"1\" loading=\"lazy\" decoding=\"async\" data-attachment-id=\"10003\" data-permalink=\"http:\/\/blogdalucianaoliveira.com.br\/blog\/2017\/04\/18\/papa-faz-cobranca-a-temer-e-recusa-convite-para-visitar-o-brasil\/papa-6\/\" data-orig-file=\"https:\/\/i0.wp.com\/blogdalucianaoliveira.com.br\/blog\/wp-content\/uploads\/2017\/04\/papa.jpg?fit=470%2C230\" data-orig-size=\"470,230\" data-comments-opened=\"0\" data-image-meta=\"{&quot;aperture&quot;:&quot;0&quot;,&quot;credit&quot;:&quot;&quot;,&quot;camera&quot;:&quot;&quot;,&quot;caption&quot;:&quot;&quot;,&quot;created_timestamp&quot;:&quot;0&quot;,&quot;copyright&quot;:&quot;&quot;,&quot;focal_length&quot;:&quot;0&quot;,&quot;iso&quot;:&quot;0&quot;,&quot;shutter_speed&quot;:&quot;0&quot;,&quot;title&quot;:&quot;&quot;,&quot;orientation&quot;:&quot;0&quot;}\" data-image-title=\"papa\" data-image-description=\"\" data-image-caption=\"\" data-medium-file=\"https:\/\/i0.wp.com\/blogdalucianaoliveira.com.br\/blog\/wp-content\/uploads\/2017\/04\/papa.jpg?fit=300%2C147\" data-large-file=\"https:\/\/i0.wp.com\/blogdalucianaoliveira.com.br\/blog\/wp-content\/uploads\/2017\/04\/papa.jpg?fit=470%2C230\" src=\"https:\/\/i0.wp.com\/blogdalucianaoliveira.com.br\/blog\/wp-content\/uploads\/2017\/04\/papa.jpg?resize=470%2C230\" alt=\"papa\" width=\"470\" height=\"230\" class=\"alignnone size-full wp-image-10003\" srcset=\"https:\/\/i0.wp.com\/blogdalucianaoliveira.com.br\/blog\/wp-content\/uploads\/2017\/04\/papa.jpg?w=470 470w, https:\/\/i0.wp.com\/blogdalucianaoliveira.com.br\/blog\/wp-content\/uploads\/2017\/04\/papa.jpg?resize=300%2C147 300w\" sizes=\"auto, (max-width: 470px) 100vw, 470px\" \/><\/p>\n<p>JC Online<br \/>\nCom informa\u00e7\u00f5es do Terra<!--more--><\/p>\n<p>Por meio de uma carta, o papa Francisco reivindicou que o presidente Michel Temer evite medidas que dificultem a vida das pessoas mais necessitadas no Brasil. Al\u00e9m do pedido, o Francisco ainda recusou o convite para vir ao pa\u00eds.<\/p>\n<p>O contato foi feito em resposta a uma carta enviada pelo pol\u00edtico ainda em 2016. No comunicado, o pont\u00edfice foi chamado para as homenagens aos 300 anos da apari\u00e7\u00e3o de Nossa Senhora Aparecida, celebrados neste ano.<\/p>\n<p>&#8220;Sei bem que a crise que o pa\u00eds enfrenta n\u00e3o \u00e9 de simples solu\u00e7\u00e3o, uma vez que tem ra\u00edzes s\u00f3cio-pol\u00edtico-econ\u00f4micas, e n\u00e3o corresponde \u00e0 Igreja nem ao Papa dar uma receita concreta para resolver algo t\u00e3o complexo. Por\u00e9m n\u00e3o posso deixar de pensar em tantas pessoas, sobretudo nos mais pobres, que muitas vezes se veem completamente abandonados e costumam ser aqueles que pagam o pre\u00e7o mais amargo e dilacerante de algumas solu\u00e7\u00f5es f\u00e1ceis e superficiais para crises que v\u00e3o muito al\u00e9m da esfera meramente financeira&#8221;, comentou Francisco.<\/p>\n","protected":false},"excerpt":{"rendered":"<p>JC Online Com informa\u00e7\u00f5es do Terra<\/p>\n","protected":false},"author":1,"featured_media":0,"comment_status":"closed","ping_status":"open","sticky":false,"template":"","format":"standard","meta":{"_exactmetrics_skip_tracking":false,"_exactmetrics_sitenote_active":false,"_exactmetrics_sitenote_note":"","_exactmetrics_sitenote_category":0,"jetpack_post_was_ever_published":false,"_jetpack_newsletter_access":"","_jetpack_dont_email_post_to_subs":false,"_jetpack_newsletter_tier_id":0,"_jetpack_memberships_contains_paywalled_content":false,"_jetpack_memberships_contains_paid_content":false,"footnotes":"","jetpack_publicize_message":"","jetpack_publicize_feature_enabled":true,"jetpack_social_post_already_shared":true,"jetpack_social_options":{"image_generator_settings":{"template":"highway","enabled":false},"version":2}},"categories":[1],"tags":[],"class_list":["post-10002","post","type-post","status-publish","format-standard","hentry","category-notas"],"jetpack_publicize_connections":[],"jetpack_sharing_enabled":true,"jetpack_featured_media_url":"","jetpack_shortlink":"https:\/\/wp.me\/p7wKYW-2Bk","jetpack-related-posts":[],"_links":{"self":[{"href":"http:\/\/blogdalucianaoliveira.com.br\/blog\/wp-json\/wp\/v2\/posts\/10002","targetHints":{"allow":["GET"]}}],"collection":[{"href":"http:\/\/blogdalucianaoliveira.com.br\/blog\/wp-json\/wp\/v2\/posts"}],"about":[{"href":"http:\/\/blogdalucianaoliveira.com.br\/blog\/wp-json\/wp\/v2\/types\/post"}],"author":[{"embeddable":true,"href":"http:\/\/blogdalucianaoliveira.com.br\/blog\/wp-json\/wp\/v2\/users\/1"}],"replies":[{"embeddable":true,"href":"http:\/\/blogdalucianaoliveira.com.br\/blog\/wp-json\/wp\/v2\/comments?post=10002"}],"version-history":[{"count":1,"href":"http:\/\/blogdalucianaoliveira.com.br\/blog\/wp-json\/wp\/v2\/posts\/10002\/revisions"}],"predecessor-version":[{"id":10004,"href":"http:\/\/blogdalucianaoliveira.com.br\/blog\/wp-json\/wp\/v2\/posts\/10002\/revisions\/10004"}],"wp:attachment":[{"href":"http:\/\/blogdalucianaoliveira.com.br\/blog\/wp-json\/wp\/v2\/media?parent=10002"}],"wp:term":[{"taxonomy":"category","embeddable":true,"href":"http:\/\/blogdalucianaoliveira.com.br\/blog\/wp-json\/wp\/v2\/categories?post=10002"},{"taxonomy":"post_tag","embeddable":true,"href":"http:\/\/blogdalucianaoliveira.com.br\/blog\/wp-json\/wp\/v2\/tags?post=10002"}],"curies":[{"name":"wp","href":"https:\/\/api.w.org\/{rel}","templated":true}]}}