{"id":10018,"date":"2017-04-19T08:54:11","date_gmt":"2017-04-19T12:54:11","guid":{"rendered":"http:\/\/blogdalucianaoliveira.com.br\/blog\/?p=10018"},"modified":"2017-04-19T08:54:11","modified_gmt":"2017-04-19T12:54:11","slug":"falta-uma-disciplina-na-base-nacional-comum-curricular-a-democracia-diz-santayana","status":"publish","type":"post","link":"http:\/\/blogdalucianaoliveira.com.br\/blog\/2017\/04\/19\/falta-uma-disciplina-na-base-nacional-comum-curricular-a-democracia-diz-santayana\/","title":{"rendered":"FALTA UMA DISCIPLINA NA BASE NACIONAL COMUM CURRICULAR: A DEMOCRACIA, DIZ SANTAYANA"},"content":{"rendered":"<p><img data-recalc-dims=\"1\" loading=\"lazy\" decoding=\"async\" data-attachment-id=\"10019\" data-permalink=\"http:\/\/blogdalucianaoliveira.com.br\/blog\/2017\/04\/19\/falta-uma-disciplina-na-base-nacional-comum-curricular-a-democracia-diz-santayana\/demo\/\" data-orig-file=\"https:\/\/i0.wp.com\/blogdalucianaoliveira.com.br\/blog\/wp-content\/uploads\/2017\/04\/demo.jpg?fit=1000%2C357\" data-orig-size=\"1000,357\" data-comments-opened=\"0\" data-image-meta=\"{&quot;aperture&quot;:&quot;0&quot;,&quot;credit&quot;:&quot;&quot;,&quot;camera&quot;:&quot;&quot;,&quot;caption&quot;:&quot;&quot;,&quot;created_timestamp&quot;:&quot;0&quot;,&quot;copyright&quot;:&quot;&quot;,&quot;focal_length&quot;:&quot;0&quot;,&quot;iso&quot;:&quot;0&quot;,&quot;shutter_speed&quot;:&quot;0&quot;,&quot;title&quot;:&quot;&quot;,&quot;orientation&quot;:&quot;0&quot;}\" data-image-title=\"demo\" data-image-description=\"\" data-image-caption=\"\" data-medium-file=\"https:\/\/i0.wp.com\/blogdalucianaoliveira.com.br\/blog\/wp-content\/uploads\/2017\/04\/demo.jpg?fit=300%2C107\" data-large-file=\"https:\/\/i0.wp.com\/blogdalucianaoliveira.com.br\/blog\/wp-content\/uploads\/2017\/04\/demo.jpg?fit=600%2C214\" src=\"https:\/\/i0.wp.com\/blogdalucianaoliveira.com.br\/blog\/wp-content\/uploads\/2017\/04\/demo.jpg?resize=600%2C214\" alt=\"demo\" width=\"600\" height=\"214\" class=\"alignnone size-full wp-image-10019\" srcset=\"https:\/\/i0.wp.com\/blogdalucianaoliveira.com.br\/blog\/wp-content\/uploads\/2017\/04\/demo.jpg?w=1000 1000w, https:\/\/i0.wp.com\/blogdalucianaoliveira.com.br\/blog\/wp-content\/uploads\/2017\/04\/demo.jpg?resize=300%2C107 300w, https:\/\/i0.wp.com\/blogdalucianaoliveira.com.br\/blog\/wp-content\/uploads\/2017\/04\/demo.jpg?resize=768%2C274 768w, https:\/\/i0.wp.com\/blogdalucianaoliveira.com.br\/blog\/wp-content\/uploads\/2017\/04\/demo.jpg?resize=800%2C286 800w\" sizes=\"auto, (max-width: 600px) 100vw, 600px\" \/><\/p>\n<p>Duas vereadoras paulistanas tiveram seus n\u00fameros de telefone celular divulgados e est\u00e3o sendo alvo de uma campanha fascista de press\u00e3o, com insultos e mensagens em massa, por n\u00e3o apoiarem as teses do tal &#8220;Escola sem Partido&#8221;.<!--more--><\/p>\n<p>Pelo comportamento daqueles que as est\u00e3o insultando, pela t\u00e1tica de press\u00e3o covarde e an\u00f4nima adotada, pela covardia de quem divulgou seus n\u00fameros de telefones celulares, d\u00e1 para adivinhar o partido, n\u00e3o oficial, nem declarado, que est\u00e1 por tr\u00e1s dos ataques: o do fascismo.<\/p>\n<p>Enquanto isso, outro vereador paulistano resolveu dar uma de D\u00f3ria &#8211; a quem apoiou nas elei\u00e7\u00f5es &#8211; ou seria de J\u00e2nio Quadros? &#8211; e decidiu invadir e fiscalizar pessoalmente escolas p\u00fablicas, para verificar o conte\u00fado das aulas e pressionar professores, no contexto do mesmo &#8220;movimento&#8221;, descaradamente partid\u00e1rio e ideol\u00f3gico &#8211; o de impedir &#8211; fazendo exatamente o que condena- uma suposta &#8220;politiza\u00e7\u00e3o&#8221; do ensino.<\/p>\n<p>Tudo isso ocorre no mesmo momento em que o MEC encaminha, ao Conselho Nacional de Educa\u00e7\u00e3o, a proposta da nova Base Nacional Comum Curricular, que contempla 10 diferentes &#8220;compet\u00eancias&#8221; que devem ser buscadas na forma\u00e7\u00e3o dos alunos, nenhuma delas explicitamente voltada para sanar o maior d\u00e9ficit do sistema educacional brasileiro: o da forma\u00e7\u00e3o pol\u00edtica e cidad\u00e3 da nossa gente.<\/p>\n<p>N\u00e3o tendo a menor ideia do que est\u00e1 escrito na Constitui\u00e7\u00e3o, do equil\u00edbrio institucional e democr\u00e1tico que deveria reger o conv\u00edvio em sociedade, tanto de cidad\u00e3os como de segmentos sociais; do funcionamento de nosso sistema pol\u00edtico; do papel de cada um dos Tr\u00eas Poderes; dos limites e atribui\u00e7\u00f5es dos agentes do Estado; do que \u00e9 o Estado de Direito; dos direitos e deveres individuais; as crian\u00e7as brasileiras n\u00e3o podem se situar no contexto da Na\u00e7\u00e3o, da sociedade e da Rep\u00fablica, nem aprender a votar com consci\u00eancia, porque n\u00e3o sabem sequer para que serve o Congresso, qual o papel dos vereadores, prefeitos, deputados, senadores, e como funciona &#8211; como se pode ver pelos mitos que cercam a utiliza\u00e7\u00e3o das urnas eletr\u00f4nicas &#8211; o sistema eleitoral vigente.<\/p>\n<p>Caso j\u00e1 houvesse esse tipo de ensino, h\u00e1 alguns anos, as bestas quadradas que est\u00e3o por tr\u00e1s da campanha do Escola sem Partido teriam aprendido na escola que a educa\u00e7\u00e3o \u00e9 um direito democr\u00e1tico, que deveria possibilitar \u00e0s escolas e professores &#8211; ao contr\u00e1rio do que existe hoje, principalmente nas escolas particulares, com a dissemina\u00e7\u00e3o apenas do discurso \u00fanico direitista &#8211; estabelecer livremente a abordagem que pretendem dar \u00e0 forma\u00e7\u00e3o de seus alunos e estimular o debate como m\u00e9todo de desenvolvimento pol\u00edtico do cidad\u00e3o.<\/p>\n<p>Entre os equ\u00f3vocos dos setores populares e nacionalistas, nos \u00faltimos 15 anos, est\u00e1 o fato de n\u00e3o terem estabelecido, para a popula\u00e7\u00e3o, uma op\u00e7\u00e3o ao padr\u00e3o pol\u00edtico-educacional imperante, aprovando a obrigatoridade do ensino da Constitui\u00e7\u00e3o Federal no ensino p\u00fablico, ou, no m\u00ednimo, estimulando a cria\u00e7\u00e3o de dezenas, centenas de cooperativas de ensino, em todo o pa\u00eds, que pudessem dar a seus filhos a possibilidade de ter acesso a uma narrativa alternativa \u00e0 estabelecida pela midiotiza\u00e7\u00e3o imposta majoriariamente no Brasil pelos grandes ve\u00edculos de comunica\u00e7\u00e3o.<\/p>\n<p>A Democracia estabelece-se pela diversidade, e n\u00e3o apenas pela diversidade de g\u00eanero, de origem \u00e9tnica e cultural, de comportamento, mas, sobretudo, pela diversidade de pensamento POL\u00cdTICO.<\/p>\n<p>Pelo direito que as pessoas devem ter de ter acesso a diferentes informa\u00e7\u00f5es e vis\u00f5es de mundo e de aprender, por meio delas, a pensar, a analisar as diferentes abordagens que est\u00e3o \u00e0 sua frente, e estabelecer com total liberdade, inclu\u00edda a do debate, o seu caminho na vida e a uma pr\u00e1tica de cidadania plena.<\/p>\n<p>Hoje, os filhos e netos daqueles que n\u00e3o se alinham com o pensamento \u00fanico dominante sabem o que est\u00e3o passando na maioria das escolas, e, principalmente nas particulares, em que o &#8220;partido&#8221; e a &#8220;filosofia&#8221;, determinante e majorit\u00e1ria, s\u00e3o o consumismo e o preconceito, a busca superficial do dinheiro e do &#8220;sucesso&#8221; como principal objetivo na vida &#8211; que deve incluir numerosas idas \u00e0 Disney e a Miami como ritual de passagem para a adolesc\u00eancia e a idade adulta &#8211; a manipula\u00e7\u00e3o midi\u00e1tica, a vira-latice com rela\u00e7\u00e3o aos estrangeiros, a ignor\u00e2ncia pol\u00edtica, e a sua filha dileta, a &#8220;antipol\u00edtica&#8221;, a desinforma\u00e7\u00e3o e o fascismo.<\/p>\n<p>Em uma situa\u00e7\u00e3o como essa, agora piorada com a possibilidade de um professor ou de uma escola serem acusados de comunismo, caso se afastem do que \u00e9 imposto pelo &#8220;estado de direita&#8221; em que vivemos cotidianamente, as escolas privadas &#8211; e as p\u00fablicas, patrulhadas por malucos, como est\u00e1 ocorrendo na cidade de S\u00e3o Paulo &#8211; n\u00e3o ousam se arriscar a sair, nem por um mil\u00edmetro, do figurino.<\/p>\n<p>Nesse quadro, para al\u00e9m &#8211; salvo poucas e honrosas exce\u00e7\u00f5es &#8211; do universo muitas vezes engessado e reprimido do ensino p\u00fablico, a sa\u00edda para preservar o bolso dos pais, um sal\u00e1rio mais alto para os professores, uma melhor forma\u00e7\u00e3o para os alunos, bolsas para crian\u00e7as carentes e liberdade para todos, pode, para resolver pelo menos em parte o problema, o associativissmo e o cooperativismo de ensino.<\/p>\n<p>Que tal pensar no assunto?<\/p>\n","protected":false},"excerpt":{"rendered":"<p>Duas vereadoras paulistanas tiveram seus n\u00fameros de telefone celular divulgados e est\u00e3o sendo alvo de uma campanha fascista de press\u00e3o, com insultos e mensagens em massa, por n\u00e3o apoiarem as teses do tal &#8220;Escola sem Partido&#8221;.<\/p>\n","protected":false},"author":1,"featured_media":0,"comment_status":"closed","ping_status":"open","sticky":false,"template":"","format":"standard","meta":{"_exactmetrics_skip_tracking":false,"_exactmetrics_sitenote_active":false,"_exactmetrics_sitenote_note":"","_exactmetrics_sitenote_category":0,"jetpack_post_was_ever_published":false,"_jetpack_newsletter_access":"","_jetpack_dont_email_post_to_subs":false,"_jetpack_newsletter_tier_id":0,"_jetpack_memberships_contains_paywalled_content":false,"_jetpack_memberships_contains_paid_content":false,"footnotes":"","jetpack_publicize_message":"","jetpack_publicize_feature_enabled":true,"jetpack_social_post_already_shared":true,"jetpack_social_options":{"image_generator_settings":{"template":"highway","enabled":false},"version":2}},"categories":[1],"tags":[],"class_list":["post-10018","post","type-post","status-publish","format-standard","hentry","category-notas"],"jetpack_publicize_connections":[],"jetpack_sharing_enabled":true,"jetpack_featured_media_url":"","jetpack_shortlink":"https:\/\/wp.me\/p7wKYW-2BA","jetpack-related-posts":[],"_links":{"self":[{"href":"http:\/\/blogdalucianaoliveira.com.br\/blog\/wp-json\/wp\/v2\/posts\/10018","targetHints":{"allow":["GET"]}}],"collection":[{"href":"http:\/\/blogdalucianaoliveira.com.br\/blog\/wp-json\/wp\/v2\/posts"}],"about":[{"href":"http:\/\/blogdalucianaoliveira.com.br\/blog\/wp-json\/wp\/v2\/types\/post"}],"author":[{"embeddable":true,"href":"http:\/\/blogdalucianaoliveira.com.br\/blog\/wp-json\/wp\/v2\/users\/1"}],"replies":[{"embeddable":true,"href":"http:\/\/blogdalucianaoliveira.com.br\/blog\/wp-json\/wp\/v2\/comments?post=10018"}],"version-history":[{"count":1,"href":"http:\/\/blogdalucianaoliveira.com.br\/blog\/wp-json\/wp\/v2\/posts\/10018\/revisions"}],"predecessor-version":[{"id":10020,"href":"http:\/\/blogdalucianaoliveira.com.br\/blog\/wp-json\/wp\/v2\/posts\/10018\/revisions\/10020"}],"wp:attachment":[{"href":"http:\/\/blogdalucianaoliveira.com.br\/blog\/wp-json\/wp\/v2\/media?parent=10018"}],"wp:term":[{"taxonomy":"category","embeddable":true,"href":"http:\/\/blogdalucianaoliveira.com.br\/blog\/wp-json\/wp\/v2\/categories?post=10018"},{"taxonomy":"post_tag","embeddable":true,"href":"http:\/\/blogdalucianaoliveira.com.br\/blog\/wp-json\/wp\/v2\/tags?post=10018"}],"curies":[{"name":"wp","href":"https:\/\/api.w.org\/{rel}","templated":true}]}}