{"id":10024,"date":"2017-04-19T09:58:03","date_gmt":"2017-04-19T13:58:03","guid":{"rendered":"http:\/\/blogdalucianaoliveira.com.br\/blog\/?p=10024"},"modified":"2017-04-19T09:58:03","modified_gmt":"2017-04-19T13:58:03","slug":"prefeitura-de-hildon-tambem-nao-realizara-desfile-de-escolas-de-samba","status":"publish","type":"post","link":"http:\/\/blogdalucianaoliveira.com.br\/blog\/2017\/04\/19\/prefeitura-de-hildon-tambem-nao-realizara-desfile-de-escolas-de-samba\/","title":{"rendered":"PREFEITURA DE HILDON, TAMB\u00c9M, N\u00c3O REALIZAR\u00c1 DESFILE DE ESCOLAS DE SAMBA"},"content":{"rendered":"<p><img data-recalc-dims=\"1\" loading=\"lazy\" decoding=\"async\" data-attachment-id=\"10025\" data-permalink=\"http:\/\/blogdalucianaoliveira.com.br\/blog\/2017\/04\/19\/prefeitura-de-hildon-tambem-nao-realizara-desfile-de-escolas-de-samba\/asfaltao\/\" data-orig-file=\"https:\/\/i0.wp.com\/blogdalucianaoliveira.com.br\/blog\/wp-content\/uploads\/2017\/04\/asfaltao.jpg?fit=300%2C225\" data-orig-size=\"300,225\" data-comments-opened=\"0\" data-image-meta=\"{&quot;aperture&quot;:&quot;0&quot;,&quot;credit&quot;:&quot;&quot;,&quot;camera&quot;:&quot;&quot;,&quot;caption&quot;:&quot;&quot;,&quot;created_timestamp&quot;:&quot;0&quot;,&quot;copyright&quot;:&quot;&quot;,&quot;focal_length&quot;:&quot;0&quot;,&quot;iso&quot;:&quot;0&quot;,&quot;shutter_speed&quot;:&quot;0&quot;,&quot;title&quot;:&quot;&quot;,&quot;orientation&quot;:&quot;0&quot;}\" data-image-title=\"asfaltao\" data-image-description=\"\" data-image-caption=\"\" data-medium-file=\"https:\/\/i0.wp.com\/blogdalucianaoliveira.com.br\/blog\/wp-content\/uploads\/2017\/04\/asfaltao.jpg?fit=300%2C225\" data-large-file=\"https:\/\/i0.wp.com\/blogdalucianaoliveira.com.br\/blog\/wp-content\/uploads\/2017\/04\/asfaltao.jpg?fit=300%2C225\" src=\"https:\/\/i0.wp.com\/blogdalucianaoliveira.com.br\/blog\/wp-content\/uploads\/2017\/04\/asfaltao.jpg?resize=300%2C225\" alt=\"asfaltao\" width=\"300\" height=\"225\" class=\"alignnone size-full wp-image-10025\" \/><\/p>\n<p>O que a prefeitura tucana quer incentivando agremia\u00e7\u00f5es carnavalescas \u00e0 realiza\u00e7\u00e3o de eventos o ano todo e \u00e0 busca por apoio da iniciativa privada?<!--more--><\/p>\n<p>Ensinar a pescar e n\u00e3o dar o peixe?<\/p>\n<p>N\u00e3o! Quer se livrar da obriga\u00e7\u00e3o de promover a cultura popular.<\/p>\n<p>Me admira muito o secret\u00e1rio dizer que as agremia\u00e7\u00f5es carnavalescas devem se mexer para angariar recursos. \u00c9 facinho n\u00e9?<\/p>\n<p>A Asfalt\u00e3o faz isso, o ano todo. E o secret\u00e1rio sabe disso.<\/p>\n<p>Mas, faz porque a escola cresceu junto com a sua comunidade. Nem todas podem fazer o mesmo. Alimenta\u00e7\u00e3o de barrac\u00f5es, estrutura pra ensaios, tudo \u00e9 feito com dinheiro arrecadado. Teve um baile da Asfalt\u00e3o h\u00e1 uma semana e j\u00e1 tem outro programado. Isso, sem falar na oficina de percuss\u00e3o gratuita que presta um relevante papel social.<\/p>\n<p>Querem ensinar as escolas de samba a sobreviver? \u00c9 pra rir n\u00e9? De resistir ao descaso do poder p\u00fablico, sabem bem.<\/p>\n<p>\u201cA ideia \u00e9 fazer com que essas agremia\u00e7\u00f5es carnavalescas se movimentem o ano todo para angariar fundos e n\u00e3o ficar exclusivamente dependendo do repasse de verba do poder p\u00fablico. \u00c9 preciso sair do comodismo que se vive hoje no meio cultural, tanto em rela\u00e7\u00e3o as entidades, como tamb\u00e9m \u00e0 pr\u00f3pria Funcultural. Queremos fazer do nosso carnaval uma atra\u00e7\u00e3o tur\u00edstica, ent\u00e3o temos que nos mover nesse sentido e fazer com que as escolas tenham vida pr\u00f3pria\u201d, afirmou.<\/p>\n<p>Ent\u00e3o, deixa ver se entendi. As agremia\u00e7\u00f5es v\u00e3o se virar pra realizar eventos o ano todo, mendigar apoio privado, juntar o arrecadado com o patroc\u00ednio e na hora da festa, a prefeitura fornece uns banheiros qu\u00edmicos, mela a pista com piche, uma capinada no local e p\u00e1, fatura a promo\u00e7\u00e3o do desfile.<\/p>\n<p>O prefeito Hildon de Porto Velho imitando o D\u00f3ria de S\u00e3o Paulo, com as parcerias-p\u00fablico-privadas que j\u00e1 profetizei, logo, se revelar\u00e3o suspeitas. \u00c9 uma impress\u00e3o minha, de que empres\u00e1rios v\u00e3o &#8216;ajudar&#8217; o poder p\u00fablico com o mesmo \u00e2nimo do Em\u00edlio Odebrecht.<\/p>\n<p>Se a Funda\u00e7\u00e3o n\u00e3o d\u00e1 conta de fazer cultura, que seja extinta!<\/p>\n<p>Afinal, com as agremia\u00e7\u00f5es se virando pra &#8220;sair do comodismo&#8221;, o que esse povo da Funcultural vai fazer o ano todo? O que fazem al\u00e9m de planejar estupidezes como adequar o carnaval de blocos ao de Salvador?<\/p>\n<p>A Funda\u00e7\u00e3o Cultural que j\u00e1 teve outro nome, em que pese as cr\u00edticas que fiz aos governos de Roberto Sobrinho, foi extremamente importante da revitaliza\u00e7\u00e3o da cena cultural da capital.<\/p>\n<p>Era quase un\u00e2nime a aprova\u00e7\u00e3o aos avan\u00e7os promovidos na \u00e1rea da cultura.<br \/>\nCom Mauro, n\u00e3o foi 100% por conta da dan\u00e7a de cadeira na pasta, mas tinha uma turma boa que se comunicava com a ess\u00eancia da cultura popular.<\/p>\n<p>No governo tucano, apesar de ter amigos l\u00e1 que conhecem nossas tradi\u00e7\u00f5es, n\u00e3o vejo nada feito com paix\u00e3o.<\/p>\n<p>Cultura \u00e9 dever do executivo. Saiam do comodismo<\/p>\n","protected":false},"excerpt":{"rendered":"<p>O que a prefeitura tucana quer incentivando agremia\u00e7\u00f5es carnavalescas \u00e0 realiza\u00e7\u00e3o de eventos o ano todo e \u00e0 busca por apoio da iniciativa privada?<\/p>\n","protected":false},"author":1,"featured_media":0,"comment_status":"closed","ping_status":"open","sticky":false,"template":"","format":"standard","meta":{"_exactmetrics_skip_tracking":false,"_exactmetrics_sitenote_active":false,"_exactmetrics_sitenote_note":"","_exactmetrics_sitenote_category":0,"jetpack_post_was_ever_published":false,"_jetpack_newsletter_access":"","_jetpack_dont_email_post_to_subs":false,"_jetpack_newsletter_tier_id":0,"_jetpack_memberships_contains_paywalled_content":false,"_jetpack_memberships_contains_paid_content":false,"footnotes":"","jetpack_publicize_message":"","jetpack_publicize_feature_enabled":true,"jetpack_social_post_already_shared":true,"jetpack_social_options":{"image_generator_settings":{"template":"highway","enabled":false},"version":2}},"categories":[1],"tags":[],"class_list":["post-10024","post","type-post","status-publish","format-standard","hentry","category-notas"],"jetpack_publicize_connections":[],"jetpack_sharing_enabled":true,"jetpack_featured_media_url":"","jetpack_shortlink":"https:\/\/wp.me\/p7wKYW-2BG","jetpack-related-posts":[],"_links":{"self":[{"href":"http:\/\/blogdalucianaoliveira.com.br\/blog\/wp-json\/wp\/v2\/posts\/10024","targetHints":{"allow":["GET"]}}],"collection":[{"href":"http:\/\/blogdalucianaoliveira.com.br\/blog\/wp-json\/wp\/v2\/posts"}],"about":[{"href":"http:\/\/blogdalucianaoliveira.com.br\/blog\/wp-json\/wp\/v2\/types\/post"}],"author":[{"embeddable":true,"href":"http:\/\/blogdalucianaoliveira.com.br\/blog\/wp-json\/wp\/v2\/users\/1"}],"replies":[{"embeddable":true,"href":"http:\/\/blogdalucianaoliveira.com.br\/blog\/wp-json\/wp\/v2\/comments?post=10024"}],"version-history":[{"count":1,"href":"http:\/\/blogdalucianaoliveira.com.br\/blog\/wp-json\/wp\/v2\/posts\/10024\/revisions"}],"predecessor-version":[{"id":10026,"href":"http:\/\/blogdalucianaoliveira.com.br\/blog\/wp-json\/wp\/v2\/posts\/10024\/revisions\/10026"}],"wp:attachment":[{"href":"http:\/\/blogdalucianaoliveira.com.br\/blog\/wp-json\/wp\/v2\/media?parent=10024"}],"wp:term":[{"taxonomy":"category","embeddable":true,"href":"http:\/\/blogdalucianaoliveira.com.br\/blog\/wp-json\/wp\/v2\/categories?post=10024"},{"taxonomy":"post_tag","embeddable":true,"href":"http:\/\/blogdalucianaoliveira.com.br\/blog\/wp-json\/wp\/v2\/tags?post=10024"}],"curies":[{"name":"wp","href":"https:\/\/api.w.org\/{rel}","templated":true}]}}