{"id":10035,"date":"2017-04-19T11:27:44","date_gmt":"2017-04-19T15:27:44","guid":{"rendered":"http:\/\/blogdalucianaoliveira.com.br\/blog\/?p=10035"},"modified":"2017-04-19T11:27:44","modified_gmt":"2017-04-19T15:27:44","slug":"espia-em-vilhena-o-vice-tambem-e-decorativo","status":"publish","type":"post","link":"http:\/\/blogdalucianaoliveira.com.br\/blog\/2017\/04\/19\/espia-em-vilhena-o-vice-tambem-e-decorativo\/","title":{"rendered":"Espia! Em Vilhena o vice tamb\u00e9m \u00e9 decorativo"},"content":{"rendered":"<p><img data-recalc-dims=\"1\" loading=\"lazy\" decoding=\"async\" data-attachment-id=\"10036\" data-permalink=\"http:\/\/blogdalucianaoliveira.com.br\/blog\/2017\/04\/19\/espia-em-vilhena-o-vice-tambem-e-decorativo\/thumb\/\" data-orig-file=\"https:\/\/i0.wp.com\/blogdalucianaoliveira.com.br\/blog\/wp-content\/uploads\/2017\/04\/thumb.jpg?fit=400%2C350\" data-orig-size=\"400,350\" data-comments-opened=\"0\" data-image-meta=\"{&quot;aperture&quot;:&quot;0&quot;,&quot;credit&quot;:&quot;&quot;,&quot;camera&quot;:&quot;&quot;,&quot;caption&quot;:&quot;&quot;,&quot;created_timestamp&quot;:&quot;0&quot;,&quot;copyright&quot;:&quot;&quot;,&quot;focal_length&quot;:&quot;0&quot;,&quot;iso&quot;:&quot;0&quot;,&quot;shutter_speed&quot;:&quot;0&quot;,&quot;title&quot;:&quot;&quot;,&quot;orientation&quot;:&quot;0&quot;}\" data-image-title=\"thumb\" data-image-description=\"\" data-image-caption=\"\" data-medium-file=\"https:\/\/i0.wp.com\/blogdalucianaoliveira.com.br\/blog\/wp-content\/uploads\/2017\/04\/thumb.jpg?fit=300%2C263\" data-large-file=\"https:\/\/i0.wp.com\/blogdalucianaoliveira.com.br\/blog\/wp-content\/uploads\/2017\/04\/thumb.jpg?fit=400%2C350\" src=\"https:\/\/i0.wp.com\/blogdalucianaoliveira.com.br\/blog\/wp-content\/uploads\/2017\/04\/thumb.jpg?resize=400%2C350\" alt=\"thumb\" width=\"400\" height=\"350\" class=\"alignnone size-full wp-image-10036\" srcset=\"https:\/\/i0.wp.com\/blogdalucianaoliveira.com.br\/blog\/wp-content\/uploads\/2017\/04\/thumb.jpg?w=400 400w, https:\/\/i0.wp.com\/blogdalucianaoliveira.com.br\/blog\/wp-content\/uploads\/2017\/04\/thumb.jpg?resize=300%2C263 300w, https:\/\/i0.wp.com\/blogdalucianaoliveira.com.br\/blog\/wp-content\/uploads\/2017\/04\/thumb.jpg?resize=343%2C300 343w\" sizes=\"auto, (max-width: 400px) 100vw, 400px\" \/><\/p>\n<p>Em viagem, prefeita de Vilhena ignora vice e manda concunhada represent\u00e1-la em evento <!--more--><\/p>\n<p>Disputa pol\u00edtica em 2018 estaria por tr\u00e1s de fritura<\/p>\n<p>Pode ter sido apenas descuido dos organizadores do evento, mas o fato \u00e9 que pegou mal e j\u00e1 come\u00e7a a render especula\u00e7\u00f5es na cidade: participando de uma cerim\u00f4nia referente ao Dia do Ex\u00e9rcito, no Tiro de Guerra de Vilhena, na manh\u00e3 desta quarta-feira, 19, o vice-prefeito Darci Cerutti (DEM) foi menosprezado.<\/p>\n<p>Em viagem junto com o marido, supostamente para a realiza\u00e7\u00e3o de exames m\u00e9dicos, a prefeita Rosani Donadon (PMDB), foi representada no evento pela chefe de gabinete, Ros\u00e2ngela Alevato, que tamb\u00e9m \u00e9 sua concunhada. Enquanto Darci ficava em segundo plano, junto com os outros secret\u00e1rios convidados, Ros\u00e2ngela ocupava posi\u00e7\u00e3o de destaque na solenidade.<\/p>\n<p>As especula\u00e7\u00f5es sobre a aparente fritura do vice, segundo as conversas  que j\u00e1 come\u00e7aram a povoar os bastidores da pol\u00edtica local, apontam que a a\u00e7\u00e3o tem como objetivo enfraquecer Cerutti, cotado como candidato a deputado federal em 2018. O problema \u00e9 que o ex-prefeito Melki Donadon (PTB) tamb\u00e9m estaria interessado em disputar o mesmo cargo.<\/p>\n<p>O FOLHA DO SUL ON LINE se coloca \u00e0 disposi\u00e7\u00e3o do vice, da assessoria prefeita ou de seu marido, caso algum deles deseje se manifestar sobre o epis\u00f3dio.<\/p>\n","protected":false},"excerpt":{"rendered":"<p>Em viagem, prefeita de Vilhena ignora vice e manda concunhada represent\u00e1-la em evento<\/p>\n","protected":false},"author":1,"featured_media":0,"comment_status":"closed","ping_status":"open","sticky":false,"template":"","format":"standard","meta":{"_exactmetrics_skip_tracking":false,"_exactmetrics_sitenote_active":false,"_exactmetrics_sitenote_note":"","_exactmetrics_sitenote_category":0,"jetpack_post_was_ever_published":false,"_jetpack_newsletter_access":"","_jetpack_dont_email_post_to_subs":false,"_jetpack_newsletter_tier_id":0,"_jetpack_memberships_contains_paywalled_content":false,"_jetpack_memberships_contains_paid_content":false,"footnotes":"","jetpack_publicize_message":"","jetpack_publicize_feature_enabled":true,"jetpack_social_post_already_shared":true,"jetpack_social_options":{"image_generator_settings":{"template":"highway","enabled":false},"version":2}},"categories":[1],"tags":[],"class_list":["post-10035","post","type-post","status-publish","format-standard","hentry","category-notas"],"jetpack_publicize_connections":[],"jetpack_sharing_enabled":true,"jetpack_featured_media_url":"","jetpack_shortlink":"https:\/\/wp.me\/p7wKYW-2BR","jetpack-related-posts":[],"_links":{"self":[{"href":"http:\/\/blogdalucianaoliveira.com.br\/blog\/wp-json\/wp\/v2\/posts\/10035","targetHints":{"allow":["GET"]}}],"collection":[{"href":"http:\/\/blogdalucianaoliveira.com.br\/blog\/wp-json\/wp\/v2\/posts"}],"about":[{"href":"http:\/\/blogdalucianaoliveira.com.br\/blog\/wp-json\/wp\/v2\/types\/post"}],"author":[{"embeddable":true,"href":"http:\/\/blogdalucianaoliveira.com.br\/blog\/wp-json\/wp\/v2\/users\/1"}],"replies":[{"embeddable":true,"href":"http:\/\/blogdalucianaoliveira.com.br\/blog\/wp-json\/wp\/v2\/comments?post=10035"}],"version-history":[{"count":1,"href":"http:\/\/blogdalucianaoliveira.com.br\/blog\/wp-json\/wp\/v2\/posts\/10035\/revisions"}],"predecessor-version":[{"id":10037,"href":"http:\/\/blogdalucianaoliveira.com.br\/blog\/wp-json\/wp\/v2\/posts\/10035\/revisions\/10037"}],"wp:attachment":[{"href":"http:\/\/blogdalucianaoliveira.com.br\/blog\/wp-json\/wp\/v2\/media?parent=10035"}],"wp:term":[{"taxonomy":"category","embeddable":true,"href":"http:\/\/blogdalucianaoliveira.com.br\/blog\/wp-json\/wp\/v2\/categories?post=10035"},{"taxonomy":"post_tag","embeddable":true,"href":"http:\/\/blogdalucianaoliveira.com.br\/blog\/wp-json\/wp\/v2\/tags?post=10035"}],"curies":[{"name":"wp","href":"https:\/\/api.w.org\/{rel}","templated":true}]}}