{"id":10038,"date":"2017-04-20T11:52:38","date_gmt":"2017-04-20T15:52:38","guid":{"rendered":"http:\/\/blogdalucianaoliveira.com.br\/blog\/?p=10038"},"modified":"2017-04-20T15:21:11","modified_gmt":"2017-04-20T19:21:11","slug":"sobre-lula-o-pt-a-esquerda-e-a-escolha-no-futuro","status":"publish","type":"post","link":"http:\/\/blogdalucianaoliveira.com.br\/blog\/2017\/04\/20\/sobre-lula-o-pt-a-esquerda-e-a-escolha-no-futuro\/","title":{"rendered":"Sobre Lula, o PT, a esquerda e a escolha no futuro"},"content":{"rendered":"<p><img data-recalc-dims=\"1\" loading=\"lazy\" decoding=\"async\" data-attachment-id=\"10040\" data-permalink=\"http:\/\/blogdalucianaoliveira.com.br\/blog\/2017\/04\/20\/sobre-lula-o-pt-a-esquerda-e-a-escolha-no-futuro\/direita-e-esquerda\/\" data-orig-file=\"https:\/\/i0.wp.com\/blogdalucianaoliveira.com.br\/blog\/wp-content\/uploads\/2017\/04\/Direita-e-Esquerda.jpg?fit=640%2C474\" data-orig-size=\"640,474\" data-comments-opened=\"0\" data-image-meta=\"{&quot;aperture&quot;:&quot;0&quot;,&quot;credit&quot;:&quot;&quot;,&quot;camera&quot;:&quot;&quot;,&quot;caption&quot;:&quot;&quot;,&quot;created_timestamp&quot;:&quot;0&quot;,&quot;copyright&quot;:&quot;&quot;,&quot;focal_length&quot;:&quot;0&quot;,&quot;iso&quot;:&quot;0&quot;,&quot;shutter_speed&quot;:&quot;0&quot;,&quot;title&quot;:&quot;&quot;,&quot;orientation&quot;:&quot;0&quot;}\" data-image-title=\"Direita-e-Esquerda\" data-image-description=\"\" data-image-caption=\"\" data-medium-file=\"https:\/\/i0.wp.com\/blogdalucianaoliveira.com.br\/blog\/wp-content\/uploads\/2017\/04\/Direita-e-Esquerda.jpg?fit=300%2C222\" data-large-file=\"https:\/\/i0.wp.com\/blogdalucianaoliveira.com.br\/blog\/wp-content\/uploads\/2017\/04\/Direita-e-Esquerda.jpg?fit=600%2C444\" src=\"https:\/\/i0.wp.com\/blogdalucianaoliveira.com.br\/blog\/wp-content\/uploads\/2017\/04\/Direita-e-Esquerda.jpg?resize=600%2C444\" alt=\"Direita-e-Esquerda\" width=\"600\" height=\"444\" class=\"alignnone size-full wp-image-10040\" srcset=\"https:\/\/i0.wp.com\/blogdalucianaoliveira.com.br\/blog\/wp-content\/uploads\/2017\/04\/Direita-e-Esquerda.jpg?w=640 640w, https:\/\/i0.wp.com\/blogdalucianaoliveira.com.br\/blog\/wp-content\/uploads\/2017\/04\/Direita-e-Esquerda.jpg?resize=300%2C222 300w, https:\/\/i0.wp.com\/blogdalucianaoliveira.com.br\/blog\/wp-content\/uploads\/2017\/04\/Direita-e-Esquerda.jpg?resize=405%2C300 405w\" sizes=\"auto, (max-width: 600px) 100vw, 600px\" \/><\/p>\n<p>\u00c9 mais quem me cobra posicionamento sobre os esc\u00e2ndalos que envolvem v\u00e1rios filiados ao Partido dos Trabalhadores, sobretudo o ex-presidente Lula.<br \/>\nO que penso hoje, naturalmente, pode mudar amanh\u00e3 em fun\u00e7\u00e3o do movimento e da for\u00e7a dos fatos. A constru\u00e7\u00e3o do racioc\u00ednio, portanto, vem da rela\u00e7\u00e3o entre os eventos at\u00e9 aqui.<!--more--><\/p>\n<p>Minha aproxima\u00e7\u00e3o com o PT nasceu h\u00e1 mais de duas d\u00e9cadas, quando um dos fundadores do partido em Rond\u00f4nia se tornou meu vizinho, o Odair Cordeiro, depois meu chefe, depois com quem me estranhei. Partiu sem meu agradecimento pelo que usufrui de bom de seus ensinamentos.<br \/>\nO desgosto que tive com pessoas e com o governo petista na capital logo no primeiro mandato, me fez raciocinar da barriga pra baixo, puramente com paix\u00e3o.<\/p>\n<p>Destaco isso para mostrar que senti l\u00e1 atr\u00e1s, a frustra\u00e7\u00e3o com o discurso moralizador que muitos reclamaram s\u00f3 a partir dos primeiros esc\u00e2ndalos de corrup\u00e7\u00e3o envolvendo petistas em n\u00edvel nacional. Nunca fui filiada a nenhum partido, mas me importunavam com cobran\u00e7as sobre o mensal\u00e3o at\u00e9 em leito hospitalar.<\/p>\n<p>Foi na faculdade de direito que minha racionalidade subiu o umbigo. <\/p>\n<p>O julgamento do mensal\u00e3o e a condena\u00e7\u00e3o de Jos\u00e9 Dirceu, sem provas, foram determinantes para enxergar que pelas vias legais o Brasil tomaria o rumo de um novo golpe.<\/p>\n<p>O que foi o impeachment de Dilma, sen\u00e3o um golpe com vestimenta jur\u00eddica? Os parlamentares admitiram a condena\u00e7\u00e3o sem crime despudoradamente e h\u00e1 pouco, Cunha, Temer e FHC fizeram o mesmo.<\/p>\n<p>Quando Lula saiu dos bastidores em defesa de Dilma, sabia que ia sobrar pra ele e que a deposi\u00e7\u00e3o de Dilma era certa.<br \/>\nO ex-presidente foi at\u00e9 levado coercitivamente a depor, mesmo tendo se oferecido.<br \/>\nQuando ele tomou posse como ministro, ningu\u00e9m honesto \u00e9 capaz de negar que foi tratado \u2018diferente\u2019, \u00e0 margem do direito, pelo parlamento, m\u00eddia e judici\u00e1rio.<\/p>\n<p>Os valores \u00e9ticos e morais dos brasileiros foram \u00e0s extremidades, de muito a zero, em apenas tr\u00eas anos. Essa relativiza\u00e7\u00e3o \u00e9 fen\u00f4meno inequ\u00edvoco de manipula\u00e7\u00e3o de massas.<\/p>\n<p>Quem n\u00e3o admite \u00e9 o mais vulner\u00e1vel, por ignor\u00e2ncia ou interesse de classes. <\/p>\n<p>Quando a lei n\u00e3o basta para igualmente investigar e punir algu\u00e9m por corrup\u00e7\u00e3o, o que sobrev\u00e9m \u00e9 o golpe e os estragos na vida de todos.<\/p>\n<p>Optei pela defesa do Estado Democr\u00e1tico de Direito de forma intransigente, por uma garantia coletiva, n\u00e3o partid\u00e1ria.<\/p>\n<p><strong>PRESSA E SELETIVIDADE<\/strong><\/p>\n<p>N\u00e3o \u00e9 f\u00e1cil viver esse momento sem pressa em chamar os investigados de bandidos e cada um sonha com seus favoritos na cadeia. O que vem \u00e0 tona por meio de colabora\u00e7\u00f5es premiadas, gra\u00e7as \u00e0 Lei 12.850, que foi sancionada por Dilma Rousseff, faz sentido.<\/p>\n<p>O que n\u00e3o tem l\u00f3gica \u00e9 o brasileiro se bastar com as confiss\u00f5es de delatores, ao arrepio da lei, divulgadas conforme a conveni\u00eancia do submundo da pol\u00edtica.<br \/>\nPela rela\u00e7\u00e3o dos fatos do mensal\u00e3o at\u00e9 aqui, posso e devo denunciar sim, com base na seletividade aplicada na Opera\u00e7\u00e3o Lava Jato por ju\u00edzes, promotores, procuradores e ministros, uma estrutura orquestral para acabar com a esquerda no pa\u00eds. Isso j\u00e1 aconteceu antes.<\/p>\n<p>Lula, Dilma e v\u00e1rios outros petistas, dizem, jogaram o mesmo jogo voraz pra garantir governabilidade. Quando digo o mesmo, n\u00e3o significa dizer com o mesmo resultado.<\/p>\n<p>Se realmente todos sujaram as m\u00e3os, o que restar\u00e1 ao povo \u00e9 suportar e eleger resultados diferentes e a partir disso tra\u00e7ar uma linha imagin\u00e1ria de uma nova forma de fazer pol\u00edtica. <\/p>\n<p>Todos os grandes l\u00edderes partid\u00e1rios est\u00e3o enrolados com a justi\u00e7a.<\/p>\n<p>S\u00f3 que pra mim, mais que antes, est\u00e1 claro n\u00e3o votar na direita que tomou na marra o poder.<\/p>\n<p>S\u00e3o piores, muito piores, porque governam de cima pra baixo, pra uma minoria que quer se manter no topo \u00e0 custa do sacrif\u00edcio \u2013 como bem disse Temer ao assumir \u2013 da maioria.<\/p>\n<p>Em 10 meses tornaram o pa\u00eds menos respeitado no cen\u00e1rio global, mais injusto e mais inst\u00e1vel economicamente.<\/p>\n<p><strong>COMPARAR MODELOS \u00c9 O QUE RESTA<\/strong><\/p>\n<p>O resultado dos governos petistas, sobretudo com Lula, que teria praticado corrup\u00e7\u00e3o como os outros, n\u00e3o pode ser ignorado.<\/p>\n<p>FHC, que tamb\u00e9m teria metido a m\u00e3o na cumbuca, deixou o pa\u00eds com 627 mil\/ano, j\u00e1 Lula e Dilma com 1,79 milh\u00f5es\/ano. O desemprego com o tucano se manteve na casa dos dois d\u00edgitos e achegou a 12% quando foi rejeitado nas urnas.<br \/>\nE a economia hein? D\u00e1 pra esquecer que o Brasil saiu da 13\u00aa posi\u00e7\u00e3o mundial com FHC para a 7\u00aa nos governos petistas?<\/p>\n<p>Ah, mas os tucanos deixaram o pa\u00eds pronto para o crescimento&#8230;<br \/>\nMentira! N\u00e3o deixaram e n\u00e3o sabem o que fazer daqui pra frente como art\u00edfices do golpe \u00e0 democracia.<\/p>\n<p>Quem poder\u00e1 ajudar a colocar o pa\u00eds nos trilhos, Lula?<br \/>\nSempre me pergunto como.<\/p>\n<p>Lula fez um governo de coaliza\u00e7\u00e3o, que hoje podemos resumir ao velho toma l\u00e1 d\u00e1 c\u00e1.<br \/>\nSe eleito, o que ele tem para oferecer diferente, sobretudo no que diz respeito a garantir governabilidade sem dar nada de forma il\u00edcita em troca pela aprova\u00e7\u00e3o de apoio no Congresso?<\/p>\n<p>Como eleitora da esquerda, me pergunto todo dia o que esperar de uma retomada de poder. <\/p>\n<p>Se Lula tivesse tentado resistir ao esquema de troca n\u00e3o teria sequer conclu\u00eddo o primeiro mandato, pois tamb\u00e9m foi alvo de v\u00e1rios pedidos de impeachment. <\/p>\n<p>Ele deu um jeito de se safar, Dilma, n\u00e3o.<\/p>\n<p>E, justamente por n\u00e3o ceder \u00e0 chantagem de Eduardo Cunha e Temer, foi deposta.<br \/>\nO coro que prevaleceu foi o de que Dilma era arrogante e p\u00e9ssima de articula\u00e7\u00e3o pol\u00edtica.<\/p>\n<p><strong><br \/>\nA HIPOCRISIA EMBURRECE<\/strong><\/p>\n<p>O Brasil quer mesmo \u00e9 um governante que n\u00e3o importa o que fa\u00e7a, fa\u00e7a bem feito e n\u00e3o deixe ningu\u00e9m saber como foi feito.<\/p>\n<p>Se Lula tivesse rompido com os esquemas de corrup\u00e7\u00e3o, n\u00e3o sejamos hip\u00f3critas, n\u00e3o teria conclu\u00eddo o primeiro mandato. E se o PT n\u00e3o tivesse governado tanto tempo e com vantagem de sobra para futuras elei\u00e7\u00f5es, nem saber\u00edamos que empresas comandadas por corruptos mandam e desmandam nos tr\u00eas poderes. <\/p>\n<p>N\u00e3o ter\u00edamos tamb\u00e9m, provas de que a base do nosso sistema pol\u00edtico \u00e9 constru\u00edda com financiamentos ilegais.<br \/>\nA quest\u00e3o \u00e9 o que fazer daqui pra frente com a topada na realidade descrita, principalmente no depoimento de Em\u00edlio Odebrecht, para quem o poder sempre se estabeleceu com a troca de dinheiro e favores entre o p\u00fablico e o privado, com a prevarica\u00e7\u00e3o geral nos poderes e com a manipula\u00e7\u00e3o da m\u00eddia tradicional.<\/p>\n<p>Suspeito que tudo dito por delatores tenha um fundo de verdade, mas muito exagero pra beneficiar um projeto de poder que n\u00e3o veio \u00e0 tona ainda.<\/p>\n<p>Deste modo, sigo em defesa n\u00e3o de um pol\u00edtico ou partido, mas da mentalidade que s\u00f3 encontro na esquerda que contempla as bandeiras por um pa\u00eds mais inclusivo, democr\u00e1tico.<\/p>\n<p>N\u00e3o viro \u00e0 direita!<\/p>\n<p>N\u00e3o vou com os que al\u00e9m de sujar as m\u00e3os roubando o er\u00e1rio, condenam ao ressarcimento o povo mais humilde \u00e0 invisibilidade e aos trabalhadores \u00e0 retirada de direitos. <\/p>\n<p>Simples assim.<\/p>\n","protected":false},"excerpt":{"rendered":"<p>\u00c9 mais quem me cobra posicionamento sobre os esc\u00e2ndalos que envolvem v\u00e1rios filiados ao Partido dos Trabalhadores, sobretudo o ex-presidente Lula. O que penso hoje, naturalmente, pode mudar amanh\u00e3 em fun\u00e7\u00e3o do movimento e da for\u00e7a dos fatos. A constru\u00e7\u00e3o do racioc\u00ednio, portanto, vem da rela\u00e7\u00e3o entre os eventos at\u00e9 aqui.<\/p>\n","protected":false},"author":1,"featured_media":0,"comment_status":"closed","ping_status":"open","sticky":false,"template":"","format":"standard","meta":{"_exactmetrics_skip_tracking":false,"_exactmetrics_sitenote_active":false,"_exactmetrics_sitenote_note":"","_exactmetrics_sitenote_category":0,"jetpack_post_was_ever_published":false,"_jetpack_newsletter_access":"","_jetpack_dont_email_post_to_subs":false,"_jetpack_newsletter_tier_id":0,"_jetpack_memberships_contains_paywalled_content":false,"_jetpack_memberships_contains_paid_content":false,"footnotes":"","jetpack_publicize_message":"","jetpack_publicize_feature_enabled":true,"jetpack_social_post_already_shared":true,"jetpack_social_options":{"image_generator_settings":{"template":"highway","enabled":false},"version":2}},"categories":[1],"tags":[],"class_list":["post-10038","post","type-post","status-publish","format-standard","hentry","category-notas"],"jetpack_publicize_connections":[],"jetpack_sharing_enabled":true,"jetpack_featured_media_url":"","jetpack_shortlink":"https:\/\/wp.me\/p7wKYW-2BU","jetpack-related-posts":[],"_links":{"self":[{"href":"http:\/\/blogdalucianaoliveira.com.br\/blog\/wp-json\/wp\/v2\/posts\/10038","targetHints":{"allow":["GET"]}}],"collection":[{"href":"http:\/\/blogdalucianaoliveira.com.br\/blog\/wp-json\/wp\/v2\/posts"}],"about":[{"href":"http:\/\/blogdalucianaoliveira.com.br\/blog\/wp-json\/wp\/v2\/types\/post"}],"author":[{"embeddable":true,"href":"http:\/\/blogdalucianaoliveira.com.br\/blog\/wp-json\/wp\/v2\/users\/1"}],"replies":[{"embeddable":true,"href":"http:\/\/blogdalucianaoliveira.com.br\/blog\/wp-json\/wp\/v2\/comments?post=10038"}],"version-history":[{"count":14,"href":"http:\/\/blogdalucianaoliveira.com.br\/blog\/wp-json\/wp\/v2\/posts\/10038\/revisions"}],"predecessor-version":[{"id":10053,"href":"http:\/\/blogdalucianaoliveira.com.br\/blog\/wp-json\/wp\/v2\/posts\/10038\/revisions\/10053"}],"wp:attachment":[{"href":"http:\/\/blogdalucianaoliveira.com.br\/blog\/wp-json\/wp\/v2\/media?parent=10038"}],"wp:term":[{"taxonomy":"category","embeddable":true,"href":"http:\/\/blogdalucianaoliveira.com.br\/blog\/wp-json\/wp\/v2\/categories?post=10038"},{"taxonomy":"post_tag","embeddable":true,"href":"http:\/\/blogdalucianaoliveira.com.br\/blog\/wp-json\/wp\/v2\/tags?post=10038"}],"curies":[{"name":"wp","href":"https:\/\/api.w.org\/{rel}","templated":true}]}}