{"id":10054,"date":"2017-04-20T17:54:38","date_gmt":"2017-04-20T21:54:38","guid":{"rendered":"http:\/\/blogdalucianaoliveira.com.br\/blog\/?p=10054"},"modified":"2017-04-20T17:54:38","modified_gmt":"2017-04-20T21:54:38","slug":"moro-sorrisos-para-temer-carranca-para-lula","status":"publish","type":"post","link":"http:\/\/blogdalucianaoliveira.com.br\/blog\/2017\/04\/20\/moro-sorrisos-para-temer-carranca-para-lula\/","title":{"rendered":"Moro: sorrisos para Temer, carranca para Lula"},"content":{"rendered":"<p><img data-recalc-dims=\"1\" loading=\"lazy\" decoding=\"async\" data-attachment-id=\"10055\" data-permalink=\"http:\/\/blogdalucianaoliveira.com.br\/blog\/2017\/04\/20\/moro-sorrisos-para-temer-carranca-para-lula\/pod-2\/\" data-orig-file=\"https:\/\/i0.wp.com\/blogdalucianaoliveira.com.br\/blog\/wp-content\/uploads\/2017\/04\/pod.jpg?fit=490%2C280\" data-orig-size=\"490,280\" data-comments-opened=\"0\" data-image-meta=\"{&quot;aperture&quot;:&quot;0&quot;,&quot;credit&quot;:&quot;&quot;,&quot;camera&quot;:&quot;&quot;,&quot;caption&quot;:&quot;&quot;,&quot;created_timestamp&quot;:&quot;0&quot;,&quot;copyright&quot;:&quot;&quot;,&quot;focal_length&quot;:&quot;0&quot;,&quot;iso&quot;:&quot;0&quot;,&quot;shutter_speed&quot;:&quot;0&quot;,&quot;title&quot;:&quot;&quot;,&quot;orientation&quot;:&quot;0&quot;}\" data-image-title=\"pod\" data-image-description=\"\" data-image-caption=\"\" data-medium-file=\"https:\/\/i0.wp.com\/blogdalucianaoliveira.com.br\/blog\/wp-content\/uploads\/2017\/04\/pod.jpg?fit=300%2C171\" data-large-file=\"https:\/\/i0.wp.com\/blogdalucianaoliveira.com.br\/blog\/wp-content\/uploads\/2017\/04\/pod.jpg?fit=490%2C280\" src=\"https:\/\/i0.wp.com\/blogdalucianaoliveira.com.br\/blog\/wp-content\/uploads\/2017\/04\/pod.jpg?resize=490%2C280\" alt=\"pod\" width=\"490\" height=\"280\" class=\"alignnone size-full wp-image-10055\" srcset=\"https:\/\/i0.wp.com\/blogdalucianaoliveira.com.br\/blog\/wp-content\/uploads\/2017\/04\/pod.jpg?w=490 490w, https:\/\/i0.wp.com\/blogdalucianaoliveira.com.br\/blog\/wp-content\/uploads\/2017\/04\/pod.jpg?resize=300%2C171 300w\" sizes=\"auto, (max-width: 490px) 100vw, 490px\" \/><\/p>\n<p>No 247<br \/>\nAlex Solnik<\/p>\n<p>A primeira vez em que eu e a torcida do Flamengo vimos o juiz Sergio Moro sorrir foi na conversa animada com A\u00e9cio Neves no evento de premia\u00e7\u00e3o dos melhores do ano passado.<\/p>\n<p>A segunda foi ontem, ao cumprimentar Temer na cerim\u00f4nia de entrega de medalhas de Honra ao M\u00e9rito Militar.<!--more--><\/p>\n<p>Moro estendeu a m\u00e3o e sorriu para um presidente da Rep\u00fablica que \u00e9 acusado por ex-diretores da Odebrecht de ter comandado a negocia\u00e7\u00e3o de 40 milh\u00f5es de d\u00f3lares em propina para o PMDB.<\/p>\n<p>E que s\u00f3 n\u00e3o est\u00e1 sendo investigado devido a um artigo da constitui\u00e7\u00e3o e n\u00e3o por ser um homem de reputa\u00e7\u00e3o ilibada.<\/p>\n<p>Moro estendeu a m\u00e3o e sorriu para um presidente da Rep\u00fablica que acobertou publicamente o ex-deputado Eduardo Cunha j\u00e1 condenado, inicialmente, a 15 anos de pris\u00e3o e segue atendendo seus pedidos de nomea\u00e7\u00f5es de aliados.<\/p>\n<p>Moro estendeu a m\u00e3o e sorriu para um presidente que criou um minist\u00e9rio para acobertar seu amigo Moreira Franco, tamb\u00e9m delatado pela Odebrecht.<\/p>\n<p>Moro estendeu a m\u00e3o e sorriu para um presidente cujo principal ministro, Eliseu Padilha \u00e9 acusado, tamb\u00e9m por ex-diretores da Odebrecht de ser o principal intermedi\u00e1rio entre a empreiteira e o partido nas negocia\u00e7\u00f5es de propina.<\/p>\n<p>Moro estendeu a m\u00e3o e sorriu para um presidente cujo governo tem oito ministros sob investiga\u00e7\u00e3o por corrup\u00e7\u00e3o.<\/p>\n<p>Os gestos falam por si. Eu nunca vi o juiz Sergio Moro sorrir e estender a m\u00e3o a Dilma ou a Lula.<\/p>\n<p>Para eles, Moro reserva a carranca, talvez para intimid\u00e1-los.<\/p>\n","protected":false},"excerpt":{"rendered":"<p>No 247 Alex Solnik A primeira vez em que eu e a torcida do Flamengo vimos o juiz Sergio Moro sorrir foi na conversa animada com A\u00e9cio Neves no evento de premia\u00e7\u00e3o dos melhores do ano passado. A segunda foi ontem, ao cumprimentar Temer na cerim\u00f4nia de entrega de medalhas de Honra ao M\u00e9rito Militar.<\/p>\n","protected":false},"author":1,"featured_media":0,"comment_status":"closed","ping_status":"open","sticky":false,"template":"","format":"standard","meta":{"_exactmetrics_skip_tracking":false,"_exactmetrics_sitenote_active":false,"_exactmetrics_sitenote_note":"","_exactmetrics_sitenote_category":0,"jetpack_post_was_ever_published":false,"_jetpack_newsletter_access":"","_jetpack_dont_email_post_to_subs":false,"_jetpack_newsletter_tier_id":0,"_jetpack_memberships_contains_paywalled_content":false,"_jetpack_memberships_contains_paid_content":false,"footnotes":"","jetpack_publicize_message":"","jetpack_publicize_feature_enabled":true,"jetpack_social_post_already_shared":true,"jetpack_social_options":{"image_generator_settings":{"template":"highway","enabled":false},"version":2}},"categories":[1],"tags":[],"class_list":["post-10054","post","type-post","status-publish","format-standard","hentry","category-notas"],"jetpack_publicize_connections":[],"jetpack_sharing_enabled":true,"jetpack_featured_media_url":"","jetpack_shortlink":"https:\/\/wp.me\/p7wKYW-2Ca","jetpack-related-posts":[],"_links":{"self":[{"href":"http:\/\/blogdalucianaoliveira.com.br\/blog\/wp-json\/wp\/v2\/posts\/10054","targetHints":{"allow":["GET"]}}],"collection":[{"href":"http:\/\/blogdalucianaoliveira.com.br\/blog\/wp-json\/wp\/v2\/posts"}],"about":[{"href":"http:\/\/blogdalucianaoliveira.com.br\/blog\/wp-json\/wp\/v2\/types\/post"}],"author":[{"embeddable":true,"href":"http:\/\/blogdalucianaoliveira.com.br\/blog\/wp-json\/wp\/v2\/users\/1"}],"replies":[{"embeddable":true,"href":"http:\/\/blogdalucianaoliveira.com.br\/blog\/wp-json\/wp\/v2\/comments?post=10054"}],"version-history":[{"count":1,"href":"http:\/\/blogdalucianaoliveira.com.br\/blog\/wp-json\/wp\/v2\/posts\/10054\/revisions"}],"predecessor-version":[{"id":10056,"href":"http:\/\/blogdalucianaoliveira.com.br\/blog\/wp-json\/wp\/v2\/posts\/10054\/revisions\/10056"}],"wp:attachment":[{"href":"http:\/\/blogdalucianaoliveira.com.br\/blog\/wp-json\/wp\/v2\/media?parent=10054"}],"wp:term":[{"taxonomy":"category","embeddable":true,"href":"http:\/\/blogdalucianaoliveira.com.br\/blog\/wp-json\/wp\/v2\/categories?post=10054"},{"taxonomy":"post_tag","embeddable":true,"href":"http:\/\/blogdalucianaoliveira.com.br\/blog\/wp-json\/wp\/v2\/tags?post=10054"}],"curies":[{"name":"wp","href":"https:\/\/api.w.org\/{rel}","templated":true}]}}