{"id":10057,"date":"2017-04-20T18:00:19","date_gmt":"2017-04-20T22:00:19","guid":{"rendered":"http:\/\/blogdalucianaoliveira.com.br\/blog\/?p=10057"},"modified":"2017-04-20T18:00:19","modified_gmt":"2017-04-20T22:00:19","slug":"a-direita-comeca-a-ver-a-fria-em-que-se-meteu","status":"publish","type":"post","link":"http:\/\/blogdalucianaoliveira.com.br\/blog\/2017\/04\/20\/a-direita-comeca-a-ver-a-fria-em-que-se-meteu\/","title":{"rendered":"A direita come\u00e7a a ver a fria em que se meteu?"},"content":{"rendered":"<p><img data-recalc-dims=\"1\" loading=\"lazy\" decoding=\"async\" data-attachment-id=\"10058\" data-permalink=\"http:\/\/blogdalucianaoliveira.com.br\/blog\/2017\/04\/20\/a-direita-comeca-a-ver-a-fria-em-que-se-meteu\/duoitapsdb\/\" data-orig-file=\"https:\/\/i0.wp.com\/blogdalucianaoliveira.com.br\/blog\/wp-content\/uploads\/2017\/04\/duoitapsdb.jpg?fit=600%2C297\" data-orig-size=\"600,297\" data-comments-opened=\"0\" data-image-meta=\"{&quot;aperture&quot;:&quot;0&quot;,&quot;credit&quot;:&quot;&quot;,&quot;camera&quot;:&quot;&quot;,&quot;caption&quot;:&quot;&quot;,&quot;created_timestamp&quot;:&quot;0&quot;,&quot;copyright&quot;:&quot;&quot;,&quot;focal_length&quot;:&quot;0&quot;,&quot;iso&quot;:&quot;0&quot;,&quot;shutter_speed&quot;:&quot;0&quot;,&quot;title&quot;:&quot;&quot;,&quot;orientation&quot;:&quot;0&quot;}\" data-image-title=\"duoitapsdb\" data-image-description=\"\" data-image-caption=\"\" data-medium-file=\"https:\/\/i0.wp.com\/blogdalucianaoliveira.com.br\/blog\/wp-content\/uploads\/2017\/04\/duoitapsdb.jpg?fit=300%2C149\" data-large-file=\"https:\/\/i0.wp.com\/blogdalucianaoliveira.com.br\/blog\/wp-content\/uploads\/2017\/04\/duoitapsdb.jpg?fit=600%2C297\" src=\"https:\/\/i0.wp.com\/blogdalucianaoliveira.com.br\/blog\/wp-content\/uploads\/2017\/04\/duoitapsdb.jpg?resize=600%2C297\" alt=\"duoitapsdb\" width=\"600\" height=\"297\" class=\"alignnone size-full wp-image-10058\" srcset=\"https:\/\/i0.wp.com\/blogdalucianaoliveira.com.br\/blog\/wp-content\/uploads\/2017\/04\/duoitapsdb.jpg?w=600 600w, https:\/\/i0.wp.com\/blogdalucianaoliveira.com.br\/blog\/wp-content\/uploads\/2017\/04\/duoitapsdb.jpg?resize=300%2C149 300w\" sizes=\"auto, (max-width: 600px) 100vw, 600px\" \/><\/p>\n<p>No Tijola\u00e7o<br \/>\nPor Fernando Brito<\/p>\n<p>Ontem, Fernando Henrique Cardoso, falando no evento portugu\u00eas do Instituto \u201cGilmar Mendes\u201d, disse que s\u00f3 a legitimidade do voto d\u00e1 \u201ccondi\u00e7\u00f5es para o poder ser exercido com a estabilidade necess\u00e1ria para cuidar das coisas que contam para o povo\u201d.<!--more--><\/p>\n<p>Sinal tanto para Michel Temer \u2013 o homem que acha que ser impopular \u00e9 virtude reformadora \u2013 quanto para a conspira\u00e7\u00e3o judicial que tem seu centro na Procuradoria Geral da Rep\u00fablica e em altas sombras do Judici\u00e1rio .<\/p>\n<p>Aqui mesmo, por\u00e9m, do outro lado do Atl\u00e2ntico, surgiu mais que um sinal, quase uma explicitude, que pode revelar outro movimento de parte da elite que percebe os perigos que a  \u201cgalinha dos ovos de ouro\u201d Brasil pode estar correndo.<\/p>\n<p>Registrado pelo El Pa\u00eds, as falas de despedidas do empres\u00e1rio Roberto Set\u00fabal, que deixa a posi\u00e7\u00e3o de presidente do Banco Ita\u00fa acertou na testa a movimenta\u00e7\u00e3o de Jo\u00e3o D\u00f3ria J\u00fanior para ser a estrela da corte tucana.<\/p>\n<p>Cito-as no contexto, muito bem narrado pelo jornal espanhol, no qual apenas \u201crearrumo\u201d os momentos:<\/p>\n<p>O presidente do Ita\u00fa, Roberto Set\u00fabal, decidiu dar um pitaco sobre a pol\u00edtica brasileira nesta ter\u00e7a, que reverbera na corrida eleitoral para 2018. No palco de um evento promovido pelo banco em um hotel em S\u00e3o Paulo, foi questionado pelo economista-chefe do Ita\u00fa, Mario Mesquita, sobre a onda dos empres\u00e1rios na pol\u00edtica. Set\u00fabal respondeu que h\u00e1 espa\u00e7o na pol\u00edtica para aqueles que gostam do assunto como uma nova carreira.<\/p>\n<p>(\u2026) Parecia que se referia a Doria quando se referiu \u00e0 \u201cpessoa certa\u201d. Mas na sequ\u00eancia, falou sobre a necessidade de \u201cbons pol\u00edticos\u201d mais do que gestores privados.<\/p>\n<p>\u201cMas no fim do dia, pol\u00edtica \u00e9 para pol\u00edticos\u201d, disse ele, que ainda completou. \u201cN\u00e3o d\u00e1 para imaginar que um gestor competente vai solucionar os problemas do Brasil\u201d, concluiu.<\/p>\n<p>O executivo n\u00e3o nomeou diretamente o prefeito Jo\u00e3o Doria Jr., mas chamou a aten\u00e7\u00e3o por ter usado a express\u00e3o \u201cgestor\u201d, que \u00e9 a marca de Doria desde a campanha. \u201cN\u00e3o sou pol\u00edtico, sou gestor\u201d, repetiu ele seguidamente, num bord\u00e3o que ajudou a eleg\u00ea-lo prefeito da capital paulista em primeiro turno. Set\u00fabal afirmou que empres\u00e1rios podem ter um olhar diferente para a pol\u00edtica. \u201cNesse sentido, melhora a gest\u00e3o p\u00fablica\u201d. Mas deixou clara a falta de entusiasmo com essa sa\u00edda.<\/p>\n<p>Como n\u00e3o se conhece casos de megaempres\u00e1rios que tenha feito escaladas de dinheiro e poder falando algo gratuitamente, fica evidente o \u201ccontravapor\u201d dado ao \u201cCollor\u201d paulistano.<\/p>\n<p>Lu\u00eds Nassif, numa an\u00e1lise com a dose de otimismo que sempre devemos nos injetar ao olhar a pol\u00edtica \u2013 sem o que seria melhor ir para casa, cuidar apenas da vida pessoal \u2013 diz em sua \u00f3tima an\u00e1lise no GGN que as c\u00fapulas das elites politico empresarias pode estar \u201cse dando conta de que a destitui\u00e7\u00e3o de uma presidente legitimamente eleita \u2013 mesmo com todos seus erros \u2013 e a tentativa de destrui\u00e7\u00e3o de um partido pol\u00edtico, desequilibraram todo o sistema pol\u00edtico institucional do pa\u00eds, eliminaram os amortecedores para a Lava Jato, permitindo a maior destrui\u00e7\u00e3o de riqueza da hist\u00f3ria. E abrem espa\u00e7o para que um poder maior se apresente. Vestindo coturnos\u201d.<\/p>\n<p>Um pa\u00eds sem institui\u00e7\u00f5es pol\u00edticas, ou ao menos com elas exibidas publicamente como se fosse o valhacouto apenas dos piores bandidos, est\u00e1 sujeito a toda sorte de aventureiros.<\/p>\n<p>E aventureiro s\u00e3o, inevitavelmente, desgra\u00e7as para na\u00e7\u00f5es.<\/p>\n","protected":false},"excerpt":{"rendered":"<p>No Tijola\u00e7o Por Fernando Brito Ontem, Fernando Henrique Cardoso, falando no evento portugu\u00eas do Instituto \u201cGilmar Mendes\u201d, disse que s\u00f3 a legitimidade do voto d\u00e1 \u201ccondi\u00e7\u00f5es para o poder ser exercido com a estabilidade necess\u00e1ria para cuidar das coisas que contam para o povo\u201d.<\/p>\n","protected":false},"author":1,"featured_media":0,"comment_status":"closed","ping_status":"open","sticky":false,"template":"","format":"standard","meta":{"_exactmetrics_skip_tracking":false,"_exactmetrics_sitenote_active":false,"_exactmetrics_sitenote_note":"","_exactmetrics_sitenote_category":0,"jetpack_post_was_ever_published":false,"_jetpack_newsletter_access":"","_jetpack_dont_email_post_to_subs":false,"_jetpack_newsletter_tier_id":0,"_jetpack_memberships_contains_paywalled_content":false,"_jetpack_memberships_contains_paid_content":false,"footnotes":"","jetpack_publicize_message":"","jetpack_publicize_feature_enabled":true,"jetpack_social_post_already_shared":true,"jetpack_social_options":{"image_generator_settings":{"template":"highway","enabled":false},"version":2}},"categories":[1],"tags":[],"class_list":["post-10057","post","type-post","status-publish","format-standard","hentry","category-notas"],"jetpack_publicize_connections":[],"jetpack_sharing_enabled":true,"jetpack_featured_media_url":"","jetpack_shortlink":"https:\/\/wp.me\/p7wKYW-2Cd","jetpack-related-posts":[],"_links":{"self":[{"href":"http:\/\/blogdalucianaoliveira.com.br\/blog\/wp-json\/wp\/v2\/posts\/10057","targetHints":{"allow":["GET"]}}],"collection":[{"href":"http:\/\/blogdalucianaoliveira.com.br\/blog\/wp-json\/wp\/v2\/posts"}],"about":[{"href":"http:\/\/blogdalucianaoliveira.com.br\/blog\/wp-json\/wp\/v2\/types\/post"}],"author":[{"embeddable":true,"href":"http:\/\/blogdalucianaoliveira.com.br\/blog\/wp-json\/wp\/v2\/users\/1"}],"replies":[{"embeddable":true,"href":"http:\/\/blogdalucianaoliveira.com.br\/blog\/wp-json\/wp\/v2\/comments?post=10057"}],"version-history":[{"count":1,"href":"http:\/\/blogdalucianaoliveira.com.br\/blog\/wp-json\/wp\/v2\/posts\/10057\/revisions"}],"predecessor-version":[{"id":10059,"href":"http:\/\/blogdalucianaoliveira.com.br\/blog\/wp-json\/wp\/v2\/posts\/10057\/revisions\/10059"}],"wp:attachment":[{"href":"http:\/\/blogdalucianaoliveira.com.br\/blog\/wp-json\/wp\/v2\/media?parent=10057"}],"wp:term":[{"taxonomy":"category","embeddable":true,"href":"http:\/\/blogdalucianaoliveira.com.br\/blog\/wp-json\/wp\/v2\/categories?post=10057"},{"taxonomy":"post_tag","embeddable":true,"href":"http:\/\/blogdalucianaoliveira.com.br\/blog\/wp-json\/wp\/v2\/tags?post=10057"}],"curies":[{"name":"wp","href":"https:\/\/api.w.org\/{rel}","templated":true}]}}