{"id":10072,"date":"2017-04-21T08:24:21","date_gmt":"2017-04-21T12:24:21","guid":{"rendered":"http:\/\/blogdalucianaoliveira.com.br\/blog\/?p=10072"},"modified":"2017-04-21T08:24:21","modified_gmt":"2017-04-21T12:24:21","slug":"por-que-tiradentes-foi-o-unico-inconfidente-enforcado","status":"publish","type":"post","link":"http:\/\/blogdalucianaoliveira.com.br\/blog\/2017\/04\/21\/por-que-tiradentes-foi-o-unico-inconfidente-enforcado\/","title":{"rendered":"Por que Tiradentes foi o \u00fanico inconfidente enforcado?"},"content":{"rendered":"<p><img data-recalc-dims=\"1\" loading=\"lazy\" decoding=\"async\" data-attachment-id=\"10073\" data-permalink=\"http:\/\/blogdalucianaoliveira.com.br\/blog\/2017\/04\/21\/por-que-tiradentes-foi-o-unico-inconfidente-enforcado\/img_5963\/\" data-orig-file=\"https:\/\/i0.wp.com\/blogdalucianaoliveira.com.br\/blog\/wp-content\/uploads\/2017\/04\/IMG_5963.jpg?fit=373%2C283\" data-orig-size=\"373,283\" data-comments-opened=\"0\" data-image-meta=\"{&quot;aperture&quot;:&quot;0&quot;,&quot;credit&quot;:&quot;&quot;,&quot;camera&quot;:&quot;&quot;,&quot;caption&quot;:&quot;&quot;,&quot;created_timestamp&quot;:&quot;0&quot;,&quot;copyright&quot;:&quot;&quot;,&quot;focal_length&quot;:&quot;0&quot;,&quot;iso&quot;:&quot;0&quot;,&quot;shutter_speed&quot;:&quot;0&quot;,&quot;title&quot;:&quot;&quot;,&quot;orientation&quot;:&quot;0&quot;}\" data-image-title=\"IMG_5963\" data-image-description=\"\" data-image-caption=\"\" data-medium-file=\"https:\/\/i0.wp.com\/blogdalucianaoliveira.com.br\/blog\/wp-content\/uploads\/2017\/04\/IMG_5963.jpg?fit=300%2C228\" data-large-file=\"https:\/\/i0.wp.com\/blogdalucianaoliveira.com.br\/blog\/wp-content\/uploads\/2017\/04\/IMG_5963.jpg?fit=373%2C283\" src=\"https:\/\/i0.wp.com\/blogdalucianaoliveira.com.br\/blog\/wp-content\/uploads\/2017\/04\/IMG_5963.jpg?resize=373%2C283\" alt=\"IMG_5963\" width=\"373\" height=\"283\" class=\"alignnone size-full wp-image-10073\" srcset=\"https:\/\/i0.wp.com\/blogdalucianaoliveira.com.br\/blog\/wp-content\/uploads\/2017\/04\/IMG_5963.jpg?w=373 373w, https:\/\/i0.wp.com\/blogdalucianaoliveira.com.br\/blog\/wp-content\/uploads\/2017\/04\/IMG_5963.jpg?resize=300%2C228 300w\" sizes=\"auto, (max-width: 373px) 100vw, 373px\" \/><\/p>\n<p>&#8220;Vi o penitente<br \/>\nde corda ao pesco\u00e7o,<br \/>\na morte era o menos:<br \/>\nmais era o alvoro\u00e7o.<br \/>\nSe morrer \u00e9 triste,<br \/>\nporque tanta gente<br \/>\nvinha pela rua<br \/>\ncom cara de contente?&#8221;<!--more--><\/p>\n<p>* Cecilia Meireles <\/p>\n<p>Porque, entre aqueles que se rebelaram contra o dom\u00ednio portugu\u00eas, em 1779, Tiradentes era o de classe mais baixa.<br \/>\nAl\u00e9m disso, foi o \u00fanico que havia feito propaganda aberta do movimento.<\/p>\n<p>Seu of\u00edcio de dentista (um trabalho bra\u00e7al, malvisto na \u00e9poca) tamb\u00e9m pode ter pesado na decis\u00e3o. Originalmente, por\u00e9m, outros cinco tamb\u00e9m haviam sido condenados \u00e0 morte pelo crime de lesa-majestade (trai\u00e7\u00e3o \u00e0 pessoa do rei). Mas foram perdoados pela rainha dona Maria I e expulsos para a \u00c1frica.<\/p>\n<p>Para Tiradentes, n\u00e3o houve jeito: foi enforcado em 21 de abril de 1792. Sua cabe\u00e7a foi cortada e levada para a cidade de Vila Rica. O corpo, esquartejado, foi espalhado pelos caminhos de Minas Gerais. <\/p>\n<p>\u201cEra o exemplo que ficava para aqueles que pensassem em questionar o poder de Portugal\u201d, diz o professor de hist\u00f3ria Marco Antonio Villa, da Universidade Federal de S\u00e3o Carlos.<\/p>\n<p>Fonte: Mundo Estranho<\/p>\n","protected":false},"excerpt":{"rendered":"<p>&#8220;Vi o penitente de corda ao pesco\u00e7o, a morte era o menos: mais era o alvoro\u00e7o. Se morrer \u00e9 triste, porque tanta gente vinha pela rua com cara de contente?&#8221;<\/p>\n","protected":false},"author":1,"featured_media":0,"comment_status":"closed","ping_status":"open","sticky":false,"template":"","format":"standard","meta":{"_exactmetrics_skip_tracking":false,"_exactmetrics_sitenote_active":false,"_exactmetrics_sitenote_note":"","_exactmetrics_sitenote_category":0,"jetpack_post_was_ever_published":false,"_jetpack_newsletter_access":"","_jetpack_dont_email_post_to_subs":false,"_jetpack_newsletter_tier_id":0,"_jetpack_memberships_contains_paywalled_content":false,"_jetpack_memberships_contains_paid_content":false,"footnotes":"","jetpack_publicize_message":"","jetpack_publicize_feature_enabled":true,"jetpack_social_post_already_shared":true,"jetpack_social_options":{"image_generator_settings":{"template":"highway","enabled":false},"version":2}},"categories":[1],"tags":[],"class_list":["post-10072","post","type-post","status-publish","format-standard","hentry","category-notas"],"jetpack_publicize_connections":[],"jetpack_sharing_enabled":true,"jetpack_featured_media_url":"","jetpack_shortlink":"https:\/\/wp.me\/p7wKYW-2Cs","jetpack-related-posts":[],"_links":{"self":[{"href":"http:\/\/blogdalucianaoliveira.com.br\/blog\/wp-json\/wp\/v2\/posts\/10072","targetHints":{"allow":["GET"]}}],"collection":[{"href":"http:\/\/blogdalucianaoliveira.com.br\/blog\/wp-json\/wp\/v2\/posts"}],"about":[{"href":"http:\/\/blogdalucianaoliveira.com.br\/blog\/wp-json\/wp\/v2\/types\/post"}],"author":[{"embeddable":true,"href":"http:\/\/blogdalucianaoliveira.com.br\/blog\/wp-json\/wp\/v2\/users\/1"}],"replies":[{"embeddable":true,"href":"http:\/\/blogdalucianaoliveira.com.br\/blog\/wp-json\/wp\/v2\/comments?post=10072"}],"version-history":[{"count":1,"href":"http:\/\/blogdalucianaoliveira.com.br\/blog\/wp-json\/wp\/v2\/posts\/10072\/revisions"}],"predecessor-version":[{"id":10074,"href":"http:\/\/blogdalucianaoliveira.com.br\/blog\/wp-json\/wp\/v2\/posts\/10072\/revisions\/10074"}],"wp:attachment":[{"href":"http:\/\/blogdalucianaoliveira.com.br\/blog\/wp-json\/wp\/v2\/media?parent=10072"}],"wp:term":[{"taxonomy":"category","embeddable":true,"href":"http:\/\/blogdalucianaoliveira.com.br\/blog\/wp-json\/wp\/v2\/categories?post=10072"},{"taxonomy":"post_tag","embeddable":true,"href":"http:\/\/blogdalucianaoliveira.com.br\/blog\/wp-json\/wp\/v2\/tags?post=10072"}],"curies":[{"name":"wp","href":"https:\/\/api.w.org\/{rel}","templated":true}]}}