{"id":10078,"date":"2017-04-21T19:01:43","date_gmt":"2017-04-21T23:01:43","guid":{"rendered":"http:\/\/blogdalucianaoliveira.com.br\/blog\/?p=10078"},"modified":"2017-04-21T19:01:43","modified_gmt":"2017-04-21T23:01:43","slug":"dilma-mostrou-nos-eua-o-brasil-real","status":"publish","type":"post","link":"http:\/\/blogdalucianaoliveira.com.br\/blog\/2017\/04\/21\/dilma-mostrou-nos-eua-o-brasil-real\/","title":{"rendered":"Dilma mostrou nos EUA o Brasil real"},"content":{"rendered":"<p><img data-recalc-dims=\"1\" loading=\"lazy\" decoding=\"async\" data-attachment-id=\"10079\" data-permalink=\"http:\/\/blogdalucianaoliveira.com.br\/blog\/2017\/04\/21\/dilma-mostrou-nos-eua-o-brasil-real\/dil\/\" data-orig-file=\"https:\/\/i0.wp.com\/blogdalucianaoliveira.com.br\/blog\/wp-content\/uploads\/2017\/04\/dil.jpg?fit=490%2C280\" data-orig-size=\"490,280\" data-comments-opened=\"0\" data-image-meta=\"{&quot;aperture&quot;:&quot;0&quot;,&quot;credit&quot;:&quot;&quot;,&quot;camera&quot;:&quot;&quot;,&quot;caption&quot;:&quot;&quot;,&quot;created_timestamp&quot;:&quot;0&quot;,&quot;copyright&quot;:&quot;&quot;,&quot;focal_length&quot;:&quot;0&quot;,&quot;iso&quot;:&quot;0&quot;,&quot;shutter_speed&quot;:&quot;0&quot;,&quot;title&quot;:&quot;&quot;,&quot;orientation&quot;:&quot;0&quot;}\" data-image-title=\"dil\" data-image-description=\"\" data-image-caption=\"\" data-medium-file=\"https:\/\/i0.wp.com\/blogdalucianaoliveira.com.br\/blog\/wp-content\/uploads\/2017\/04\/dil.jpg?fit=300%2C171\" data-large-file=\"https:\/\/i0.wp.com\/blogdalucianaoliveira.com.br\/blog\/wp-content\/uploads\/2017\/04\/dil.jpg?fit=490%2C280\" src=\"https:\/\/i0.wp.com\/blogdalucianaoliveira.com.br\/blog\/wp-content\/uploads\/2017\/04\/dil.jpg?resize=490%2C280\" alt=\"dil\" width=\"490\" height=\"280\" class=\"alignnone size-full wp-image-10079\" srcset=\"https:\/\/i0.wp.com\/blogdalucianaoliveira.com.br\/blog\/wp-content\/uploads\/2017\/04\/dil.jpg?w=490 490w, https:\/\/i0.wp.com\/blogdalucianaoliveira.com.br\/blog\/wp-content\/uploads\/2017\/04\/dil.jpg?resize=300%2C171 300w\" sizes=\"auto, (max-width: 490px) 100vw, 490px\" \/><\/p>\n<p>No 247<br \/>\nEmir Sader<!--more--><\/p>\n<p>A presidenta destitu\u00edda Dilma Rousseff conclui sua mais longa viagem a um pa\u00eds desde o golpe, voltando a Harvard, onde havia come\u00e7ado a longa trajet\u00f3ria. O in\u00edcio havia sido em um semin\u00e1rio que pretendia reunir as mais diferentes express\u00f5es do diversificado panorama pol\u00edtico brasileiro e o final foi sobre a realidade latino-americana contempor\u00e2nea, ambos em Harvard.<\/p>\n<p>O fio condutor do discurso da Dilma, ao longo das exposi\u00e7\u00f5es em 10 das maiores universidades dos Estados Unidos, em reuni\u00f5es com movimentos sociais e grupos de brasileiros, nas entrevistas com as principais publica\u00e7\u00f5es da m\u00eddia, foi a den\u00fancia do impeachment como um golpe. Em seguida, ela passou a explicar porque se deu o golpe.<\/p>\n<p>Tr\u00eas argumentos fundamentaram essa sua explica\u00e7\u00e3o: a misoginia revelada claramente na linguagem usada na campanha da oposi\u00e7\u00e3o contra ela; a busca de &#8220;estancar a sangria&#8221; que representa a Lava Jato para os membros do atual governo, o que s\u00f3 seria poss\u00edvel com o golpe contra ela; a recoloca\u00e7\u00e3o do Brasil, do ponto de vista econ\u00f4mico, social e geopol\u00edtico, nos marcos do neoliberalismo.<\/p>\n<p>Este \u00faltimo, para Dilma, foi a raz\u00e3o de fundo do golpe: retornar ao projeto dos anos 1990, que tinha sido interrompido com a vitoria de Lula em 2002. Em seguida ela resume os principais avan\u00e7os dos governos que se opuseram \u00e0 l\u00f3gica neoliberal, desde as conquistas sociais at\u00e9 a da retomada do crescimento econ\u00f4mico, da pol\u00edtica externa multipolar.<\/p>\n<p>Suas interven\u00e7\u00f5es desembocam no &#8220;encontro marcado que temos com a democracia em 2018&#8221; e com as tentativas de evitar que o povo brasileiro recupere o direito de decidir por sua pr\u00f3pria contra o seu futuro. Dilma chama a aten\u00e7\u00e3o sobre os riscos de nova ruptura, seja via casu\u00edsmos, seja pela j\u00e1 derrotada via do parlamentarismo, seja por alguma forma de condena\u00e7\u00e3o, sem fundamentos, do Lula.<\/p>\n<p>As exposi\u00e7\u00f5es da Dilma desembocam naquela que tem sido uma refer\u00eancia central dos seus discursos e da sua atua\u00e7\u00e3o \u2013 &#8220;A democracia \u00e9 o lado certo da historia&#8221; \u2013 e que a tornaram a principal l\u00edder na defesa da democracia no Brasil.<\/p>\n<p>O balan\u00e7o geral da sua viagem \u00e9 extremamente positivo. Encontrou um clima de recep\u00e7\u00e3o favor\u00e1vel, acumulado seja nos argumentos da pr\u00f3pria m\u00eddia norte-americana de condena\u00e7\u00e3o do governo sa\u00eddo do golpe, seja nos grupos de brasileiros que se constitu\u00edram e se mobilizaram durante a luta de resist\u00eancia ao golpe e n\u00facleos acad\u00eamicos muito esclarecidos sobre o que acontece no Brasil.<\/p>\n<p>Mas \u00e9 certo tamb\u00e9m que a consist\u00eancia do discurso da Dilma, combinando argumentos pol\u00edticos com a for\u00e7a moral da sua trajet\u00f3ria, fortaleceu ainda mais a vis\u00e3o democr\u00e1tica sobre o que aconteceu e segue acontecendo no Brasil. Essa consist\u00eancia se contrap\u00f5e a todo o notici\u00e1rio sobre o governo golpista, seus atentados \u00e0 democracia, aos direitos da popula\u00e7\u00e3o, os vexames da sua presen\u00e7a internacional, a mediocridade de todos os seus representantes.<\/p>\n<p>Dilma se consolida, ao lado da lideran\u00e7a na defesa da democracia, como uma presen\u00e7a internacional relevante, demandada por todos os lados, aplaudida, reverenciada mesmo, reconhecida como uma estadista, uma lideran\u00e7a internacional n\u00e3o apenas na defesa da democracia, mas tamb\u00e9m na denuncia da financeiriza\u00e7\u00e3o da economia em escala mundial, das desigualdades sociais que ela incrementa e nos atentados \u00e0 democracia que implica.<\/p>\n<p>Dilma tem agora de encontrar formas de combinar todos os convites que tem de tantos pa\u00edses com a sua indispens\u00e1vel presen\u00e7a na luta democr\u00e1tica brasileira. Nesta viagem ficou comprovado como sua imagem de l\u00edder pol\u00edtica s\u00f3 cresceu desde o golpe e se afirmou, junto com Lula, como as duas presen\u00e7as fundamentais com que conta o povo brasileiro para reconquistar a democracia, o desenvolvimento econ\u00f4mico e a justi\u00e7a social.<\/p>\n","protected":false},"excerpt":{"rendered":"<p>No 247 Emir Sader<\/p>\n","protected":false},"author":1,"featured_media":0,"comment_status":"closed","ping_status":"open","sticky":false,"template":"","format":"standard","meta":{"_exactmetrics_skip_tracking":false,"_exactmetrics_sitenote_active":false,"_exactmetrics_sitenote_note":"","_exactmetrics_sitenote_category":0,"jetpack_post_was_ever_published":false,"_jetpack_newsletter_access":"","_jetpack_dont_email_post_to_subs":false,"_jetpack_newsletter_tier_id":0,"_jetpack_memberships_contains_paywalled_content":false,"_jetpack_memberships_contains_paid_content":false,"footnotes":"","jetpack_publicize_message":"","jetpack_publicize_feature_enabled":true,"jetpack_social_post_already_shared":true,"jetpack_social_options":{"image_generator_settings":{"template":"highway","enabled":false},"version":2}},"categories":[1],"tags":[],"class_list":["post-10078","post","type-post","status-publish","format-standard","hentry","category-notas"],"jetpack_publicize_connections":[],"jetpack_sharing_enabled":true,"jetpack_featured_media_url":"","jetpack_shortlink":"https:\/\/wp.me\/p7wKYW-2Cy","jetpack-related-posts":[],"_links":{"self":[{"href":"http:\/\/blogdalucianaoliveira.com.br\/blog\/wp-json\/wp\/v2\/posts\/10078","targetHints":{"allow":["GET"]}}],"collection":[{"href":"http:\/\/blogdalucianaoliveira.com.br\/blog\/wp-json\/wp\/v2\/posts"}],"about":[{"href":"http:\/\/blogdalucianaoliveira.com.br\/blog\/wp-json\/wp\/v2\/types\/post"}],"author":[{"embeddable":true,"href":"http:\/\/blogdalucianaoliveira.com.br\/blog\/wp-json\/wp\/v2\/users\/1"}],"replies":[{"embeddable":true,"href":"http:\/\/blogdalucianaoliveira.com.br\/blog\/wp-json\/wp\/v2\/comments?post=10078"}],"version-history":[{"count":1,"href":"http:\/\/blogdalucianaoliveira.com.br\/blog\/wp-json\/wp\/v2\/posts\/10078\/revisions"}],"predecessor-version":[{"id":10080,"href":"http:\/\/blogdalucianaoliveira.com.br\/blog\/wp-json\/wp\/v2\/posts\/10078\/revisions\/10080"}],"wp:attachment":[{"href":"http:\/\/blogdalucianaoliveira.com.br\/blog\/wp-json\/wp\/v2\/media?parent=10078"}],"wp:term":[{"taxonomy":"category","embeddable":true,"href":"http:\/\/blogdalucianaoliveira.com.br\/blog\/wp-json\/wp\/v2\/categories?post=10078"},{"taxonomy":"post_tag","embeddable":true,"href":"http:\/\/blogdalucianaoliveira.com.br\/blog\/wp-json\/wp\/v2\/tags?post=10078"}],"curies":[{"name":"wp","href":"https:\/\/api.w.org\/{rel}","templated":true}]}}