{"id":10086,"date":"2017-04-21T20:57:53","date_gmt":"2017-04-22T00:57:53","guid":{"rendered":"http:\/\/blogdalucianaoliveira.com.br\/blog\/?p=10086"},"modified":"2017-04-21T20:59:20","modified_gmt":"2017-04-22T00:59:20","slug":"em-mato-grosso-o-campo-jorra-sangue","status":"publish","type":"post","link":"http:\/\/blogdalucianaoliveira.com.br\/blog\/2017\/04\/21\/em-mato-grosso-o-campo-jorra-sangue\/","title":{"rendered":"EM MATO GROSSO O CAMPO JORRA SANGUE"},"content":{"rendered":"<p><img data-recalc-dims=\"1\" loading=\"lazy\" decoding=\"async\" data-attachment-id=\"10087\" data-permalink=\"http:\/\/blogdalucianaoliveira.com.br\/blog\/2017\/04\/21\/em-mato-grosso-o-campo-jorra-sangue\/img_6030\/\" data-orig-file=\"https:\/\/i0.wp.com\/blogdalucianaoliveira.com.br\/blog\/wp-content\/uploads\/2017\/04\/IMG_6030.png?fit=584%2C270\" data-orig-size=\"584,270\" data-comments-opened=\"0\" data-image-meta=\"{&quot;aperture&quot;:&quot;0&quot;,&quot;credit&quot;:&quot;&quot;,&quot;camera&quot;:&quot;&quot;,&quot;caption&quot;:&quot;&quot;,&quot;created_timestamp&quot;:&quot;0&quot;,&quot;copyright&quot;:&quot;&quot;,&quot;focal_length&quot;:&quot;0&quot;,&quot;iso&quot;:&quot;0&quot;,&quot;shutter_speed&quot;:&quot;0&quot;,&quot;title&quot;:&quot;&quot;,&quot;orientation&quot;:&quot;0&quot;}\" data-image-title=\"IMG_6030\" data-image-description=\"\" data-image-caption=\"\" data-medium-file=\"https:\/\/i0.wp.com\/blogdalucianaoliveira.com.br\/blog\/wp-content\/uploads\/2017\/04\/IMG_6030.png?fit=300%2C139\" data-large-file=\"https:\/\/i0.wp.com\/blogdalucianaoliveira.com.br\/blog\/wp-content\/uploads\/2017\/04\/IMG_6030.png?fit=584%2C270\" src=\"https:\/\/i0.wp.com\/blogdalucianaoliveira.com.br\/blog\/wp-content\/uploads\/2017\/04\/IMG_6030.png?resize=584%2C270\" alt=\"IMG_6030\" width=\"584\" height=\"270\" class=\"alignnone size-full wp-image-10087\" srcset=\"https:\/\/i0.wp.com\/blogdalucianaoliveira.com.br\/blog\/wp-content\/uploads\/2017\/04\/IMG_6030.png?w=584 584w, https:\/\/i0.wp.com\/blogdalucianaoliveira.com.br\/blog\/wp-content\/uploads\/2017\/04\/IMG_6030.png?resize=300%2C139 300w\" sizes=\"auto, (max-width: 584px) 100vw, 584px\" \/><\/p>\n<p>A Prelazia de S\u00e3o F\u00e9lix do Araguaia, em reuni\u00e3o com suas\/seus agentes de pastoral, seu bispo dom Adriano Ciocca Vasino e o bispo em\u00e9rito dom Pedro Casald\u00e1liga, na cidade de S\u00e3o F\u00e9lix do Araguaia \u2013 MT, manifesta sua dor, indigna\u00e7\u00e3o e solidariedade com as fam\u00edlias assassinadas na Gleba Taquaru\u00e7u, munic\u00edpio de Colniza \u2013 MT, no dia 20 de abril.<!--more--><\/p>\n<p>Este massacre acontece num momento hist\u00f3rico de usurpa\u00e7\u00e3o do poder pol\u00edtico atrav\u00e9s de um golpe institucional, com avan\u00e7os t\u00e3o graves na perda de direitos fundamentais para o povo brasileiro que coloca o governo do atual presidente Temer numa posi\u00e7\u00e3o de guerra contra os pobres, isso refletido de forma concreta nos projetos, como as Medidas Provis\u00f3rias 215 e 759, que violam direitos dos povos do campo e comunidades tradicionais, como tamb\u00e9m no acirramento do cen\u00e1rio de viola\u00e7\u00f5es contra as\/os defensores de direitos humanos. Diversos pol\u00edticos exp\u00f5em abertamente seus discursos de \u00f3dio e incita\u00e7\u00e3o \u00e0 viol\u00eancia contra as comunidades que lutam pelos seus direitos. Vivemos um clima de \u201cTerra sem lei\u201d, uma verdadeira guerra civil em nosso pa\u00eds.<\/p>\n<p>Como consequ\u00eancia, o ano de 2016 foi o mais violento dos \u00faltimos 13 anos, apontando para uma perspectiva desoladora no campo. E esta situa\u00e7\u00e3o de Colniza, onde assassinaram inclusive crian\u00e7as, nos exp\u00f5e diante dos objetivos de ruralistas que n\u00e3o temem nada para conseguir as terras que buscam.<\/p>\n<p>As fam\u00edlias de agricultores da Gleba Taquaru\u00e7u v\u00eam sofrendo viol\u00eancia desde o ano de 2004. Neste per\u00edodo, em decis\u00e3o judicial, a Cooperativa Agr\u00edcola Mista de Produ\u00e7\u00e3o Roosevelt ganha reintegra\u00e7\u00e3o de posse concedida pelo juiz de Direito da Comarca de Colniza, como anunciada na Nota da Comiss\u00e3o Pastoral da Terra, de 20 de abril deste ano. Em 2007, ao menos 10 trabalhadores foram v\u00edtimas de tortura e c\u00e1rcere privado e, neste mesmo ano, tr\u00eas agricultores foram assassinados.<\/p>\n<p>Como est\u00e3o, neste momento, as fam\u00edlias que vivem em Colniza? O munic\u00edpio j\u00e1 foi considerado o mais violento do pa\u00eds. Sabemos que na regi\u00e3o existem outros conflitos de extrema gravidade, como o da fazenda Magali, desde o ano 2000, e o conflito na Gleba Terra Roxa, desde o ano de 2004. A popula\u00e7\u00e3o teme que outros massacres possam acontecer.<\/p>\n<p>Clamamos justi\u00e7a e que os autores desses crimes sejam processados e punidos. A conseq\u00fcente impunidade no campo, fruto da omiss\u00e3o dos \u00f3rg\u00e3os p\u00fablicos, perpetua a viol\u00eancia.<\/p>\n<p>Na semana em que lamentamos o massacre de Eldorado dos Caraj\u00e1s, ocorrido em 17 de abril de 1997, que vitimou 19 lutadoras e lutadores do povo, somos surpreendidos por outro massacre no campo, que quer amedrontar, calar as vozes e submeter a dignidade do povo brasileiro.<\/p>\n<p>Temos a certeza que o massacre ocorrido jamais roubar\u00e1 os sonhos e as esperan\u00e7as do povo. E jamais calar\u00e1 a voz das comunidades que lutam.<\/p>\n<p>O sangue dos m\u00e1rtires ser\u00e1 sempre semente de JUSTI\u00c7A e VIDA!<br \/>\nS\u00e3o F\u00e9lix do Araguaia, 21 de abril de 2017.<\/p>\n","protected":false},"excerpt":{"rendered":"<p>A Prelazia de S\u00e3o F\u00e9lix do Araguaia, em reuni\u00e3o com suas\/seus agentes de pastoral, seu bispo dom Adriano Ciocca Vasino e o bispo em\u00e9rito dom Pedro Casald\u00e1liga, na cidade de S\u00e3o F\u00e9lix do Araguaia \u2013 MT, manifesta sua dor, indigna\u00e7\u00e3o e solidariedade com as fam\u00edlias assassinadas na Gleba Taquaru\u00e7u, munic\u00edpio de Colniza \u2013 MT, no&#8230;<a class=\"more-link\" href=\"http:\/\/blogdalucianaoliveira.com.br\/blog\/2017\/04\/21\/em-mato-grosso-o-campo-jorra-sangue\/\">Continue a leitura <span class=\"meta-nav\">&raquo;<\/span><\/a><\/p>\n","protected":false},"author":1,"featured_media":10087,"comment_status":"closed","ping_status":"open","sticky":false,"template":"","format":"standard","meta":{"_exactmetrics_skip_tracking":false,"_exactmetrics_sitenote_active":false,"_exactmetrics_sitenote_note":"","_exactmetrics_sitenote_category":0,"jetpack_post_was_ever_published":false,"_jetpack_newsletter_access":"","_jetpack_dont_email_post_to_subs":false,"_jetpack_newsletter_tier_id":0,"_jetpack_memberships_contains_paywalled_content":false,"_jetpack_memberships_contains_paid_content":false,"footnotes":"","jetpack_publicize_message":"","jetpack_publicize_feature_enabled":true,"jetpack_social_post_already_shared":true,"jetpack_social_options":{"image_generator_settings":{"template":"highway","enabled":false},"version":2}},"categories":[1],"tags":[],"class_list":["post-10086","post","type-post","status-publish","format-standard","has-post-thumbnail","hentry","category-notas"],"jetpack_publicize_connections":[],"jetpack_sharing_enabled":true,"jetpack_featured_media_url":"https:\/\/i0.wp.com\/blogdalucianaoliveira.com.br\/blog\/wp-content\/uploads\/2017\/04\/IMG_6030.png?fit=584%2C270","jetpack_shortlink":"https:\/\/wp.me\/p7wKYW-2CG","jetpack-related-posts":[],"_links":{"self":[{"href":"http:\/\/blogdalucianaoliveira.com.br\/blog\/wp-json\/wp\/v2\/posts\/10086","targetHints":{"allow":["GET"]}}],"collection":[{"href":"http:\/\/blogdalucianaoliveira.com.br\/blog\/wp-json\/wp\/v2\/posts"}],"about":[{"href":"http:\/\/blogdalucianaoliveira.com.br\/blog\/wp-json\/wp\/v2\/types\/post"}],"author":[{"embeddable":true,"href":"http:\/\/blogdalucianaoliveira.com.br\/blog\/wp-json\/wp\/v2\/users\/1"}],"replies":[{"embeddable":true,"href":"http:\/\/blogdalucianaoliveira.com.br\/blog\/wp-json\/wp\/v2\/comments?post=10086"}],"version-history":[{"count":1,"href":"http:\/\/blogdalucianaoliveira.com.br\/blog\/wp-json\/wp\/v2\/posts\/10086\/revisions"}],"predecessor-version":[{"id":10088,"href":"http:\/\/blogdalucianaoliveira.com.br\/blog\/wp-json\/wp\/v2\/posts\/10086\/revisions\/10088"}],"wp:featuredmedia":[{"embeddable":true,"href":"http:\/\/blogdalucianaoliveira.com.br\/blog\/wp-json\/wp\/v2\/media\/10087"}],"wp:attachment":[{"href":"http:\/\/blogdalucianaoliveira.com.br\/blog\/wp-json\/wp\/v2\/media?parent=10086"}],"wp:term":[{"taxonomy":"category","embeddable":true,"href":"http:\/\/blogdalucianaoliveira.com.br\/blog\/wp-json\/wp\/v2\/categories?post=10086"},{"taxonomy":"post_tag","embeddable":true,"href":"http:\/\/blogdalucianaoliveira.com.br\/blog\/wp-json\/wp\/v2\/tags?post=10086"}],"curies":[{"name":"wp","href":"https:\/\/api.w.org\/{rel}","templated":true}]}}