{"id":10089,"date":"2017-04-21T21:09:04","date_gmt":"2017-04-22T01:09:04","guid":{"rendered":"http:\/\/blogdalucianaoliveira.com.br\/blog\/?p=10089"},"modified":"2017-04-21T21:09:04","modified_gmt":"2017-04-22T01:09:04","slug":"massacre-em-assentamento-deixa-pelo-menos-cinco-mortos-no-interior-do-mato-grosso","status":"publish","type":"post","link":"http:\/\/blogdalucianaoliveira.com.br\/blog\/2017\/04\/21\/massacre-em-assentamento-deixa-pelo-menos-cinco-mortos-no-interior-do-mato-grosso\/","title":{"rendered":"Massacre em assentamento deixa pelo menos cinco mortos no interior do Mato Grosso"},"content":{"rendered":"<p><img data-recalc-dims=\"1\" loading=\"lazy\" decoding=\"async\" data-attachment-id=\"10090\" data-permalink=\"http:\/\/blogdalucianaoliveira.com.br\/blog\/2017\/04\/21\/massacre-em-assentamento-deixa-pelo-menos-cinco-mortos-no-interior-do-mato-grosso\/img_6031\/\" data-orig-file=\"https:\/\/i0.wp.com\/blogdalucianaoliveira.com.br\/blog\/wp-content\/uploads\/2017\/04\/IMG_6031.jpg?fit=640%2C383\" data-orig-size=\"640,383\" data-comments-opened=\"0\" data-image-meta=\"{&quot;aperture&quot;:&quot;0&quot;,&quot;credit&quot;:&quot;&quot;,&quot;camera&quot;:&quot;&quot;,&quot;caption&quot;:&quot;&quot;,&quot;created_timestamp&quot;:&quot;0&quot;,&quot;copyright&quot;:&quot;&quot;,&quot;focal_length&quot;:&quot;0&quot;,&quot;iso&quot;:&quot;0&quot;,&quot;shutter_speed&quot;:&quot;0&quot;,&quot;title&quot;:&quot;&quot;,&quot;orientation&quot;:&quot;0&quot;}\" data-image-title=\"IMG_6031\" data-image-description=\"\" data-image-caption=\"\" data-medium-file=\"https:\/\/i0.wp.com\/blogdalucianaoliveira.com.br\/blog\/wp-content\/uploads\/2017\/04\/IMG_6031.jpg?fit=300%2C180\" data-large-file=\"https:\/\/i0.wp.com\/blogdalucianaoliveira.com.br\/blog\/wp-content\/uploads\/2017\/04\/IMG_6031.jpg?fit=600%2C359\" src=\"https:\/\/i0.wp.com\/blogdalucianaoliveira.com.br\/blog\/wp-content\/uploads\/2017\/04\/IMG_6031.jpg?resize=600%2C359\" alt=\"IMG_6031\" width=\"600\" height=\"359\" class=\"alignnone size-full wp-image-10090\" srcset=\"https:\/\/i0.wp.com\/blogdalucianaoliveira.com.br\/blog\/wp-content\/uploads\/2017\/04\/IMG_6031.jpg?w=640 640w, https:\/\/i0.wp.com\/blogdalucianaoliveira.com.br\/blog\/wp-content\/uploads\/2017\/04\/IMG_6031.jpg?resize=300%2C180 300w, https:\/\/i0.wp.com\/blogdalucianaoliveira.com.br\/blog\/wp-content\/uploads\/2017\/04\/IMG_6031.jpg?resize=501%2C300 501w\" sizes=\"auto, (max-width: 600px) 100vw, 600px\" \/><\/p>\n<p>Lilian Campelo<br \/>\nBrasil de Fato | Bel\u00e9m (PA)<!--more--><\/p>\n<p>A Secretaria de Seguran\u00e7a P\u00fablica de Mato Grosso (Sesp) confirmou, nesta sexta-feira (21), a morte de cinco moradores do assentamento Taquaru\u00e7u do Norte, localizado pr\u00f3ximo ao Distrito de Guariba, em Colniza, no Mato Grosso, distante 1.065 quil\u00f4metros da capital Cuiab\u00e1. As informa\u00e7\u00f5es foram enviadas \u00e0 Sesp por um grupo composto por policias militares e civis que se deslocaram at\u00e9 o local onde ocorreu o massacre.<\/p>\n<p><img data-recalc-dims=\"1\" loading=\"lazy\" decoding=\"async\" data-attachment-id=\"10091\" data-permalink=\"http:\/\/blogdalucianaoliveira.com.br\/blog\/2017\/04\/21\/massacre-em-assentamento-deixa-pelo-menos-cinco-mortos-no-interior-do-mato-grosso\/img_6032\/\" data-orig-file=\"https:\/\/i0.wp.com\/blogdalucianaoliveira.com.br\/blog\/wp-content\/uploads\/2017\/04\/IMG_6032.png?fit=768%2C583\" data-orig-size=\"768,583\" data-comments-opened=\"0\" data-image-meta=\"{&quot;aperture&quot;:&quot;0&quot;,&quot;credit&quot;:&quot;&quot;,&quot;camera&quot;:&quot;&quot;,&quot;caption&quot;:&quot;&quot;,&quot;created_timestamp&quot;:&quot;0&quot;,&quot;copyright&quot;:&quot;&quot;,&quot;focal_length&quot;:&quot;0&quot;,&quot;iso&quot;:&quot;0&quot;,&quot;shutter_speed&quot;:&quot;0&quot;,&quot;title&quot;:&quot;&quot;,&quot;orientation&quot;:&quot;0&quot;}\" data-image-title=\"IMG_6032\" data-image-description=\"\" data-image-caption=\"\" data-medium-file=\"https:\/\/i0.wp.com\/blogdalucianaoliveira.com.br\/blog\/wp-content\/uploads\/2017\/04\/IMG_6032.png?fit=300%2C228\" data-large-file=\"https:\/\/i0.wp.com\/blogdalucianaoliveira.com.br\/blog\/wp-content\/uploads\/2017\/04\/IMG_6032.png?fit=600%2C455\" src=\"https:\/\/i0.wp.com\/blogdalucianaoliveira.com.br\/blog\/wp-content\/uploads\/2017\/04\/IMG_6032.png?resize=600%2C455\" alt=\"IMG_6032\" width=\"600\" height=\"455\" class=\"alignnone size-full wp-image-10091\" srcset=\"https:\/\/i0.wp.com\/blogdalucianaoliveira.com.br\/blog\/wp-content\/uploads\/2017\/04\/IMG_6032.png?w=768 768w, https:\/\/i0.wp.com\/blogdalucianaoliveira.com.br\/blog\/wp-content\/uploads\/2017\/04\/IMG_6032.png?resize=300%2C228 300w, https:\/\/i0.wp.com\/blogdalucianaoliveira.com.br\/blog\/wp-content\/uploads\/2017\/04\/IMG_6032.png?resize=395%2C300 395w\" sizes=\"auto, (max-width: 600px) 100vw, 600px\" \/><\/p>\n<p>A Secretaria de Seguran\u00e7a P\u00fablica de Mato Grosso (Sesp) confirmou, nesta sexta-feira (21), a morte de cinco moradores do assentamento Taquaru\u00e7u do Norte, localizado pr\u00f3ximo ao Distrito de Guariba, em Colniza, no Mato Grosso, distante 1.065 quil\u00f4metros da capital Cuiab\u00e1. As informa\u00e7\u00f5es foram enviadas \u00e0 Sesp por um grupo composto por policias militares e civis que se deslocaram at\u00e9 o local onde ocorreu o massacre.<\/p>\n<p>Imagem: Site Carta Capital<\/p>\n<p>De acordo com a assessoria de comunica\u00e7\u00e3o da Sesp, o assentamento fica pr\u00f3ximo \u00e0 divisa do estado de Rond\u00f4nia, em uma regi\u00e3o de dif\u00edcil acesso de transporte e de comunica\u00e7\u00e3o. Por isso, ainda n\u00e3o h\u00e1 confirma\u00e7\u00e3o do n\u00famero exato de v\u00edtimas assassinadas.<\/p>\n<p>As informa\u00e7\u00f5es preliminares enviadas \u00e0 Secretaria, segundo nota publicada no site, \u00e9 que encapuzados invadiram o terreno e assassinaram 10 pessoas. Os relatos que chegaram at\u00e9 a pol\u00edcia de Colniza \u00e9 que entre entre as v\u00edtimas pode haver crian\u00e7as e idosos, al\u00e9m de pessoas feridas e outras desaparecidas na regi\u00e3o.<\/p>\n<p>Ainda segundo a assessoria, o grupo de policias militares e civis conseguiu chegar ao munic\u00edpio de Guariba na noite desta quinta (20) e, ap\u00f3s falar com parentes das v\u00edtimas, confirmou a morte de cinco adultos. <\/p>\n<p>Os policiais, at\u00e9 aquele momento, ainda n\u00e3o haviam chegado ao local do crime. Eles se deslocaram 200 quil\u00f4metros de Guariba at\u00e9 a Taquaru\u00e7u do Norte. Para chegar ao local onde ocorreu o massacre s\u00e3o necess\u00e1rios mais 18 quil\u00f4metros por terra e 15 minutos de barco.<\/p>\n<p>Os assassinatos de Taquaru\u00e7u do Norte ocorrem na semana em que \u00e9 lembrado o massacre de Eldorado dos Caraj\u00e1s, quando morreram 21 integrantes do Movimento dos Trabalhadores Rurais Sem Terra (MST), no Par\u00e1, em17 de abril de 1996.<\/p>\n<p>Edi\u00e7\u00e3o: Vanessa Martina Silva<\/p>\n","protected":false},"excerpt":{"rendered":"<p>Lilian Campelo Brasil de Fato | Bel\u00e9m (PA)<\/p>\n","protected":false},"author":1,"featured_media":0,"comment_status":"closed","ping_status":"open","sticky":false,"template":"","format":"standard","meta":{"_exactmetrics_skip_tracking":false,"_exactmetrics_sitenote_active":false,"_exactmetrics_sitenote_note":"","_exactmetrics_sitenote_category":0,"jetpack_post_was_ever_published":false,"_jetpack_newsletter_access":"","_jetpack_dont_email_post_to_subs":false,"_jetpack_newsletter_tier_id":0,"_jetpack_memberships_contains_paywalled_content":false,"_jetpack_memberships_contains_paid_content":false,"footnotes":"","jetpack_publicize_message":"","jetpack_publicize_feature_enabled":true,"jetpack_social_post_already_shared":true,"jetpack_social_options":{"image_generator_settings":{"template":"highway","enabled":false},"version":2}},"categories":[1],"tags":[],"class_list":["post-10089","post","type-post","status-publish","format-standard","hentry","category-notas"],"jetpack_publicize_connections":[],"jetpack_sharing_enabled":true,"jetpack_featured_media_url":"","jetpack_shortlink":"https:\/\/wp.me\/p7wKYW-2CJ","jetpack-related-posts":[],"_links":{"self":[{"href":"http:\/\/blogdalucianaoliveira.com.br\/blog\/wp-json\/wp\/v2\/posts\/10089","targetHints":{"allow":["GET"]}}],"collection":[{"href":"http:\/\/blogdalucianaoliveira.com.br\/blog\/wp-json\/wp\/v2\/posts"}],"about":[{"href":"http:\/\/blogdalucianaoliveira.com.br\/blog\/wp-json\/wp\/v2\/types\/post"}],"author":[{"embeddable":true,"href":"http:\/\/blogdalucianaoliveira.com.br\/blog\/wp-json\/wp\/v2\/users\/1"}],"replies":[{"embeddable":true,"href":"http:\/\/blogdalucianaoliveira.com.br\/blog\/wp-json\/wp\/v2\/comments?post=10089"}],"version-history":[{"count":1,"href":"http:\/\/blogdalucianaoliveira.com.br\/blog\/wp-json\/wp\/v2\/posts\/10089\/revisions"}],"predecessor-version":[{"id":10092,"href":"http:\/\/blogdalucianaoliveira.com.br\/blog\/wp-json\/wp\/v2\/posts\/10089\/revisions\/10092"}],"wp:attachment":[{"href":"http:\/\/blogdalucianaoliveira.com.br\/blog\/wp-json\/wp\/v2\/media?parent=10089"}],"wp:term":[{"taxonomy":"category","embeddable":true,"href":"http:\/\/blogdalucianaoliveira.com.br\/blog\/wp-json\/wp\/v2\/categories?post=10089"},{"taxonomy":"post_tag","embeddable":true,"href":"http:\/\/blogdalucianaoliveira.com.br\/blog\/wp-json\/wp\/v2\/tags?post=10089"}],"curies":[{"name":"wp","href":"https:\/\/api.w.org\/{rel}","templated":true}]}}