{"id":10107,"date":"2017-04-23T18:28:42","date_gmt":"2017-04-23T22:28:42","guid":{"rendered":"http:\/\/blogdalucianaoliveira.com.br\/blog\/?p=10107"},"modified":"2017-04-23T18:30:48","modified_gmt":"2017-04-23T22:30:48","slug":"eleicao-na-franca-mostra-que-reformas-de-temer-nao-passariam-nas-urnas","status":"publish","type":"post","link":"http:\/\/blogdalucianaoliveira.com.br\/blog\/2017\/04\/23\/eleicao-na-franca-mostra-que-reformas-de-temer-nao-passariam-nas-urnas\/","title":{"rendered":"Elei\u00e7\u00e3o na Fran\u00e7a mostra que reformas de Temer n\u00e3o passariam nas urnas l\u00e1"},"content":{"rendered":"<p><img data-recalc-dims=\"1\" loading=\"lazy\" decoding=\"async\" data-attachment-id=\"10108\" data-permalink=\"http:\/\/blogdalucianaoliveira.com.br\/blog\/2017\/04\/23\/eleicao-na-franca-mostra-que-reformas-de-temer-nao-passariam-nas-urnas\/img_6093\/\" data-orig-file=\"https:\/\/i0.wp.com\/blogdalucianaoliveira.com.br\/blog\/wp-content\/uploads\/2017\/04\/IMG_6093.jpg?fit=750%2C181\" data-orig-size=\"750,181\" data-comments-opened=\"0\" data-image-meta=\"{&quot;aperture&quot;:&quot;0&quot;,&quot;credit&quot;:&quot;&quot;,&quot;camera&quot;:&quot;&quot;,&quot;caption&quot;:&quot;&quot;,&quot;created_timestamp&quot;:&quot;0&quot;,&quot;copyright&quot;:&quot;&quot;,&quot;focal_length&quot;:&quot;0&quot;,&quot;iso&quot;:&quot;0&quot;,&quot;shutter_speed&quot;:&quot;0&quot;,&quot;title&quot;:&quot;&quot;,&quot;orientation&quot;:&quot;0&quot;}\" data-image-title=\"IMG_6093\" data-image-description=\"\" data-image-caption=\"\" data-medium-file=\"https:\/\/i0.wp.com\/blogdalucianaoliveira.com.br\/blog\/wp-content\/uploads\/2017\/04\/IMG_6093.jpg?fit=300%2C72\" data-large-file=\"https:\/\/i0.wp.com\/blogdalucianaoliveira.com.br\/blog\/wp-content\/uploads\/2017\/04\/IMG_6093.jpg?fit=600%2C145\" src=\"https:\/\/i0.wp.com\/blogdalucianaoliveira.com.br\/blog\/wp-content\/uploads\/2017\/04\/IMG_6093.jpg?resize=600%2C145\" alt=\"IMG_6093\" width=\"600\" height=\"145\" class=\"alignnone size-full wp-image-10108\" srcset=\"https:\/\/i0.wp.com\/blogdalucianaoliveira.com.br\/blog\/wp-content\/uploads\/2017\/04\/IMG_6093.jpg?w=750 750w, https:\/\/i0.wp.com\/blogdalucianaoliveira.com.br\/blog\/wp-content\/uploads\/2017\/04\/IMG_6093.jpg?resize=300%2C72 300w\" sizes=\"auto, (max-width: 600px) 100vw, 600px\" \/><\/p>\n<p>O que o ileg\u00edtimo Michel Temer prop\u00f5e como reformas para o Brasil, na Fran\u00e7a, nem a extrema-direita faria! E o que a direita tradicional como Temer, prop\u00f4s foi recusado nas urnas. <\/p>\n<p>Na Fran\u00e7a, a REDU\u00c7\u00c3O da idade m\u00ednima pra aposentadoria, de 62 pra 60 \u00e9 promessa at\u00e9 de Marine Le Pen.<\/p>\n<p>Aqui, Temer quer aumentar. Prop\u00f4s inicialmente 65 pra homens e mulheres. <\/p>\n<p>A direita tradicional, com Fillon, que sugeriu alterar a atual jornada de trabalho de 35 horas semanais, permitindo que cada empresa decida por meio de conven\u00e7\u00f5es coletivas, foi derrotada no primeiro turno. <\/p>\n<p>Aqui, Temer segue defendendo como ele, que o acordado prevale\u00e7a sobre o legislado. Mexer nos direitos dos trabalhadores colocou Fillon em terceiro na disputa eleitoral, embolado com a extrema-esquerda.<\/p>\n","protected":false},"excerpt":{"rendered":"<p>O que o ileg\u00edtimo Michel Temer prop\u00f5e como reformas para o Brasil, na Fran\u00e7a, nem a extrema-direita faria! E o que a direita tradicional como Temer, prop\u00f4s foi recusado nas urnas. Na Fran\u00e7a, a REDU\u00c7\u00c3O da idade m\u00ednima pra aposentadoria, de 62 pra 60 \u00e9 promessa at\u00e9 de Marine Le Pen. Aqui, Temer quer aumentar&#8230;.<a class=\"more-link\" href=\"http:\/\/blogdalucianaoliveira.com.br\/blog\/2017\/04\/23\/eleicao-na-franca-mostra-que-reformas-de-temer-nao-passariam-nas-urnas\/\">Continue a leitura <span class=\"meta-nav\">&raquo;<\/span><\/a><\/p>\n","protected":false},"author":1,"featured_media":10108,"comment_status":"closed","ping_status":"open","sticky":false,"template":"","format":"standard","meta":{"_exactmetrics_skip_tracking":false,"_exactmetrics_sitenote_active":false,"_exactmetrics_sitenote_note":"","_exactmetrics_sitenote_category":0,"jetpack_post_was_ever_published":false,"_jetpack_newsletter_access":"","_jetpack_dont_email_post_to_subs":false,"_jetpack_newsletter_tier_id":0,"_jetpack_memberships_contains_paywalled_content":false,"_jetpack_memberships_contains_paid_content":false,"footnotes":"","jetpack_publicize_message":"","jetpack_publicize_feature_enabled":true,"jetpack_social_post_already_shared":true,"jetpack_social_options":{"image_generator_settings":{"template":"highway","enabled":false},"version":2}},"categories":[1],"tags":[],"class_list":["post-10107","post","type-post","status-publish","format-standard","has-post-thumbnail","hentry","category-notas"],"jetpack_publicize_connections":[],"jetpack_sharing_enabled":true,"jetpack_featured_media_url":"https:\/\/i0.wp.com\/blogdalucianaoliveira.com.br\/blog\/wp-content\/uploads\/2017\/04\/IMG_6093.jpg?fit=750%2C181","jetpack_shortlink":"https:\/\/wp.me\/p7wKYW-2D1","jetpack-related-posts":[],"_links":{"self":[{"href":"http:\/\/blogdalucianaoliveira.com.br\/blog\/wp-json\/wp\/v2\/posts\/10107","targetHints":{"allow":["GET"]}}],"collection":[{"href":"http:\/\/blogdalucianaoliveira.com.br\/blog\/wp-json\/wp\/v2\/posts"}],"about":[{"href":"http:\/\/blogdalucianaoliveira.com.br\/blog\/wp-json\/wp\/v2\/types\/post"}],"author":[{"embeddable":true,"href":"http:\/\/blogdalucianaoliveira.com.br\/blog\/wp-json\/wp\/v2\/users\/1"}],"replies":[{"embeddable":true,"href":"http:\/\/blogdalucianaoliveira.com.br\/blog\/wp-json\/wp\/v2\/comments?post=10107"}],"version-history":[{"count":2,"href":"http:\/\/blogdalucianaoliveira.com.br\/blog\/wp-json\/wp\/v2\/posts\/10107\/revisions"}],"predecessor-version":[{"id":10110,"href":"http:\/\/blogdalucianaoliveira.com.br\/blog\/wp-json\/wp\/v2\/posts\/10107\/revisions\/10110"}],"wp:featuredmedia":[{"embeddable":true,"href":"http:\/\/blogdalucianaoliveira.com.br\/blog\/wp-json\/wp\/v2\/media\/10108"}],"wp:attachment":[{"href":"http:\/\/blogdalucianaoliveira.com.br\/blog\/wp-json\/wp\/v2\/media?parent=10107"}],"wp:term":[{"taxonomy":"category","embeddable":true,"href":"http:\/\/blogdalucianaoliveira.com.br\/blog\/wp-json\/wp\/v2\/categories?post=10107"},{"taxonomy":"post_tag","embeddable":true,"href":"http:\/\/blogdalucianaoliveira.com.br\/blog\/wp-json\/wp\/v2\/tags?post=10107"}],"curies":[{"name":"wp","href":"https:\/\/api.w.org\/{rel}","templated":true}]}}