{"id":10114,"date":"2017-04-24T09:14:31","date_gmt":"2017-04-24T13:14:31","guid":{"rendered":"http:\/\/blogdalucianaoliveira.com.br\/blog\/?p=10114"},"modified":"2017-04-24T09:14:31","modified_gmt":"2017-04-24T13:14:31","slug":"leonardo-boff-desmente-maldosos-das-redes-sociais","status":"publish","type":"post","link":"http:\/\/blogdalucianaoliveira.com.br\/blog\/2017\/04\/24\/leonardo-boff-desmente-maldosos-das-redes-sociais\/","title":{"rendered":"Leonardo Boff desmente maldosos das redes sociais"},"content":{"rendered":"<p><img data-recalc-dims=\"1\" loading=\"lazy\" decoding=\"async\" data-attachment-id=\"10115\" data-permalink=\"http:\/\/blogdalucianaoliveira.com.br\/blog\/2017\/04\/24\/leonardo-boff-desmente-maldosos-das-redes-sociais\/boff-ruptura-22-jul1\/\" data-orig-file=\"https:\/\/i0.wp.com\/blogdalucianaoliveira.com.br\/blog\/wp-content\/uploads\/2017\/04\/Boff-Ruptura-22-jul1.jpg?fit=700%2C394\" data-orig-size=\"700,394\" data-comments-opened=\"0\" data-image-meta=\"{&quot;aperture&quot;:&quot;0&quot;,&quot;credit&quot;:&quot;&quot;,&quot;camera&quot;:&quot;&quot;,&quot;caption&quot;:&quot;&quot;,&quot;created_timestamp&quot;:&quot;0&quot;,&quot;copyright&quot;:&quot;&quot;,&quot;focal_length&quot;:&quot;0&quot;,&quot;iso&quot;:&quot;0&quot;,&quot;shutter_speed&quot;:&quot;0&quot;,&quot;title&quot;:&quot;&quot;,&quot;orientation&quot;:&quot;0&quot;}\" data-image-title=\"Boff-Ruptura-22-jul1\" data-image-description=\"\" data-image-caption=\"\" data-medium-file=\"https:\/\/i0.wp.com\/blogdalucianaoliveira.com.br\/blog\/wp-content\/uploads\/2017\/04\/Boff-Ruptura-22-jul1.jpg?fit=300%2C169\" data-large-file=\"https:\/\/i0.wp.com\/blogdalucianaoliveira.com.br\/blog\/wp-content\/uploads\/2017\/04\/Boff-Ruptura-22-jul1.jpg?fit=600%2C338\" src=\"https:\/\/i0.wp.com\/blogdalucianaoliveira.com.br\/blog\/wp-content\/uploads\/2017\/04\/Boff-Ruptura-22-jul1.jpg?resize=600%2C338\" alt=\"Boff-Ruptura-22-jul1\" width=\"600\" height=\"338\" class=\"alignnone size-full wp-image-10115\" srcset=\"https:\/\/i0.wp.com\/blogdalucianaoliveira.com.br\/blog\/wp-content\/uploads\/2017\/04\/Boff-Ruptura-22-jul1.jpg?w=700 700w, https:\/\/i0.wp.com\/blogdalucianaoliveira.com.br\/blog\/wp-content\/uploads\/2017\/04\/Boff-Ruptura-22-jul1.jpg?resize=300%2C169 300w, https:\/\/i0.wp.com\/blogdalucianaoliveira.com.br\/blog\/wp-content\/uploads\/2017\/04\/Boff-Ruptura-22-jul1.jpg?resize=533%2C300 533w\" sizes=\"auto, (max-width: 600px) 100vw, 600px\" \/><\/p>\n<p>N\u00e3o fiz as cr\u00edticas a Lula que falsamente me atribuem<!--more--><\/p>\n<p>Correm pelas redes sociais cr\u00edticas que teria feito a Lula. Elas s\u00e3o falsas. Pessoalmente n\u00e3o fiz nenhuma cr\u00edtica. O que fiz foi publicar no meu blog (leonardoboff.wordpress.com) um artigo de Carla Jim\u00e9nez no jornal espanhol El Pais que leva como o t\u00edtulo:\u201dUma elite amoral e mesquinha se revela nas dela\u00e7\u00f5es da Odebrecht\u201d.<\/p>\n<p>Considerei o artigo bem informado sobre a corrup\u00e7\u00e3o que tomou conta das empreiteiras. Estas  corromperam e beneficiaram a quase todos os grandes partidos com caixa 2 ou com propinas. Um olhar de fora \u00e9 sempre instrutivo, pois quando algu\u00e9m escreve algo semelhante, aqui dentro do pa\u00eds, frequentemente \u00e9 desqualificado como partidista, oportunista e mesmo falso.<\/p>\n<p>No referido artigo Carla Jim\u00e9nez, no final, faz cr\u00edticas ao Lula o que considero, dentro da democracia, leg\u00edtimo, embora n\u00e3o concorde.<\/p>\n<p>Fiz um introdu\u00e7\u00e3o bastante longa ao artigo e depois o transcrevi.<\/p>\n<p>Pessoas mal intencionadas tomaram aquele t\u00f3pico critico a Lula e o atribu\u00edram a mim como se eu tivesse escrito tal coisa. E assim foi distribu\u00eddo nas redes sociais. Repito: tal cr\u00edtica n\u00e3o \u00e9 minha, mas da jornalista do El Pais. Repudio a m\u00e1 f\u00e9 de quem tirou do texto aquele t\u00f3pico e falsamente afirma que a cr\u00edtica foi feita por mim.<\/p>\n<p>Corrup\u00e7\u00e3o se realiza n\u00e3o apenas nos neg\u00f3cios, mas corrup\u00e7\u00e3o existe tamb\u00e9m nas mentes de pessoas interessadas em desfazer a imagem do outro atribuindo-lhe coisas que n\u00e3o disse e n\u00e3o fez.<\/p>\n<p>Fica aqui o meu esclarecimento em fun\u00e7\u00e3o da verdade e como den\u00fancia de uma atribui\u00e7\u00e3o feita malevolamente.<\/p>\n<p>Leonardo Boff, te\u00f3logo, fil\u00f3sofo e articulista do JB on line.<\/p>\n","protected":false},"excerpt":{"rendered":"<p>N\u00e3o fiz as cr\u00edticas a Lula que falsamente me atribuem<\/p>\n","protected":false},"author":1,"featured_media":0,"comment_status":"closed","ping_status":"open","sticky":false,"template":"","format":"standard","meta":{"_exactmetrics_skip_tracking":false,"_exactmetrics_sitenote_active":false,"_exactmetrics_sitenote_note":"","_exactmetrics_sitenote_category":0,"jetpack_post_was_ever_published":false,"_jetpack_newsletter_access":"","_jetpack_dont_email_post_to_subs":false,"_jetpack_newsletter_tier_id":0,"_jetpack_memberships_contains_paywalled_content":false,"_jetpack_memberships_contains_paid_content":false,"footnotes":"","jetpack_publicize_message":"","jetpack_publicize_feature_enabled":true,"jetpack_social_post_already_shared":true,"jetpack_social_options":{"image_generator_settings":{"template":"highway","enabled":false},"version":2}},"categories":[1],"tags":[],"class_list":["post-10114","post","type-post","status-publish","format-standard","hentry","category-notas"],"jetpack_publicize_connections":[],"jetpack_sharing_enabled":true,"jetpack_featured_media_url":"","jetpack_shortlink":"https:\/\/wp.me\/p7wKYW-2D8","jetpack-related-posts":[],"_links":{"self":[{"href":"http:\/\/blogdalucianaoliveira.com.br\/blog\/wp-json\/wp\/v2\/posts\/10114","targetHints":{"allow":["GET"]}}],"collection":[{"href":"http:\/\/blogdalucianaoliveira.com.br\/blog\/wp-json\/wp\/v2\/posts"}],"about":[{"href":"http:\/\/blogdalucianaoliveira.com.br\/blog\/wp-json\/wp\/v2\/types\/post"}],"author":[{"embeddable":true,"href":"http:\/\/blogdalucianaoliveira.com.br\/blog\/wp-json\/wp\/v2\/users\/1"}],"replies":[{"embeddable":true,"href":"http:\/\/blogdalucianaoliveira.com.br\/blog\/wp-json\/wp\/v2\/comments?post=10114"}],"version-history":[{"count":1,"href":"http:\/\/blogdalucianaoliveira.com.br\/blog\/wp-json\/wp\/v2\/posts\/10114\/revisions"}],"predecessor-version":[{"id":10116,"href":"http:\/\/blogdalucianaoliveira.com.br\/blog\/wp-json\/wp\/v2\/posts\/10114\/revisions\/10116"}],"wp:attachment":[{"href":"http:\/\/blogdalucianaoliveira.com.br\/blog\/wp-json\/wp\/v2\/media?parent=10114"}],"wp:term":[{"taxonomy":"category","embeddable":true,"href":"http:\/\/blogdalucianaoliveira.com.br\/blog\/wp-json\/wp\/v2\/categories?post=10114"},{"taxonomy":"post_tag","embeddable":true,"href":"http:\/\/blogdalucianaoliveira.com.br\/blog\/wp-json\/wp\/v2\/tags?post=10114"}],"curies":[{"name":"wp","href":"https:\/\/api.w.org\/{rel}","templated":true}]}}