{"id":10127,"date":"2017-04-24T19:03:55","date_gmt":"2017-04-24T23:03:55","guid":{"rendered":"http:\/\/blogdalucianaoliveira.com.br\/blog\/?p=10127"},"modified":"2017-04-24T19:03:55","modified_gmt":"2017-04-24T23:03:55","slug":"militante-do-mst-e-executado-no-vale-do-rio-doce-mg","status":"publish","type":"post","link":"http:\/\/blogdalucianaoliveira.com.br\/blog\/2017\/04\/24\/militante-do-mst-e-executado-no-vale-do-rio-doce-mg\/","title":{"rendered":"Militante do MST \u00e9 executado no Vale do Rio Doce-MG"},"content":{"rendered":"<p><img data-recalc-dims=\"1\" loading=\"lazy\" decoding=\"async\" data-attachment-id=\"10128\" data-permalink=\"http:\/\/blogdalucianaoliveira.com.br\/blog\/2017\/04\/24\/militante-do-mst-e-executado-no-vale-do-rio-doce-mg\/img_6128\/\" data-orig-file=\"https:\/\/i0.wp.com\/blogdalucianaoliveira.com.br\/blog\/wp-content\/uploads\/2017\/04\/IMG_6128.jpg?fit=457%2C322\" data-orig-size=\"457,322\" data-comments-opened=\"0\" data-image-meta=\"{&quot;aperture&quot;:&quot;0&quot;,&quot;credit&quot;:&quot;&quot;,&quot;camera&quot;:&quot;&quot;,&quot;caption&quot;:&quot;&quot;,&quot;created_timestamp&quot;:&quot;0&quot;,&quot;copyright&quot;:&quot;&quot;,&quot;focal_length&quot;:&quot;0&quot;,&quot;iso&quot;:&quot;0&quot;,&quot;shutter_speed&quot;:&quot;0&quot;,&quot;title&quot;:&quot;&quot;,&quot;orientation&quot;:&quot;0&quot;}\" data-image-title=\"IMG_6128\" data-image-description=\"\" data-image-caption=\"\" data-medium-file=\"https:\/\/i0.wp.com\/blogdalucianaoliveira.com.br\/blog\/wp-content\/uploads\/2017\/04\/IMG_6128.jpg?fit=300%2C211\" data-large-file=\"https:\/\/i0.wp.com\/blogdalucianaoliveira.com.br\/blog\/wp-content\/uploads\/2017\/04\/IMG_6128.jpg?fit=457%2C322\" src=\"https:\/\/i0.wp.com\/blogdalucianaoliveira.com.br\/blog\/wp-content\/uploads\/2017\/04\/IMG_6128.jpg?resize=457%2C322\" alt=\"IMG_6128\" width=\"457\" height=\"322\" class=\"alignnone size-full wp-image-10128\" srcset=\"https:\/\/i0.wp.com\/blogdalucianaoliveira.com.br\/blog\/wp-content\/uploads\/2017\/04\/IMG_6128.jpg?w=457 457w, https:\/\/i0.wp.com\/blogdalucianaoliveira.com.br\/blog\/wp-content\/uploads\/2017\/04\/IMG_6128.jpg?resize=300%2C211 300w, https:\/\/i0.wp.com\/blogdalucianaoliveira.com.br\/blog\/wp-content\/uploads\/2017\/04\/IMG_6128.jpg?resize=426%2C300 426w\" sizes=\"auto, (max-width: 457px) 100vw, 457px\" \/><\/p>\n<p>O Movimento dos Trabalhadores Rurais Sem Terra de Minas Gerais (MST MG), vem denunciar mais um assassinato na luta pela terra. Desta vez foi no Assentamento Liberdade, munic\u00edpio de Periquito. <!--more--><\/p>\n<p>Da p\u00e1gina do MST<\/p>\n<p>Por volta das 20 horas, o companheiro Silvino Nunes Gouveia, de 51 anos, dirigente regional do MST, foi brutalmente assassinado com dez tiros. De acordo com relatos de vizinhos, Silvino estava em sua casa quando algu\u00e9m o chamou, ele saiu com a lanterna e foi recebido com os disparos. <\/p>\n<p>No Vale do Rio Doce os conflitos pela terra t\u00eam se intensificado por falta de medidas que agilizem o assentamento das fam\u00edlias acampadas. Nessa regi\u00e3o s\u00e3o mais de 1.200 fam\u00edlias em cinco acampamentos.<\/p>\n<p>Em julho de 2015, o acampamento do MST na fazenda Casa Branca, em Tumiritinga, sofreu v\u00e1rios ataques com tratores blindados e avi\u00e3o pelo suposto propriet\u00e1rio Genil Mata da Cruz, que na \u00e9poca era prefeito de Central de Minas pelo Partido Progressista (PP). Nesse ataque o avi\u00e3o caiu causando a morte do mesmo e de mais um tripulante. Ap\u00f3s o acidente, a fam\u00edlia de Genil fez v\u00e1rias amea\u00e7as \u00e0s lideran\u00e7as locais, entre elas Gouveia. <\/p>\n<p>Recentemente outro conflito se deu na fazenda Pedra Corrida, supostamente propriedade da CENIBRA, uma \u00e1rea com mais de 10.000 hectares com forte suspeita de grilagem. Atualmente mais de 600 fam\u00edlias est\u00e3o ocupando tal fazenda, no munic\u00edpio de Periquito.<\/p>\n<p>Minas Gerais tem um extenso hist\u00f3rico de conflitos agr\u00e1rios. Em 2004, no Vale do Jequitinhonha, cinco trabalhadores foram brutalmente assassinados pelo fazendeiro Adriano Chafick Luedy, r\u00e9u confesso e condenado a mais de cem anos de pris\u00e3o. Este, no entanto, continua em liberdade por decis\u00e3o da justi\u00e7a brasileira. <\/p>\n<p>O clima em Minas Gerais \u00e9 de muita tens\u00e3o. No dia 9 de abril desse ano, no munic\u00edpio de Capit\u00e3o En\u00e9as, Norte de Minas, jagun\u00e7os e o grileiro Leonardo Andrade fizeram uma emboscada contra as fam\u00edlias acampadas na fazenda Norte Am\u00e9rica, ferindo a bala tr\u00eas pessoas. <\/p>\n<p>Atualmente existem quarenta e sete acampamentos com aproximadamente sete mil fam\u00edlias acampadas do MST, em nove regi\u00f5es do estado. A solu\u00e7\u00e3o destes conflitos s\u00f3 ser\u00e1 poss\u00edvel com medidas concretas do Estado: assentar nossas fam\u00edlias e punir os respons\u00e1veis por estas atrocidades. A impunidade \u00e9 uma das principais causas destes crimes, por isso exigimos a imediata apura\u00e7\u00e3o e pris\u00e3o dos criminosos.<\/p>\n","protected":false},"excerpt":{"rendered":"<p>O Movimento dos Trabalhadores Rurais Sem Terra de Minas Gerais (MST MG), vem denunciar mais um assassinato na luta pela terra. Desta vez foi no Assentamento Liberdade, munic\u00edpio de Periquito.<\/p>\n","protected":false},"author":1,"featured_media":0,"comment_status":"closed","ping_status":"open","sticky":false,"template":"","format":"standard","meta":{"_exactmetrics_skip_tracking":false,"_exactmetrics_sitenote_active":false,"_exactmetrics_sitenote_note":"","_exactmetrics_sitenote_category":0,"jetpack_post_was_ever_published":false,"_jetpack_newsletter_access":"","_jetpack_dont_email_post_to_subs":false,"_jetpack_newsletter_tier_id":0,"_jetpack_memberships_contains_paywalled_content":false,"_jetpack_memberships_contains_paid_content":false,"footnotes":"","jetpack_publicize_message":"","jetpack_publicize_feature_enabled":true,"jetpack_social_post_already_shared":true,"jetpack_social_options":{"image_generator_settings":{"template":"highway","enabled":false},"version":2}},"categories":[1],"tags":[],"class_list":["post-10127","post","type-post","status-publish","format-standard","hentry","category-notas"],"jetpack_publicize_connections":[],"jetpack_sharing_enabled":true,"jetpack_featured_media_url":"","jetpack_shortlink":"https:\/\/wp.me\/p7wKYW-2Dl","jetpack-related-posts":[],"_links":{"self":[{"href":"http:\/\/blogdalucianaoliveira.com.br\/blog\/wp-json\/wp\/v2\/posts\/10127","targetHints":{"allow":["GET"]}}],"collection":[{"href":"http:\/\/blogdalucianaoliveira.com.br\/blog\/wp-json\/wp\/v2\/posts"}],"about":[{"href":"http:\/\/blogdalucianaoliveira.com.br\/blog\/wp-json\/wp\/v2\/types\/post"}],"author":[{"embeddable":true,"href":"http:\/\/blogdalucianaoliveira.com.br\/blog\/wp-json\/wp\/v2\/users\/1"}],"replies":[{"embeddable":true,"href":"http:\/\/blogdalucianaoliveira.com.br\/blog\/wp-json\/wp\/v2\/comments?post=10127"}],"version-history":[{"count":1,"href":"http:\/\/blogdalucianaoliveira.com.br\/blog\/wp-json\/wp\/v2\/posts\/10127\/revisions"}],"predecessor-version":[{"id":10129,"href":"http:\/\/blogdalucianaoliveira.com.br\/blog\/wp-json\/wp\/v2\/posts\/10127\/revisions\/10129"}],"wp:attachment":[{"href":"http:\/\/blogdalucianaoliveira.com.br\/blog\/wp-json\/wp\/v2\/media?parent=10127"}],"wp:term":[{"taxonomy":"category","embeddable":true,"href":"http:\/\/blogdalucianaoliveira.com.br\/blog\/wp-json\/wp\/v2\/categories?post=10127"},{"taxonomy":"post_tag","embeddable":true,"href":"http:\/\/blogdalucianaoliveira.com.br\/blog\/wp-json\/wp\/v2\/tags?post=10127"}],"curies":[{"name":"wp","href":"https:\/\/api.w.org\/{rel}","templated":true}]}}