{"id":10134,"date":"2017-04-25T11:49:26","date_gmt":"2017-04-25T15:49:26","guid":{"rendered":"http:\/\/blogdalucianaoliveira.com.br\/blog\/?p=10134"},"modified":"2017-04-25T11:49:26","modified_gmt":"2017-04-25T15:49:26","slug":"pf-pediu-para-mudar-depoimento-de-lula-para-conter-movimento-popular","status":"publish","type":"post","link":"http:\/\/blogdalucianaoliveira.com.br\/blog\/2017\/04\/25\/pf-pediu-para-mudar-depoimento-de-lula-para-conter-movimento-popular\/","title":{"rendered":"PF PEDIU PARA MUDAR DEPOIMENTO DE LULA PARA CONTER MOVIMENTO POPULAR"},"content":{"rendered":"<p><img data-recalc-dims=\"1\" loading=\"lazy\" decoding=\"async\" data-attachment-id=\"10135\" data-permalink=\"http:\/\/blogdalucianaoliveira.com.br\/blog\/2017\/04\/25\/pf-pediu-para-mudar-depoimento-de-lula-para-conter-movimento-popular\/lula-3\/\" data-orig-file=\"https:\/\/i0.wp.com\/blogdalucianaoliveira.com.br\/blog\/wp-content\/uploads\/2017\/04\/lula.jpg?fit=1000%2C357\" data-orig-size=\"1000,357\" data-comments-opened=\"0\" data-image-meta=\"{&quot;aperture&quot;:&quot;0&quot;,&quot;credit&quot;:&quot;&quot;,&quot;camera&quot;:&quot;&quot;,&quot;caption&quot;:&quot;&quot;,&quot;created_timestamp&quot;:&quot;0&quot;,&quot;copyright&quot;:&quot;&quot;,&quot;focal_length&quot;:&quot;0&quot;,&quot;iso&quot;:&quot;0&quot;,&quot;shutter_speed&quot;:&quot;0&quot;,&quot;title&quot;:&quot;&quot;,&quot;orientation&quot;:&quot;0&quot;}\" data-image-title=\"lula\" data-image-description=\"\" data-image-caption=\"\" data-medium-file=\"https:\/\/i0.wp.com\/blogdalucianaoliveira.com.br\/blog\/wp-content\/uploads\/2017\/04\/lula.jpg?fit=300%2C107\" data-large-file=\"https:\/\/i0.wp.com\/blogdalucianaoliveira.com.br\/blog\/wp-content\/uploads\/2017\/04\/lula.jpg?fit=600%2C214\" src=\"https:\/\/i0.wp.com\/blogdalucianaoliveira.com.br\/blog\/wp-content\/uploads\/2017\/04\/lula.jpg?resize=600%2C214\" alt=\"lula\" width=\"600\" height=\"214\" class=\"alignnone size-full wp-image-10135\" srcset=\"https:\/\/i0.wp.com\/blogdalucianaoliveira.com.br\/blog\/wp-content\/uploads\/2017\/04\/lula.jpg?w=1000 1000w, https:\/\/i0.wp.com\/blogdalucianaoliveira.com.br\/blog\/wp-content\/uploads\/2017\/04\/lula.jpg?resize=300%2C107 300w, https:\/\/i0.wp.com\/blogdalucianaoliveira.com.br\/blog\/wp-content\/uploads\/2017\/04\/lula.jpg?resize=768%2C274 768w, https:\/\/i0.wp.com\/blogdalucianaoliveira.com.br\/blog\/wp-content\/uploads\/2017\/04\/lula.jpg?resize=800%2C286 800w\" sizes=\"auto, (max-width: 600px) 100vw, 600px\" \/><\/p>\n<p>247 &#8211; A Pol\u00edcia Federal pediu ao juiz Sergio Moro, que julga os processos da Opera\u00e7\u00e3o Lava Jato em primeira inst\u00e2ncia, que adie o depoimento do ex-presidente Lula, marcado para 3 de maio em Curitiba. <!--more--><\/p>\n<p>A alega\u00e7\u00e3o do pedido demonstra que a corpora\u00e7\u00e3o tem como objetivo conter movimentos populares que organizaram sua ida \u00e0 capital do Paran\u00e1 para uma manifesta\u00e7\u00e3o em apoio ao ex-presidente.<\/p>\n<p>No documento enviado a Moro, o superintendente da Pol\u00edcia Federal no Paran\u00e1, delegado Rosalvo Ferreira Franco, solicita &#8220;mais tempo para realizar as tratativas com os \u00f3rg\u00e3os de seguran\u00e7a e de intelig\u00eancia para audi\u00eancia que ser\u00e1 realizada&#8221;.<\/p>\n<p>Outro pedido similar foi feito a Moro pela Secretaria de Seguran\u00e7a P\u00fablica e Administra\u00e7\u00e3o Penitenci\u00e1ria do governo do Paran\u00e1, alegando &#8220;poss\u00edvel deslocamento de movimentos populares (&#8230;), o que pode gerar problema de seguran\u00e7a p\u00fablica, institucional e pessoal&#8221;.<\/p>\n<p>Moro ainda n\u00e3o se manifestou oficialmente sobre a data. Reportagem publicada pela Folha de S. Paulo nesta segunda-feira 24 informava que o magistrado j\u00e1 havia adiado a audi\u00eancia do dia 3 para o dia 10 de maio.<\/p>\n<p>Nesta ter\u00e7a, o colunista do Globo Merval Pereira disse que o adiamento pode ter como objetivo a pris\u00e3o de Lula antes da realiza\u00e7\u00e3o da audi\u00eancia. &#8220;A PF pediu o adiamento para organizar melhor o esquema de seguran\u00e7a ou est\u00e1 juntando mais provas contra Lula?&#8221;, questionou.<\/p>\n<p>Na noite desta segunda, Lula disse estar &#8220;ansioso&#8221; para depor a Moro e declarou que ele \u00e9 o mais interessado na verdade. &#8220;N\u00e3o estou preocupado com a data, isso \u00e9 com o juiz Moro&#8221;, afirmou, em evento realizado em Bras\u00edlia pela Funda\u00e7\u00e3o Perseu Abramo.<\/p>\n","protected":false},"excerpt":{"rendered":"<p>247 &#8211; A Pol\u00edcia Federal pediu ao juiz Sergio Moro, que julga os processos da Opera\u00e7\u00e3o Lava Jato em primeira inst\u00e2ncia, que adie o depoimento do ex-presidente Lula, marcado para 3 de maio em Curitiba.<\/p>\n","protected":false},"author":1,"featured_media":0,"comment_status":"closed","ping_status":"open","sticky":false,"template":"","format":"standard","meta":{"_exactmetrics_skip_tracking":false,"_exactmetrics_sitenote_active":false,"_exactmetrics_sitenote_note":"","_exactmetrics_sitenote_category":0,"jetpack_post_was_ever_published":false,"_jetpack_newsletter_access":"","_jetpack_dont_email_post_to_subs":false,"_jetpack_newsletter_tier_id":0,"_jetpack_memberships_contains_paywalled_content":false,"_jetpack_memberships_contains_paid_content":false,"footnotes":"","jetpack_publicize_message":"","jetpack_publicize_feature_enabled":true,"jetpack_social_post_already_shared":true,"jetpack_social_options":{"image_generator_settings":{"template":"highway","enabled":false},"version":2}},"categories":[1],"tags":[],"class_list":["post-10134","post","type-post","status-publish","format-standard","hentry","category-notas"],"jetpack_publicize_connections":[],"jetpack_sharing_enabled":true,"jetpack_featured_media_url":"","jetpack_shortlink":"https:\/\/wp.me\/p7wKYW-2Ds","jetpack-related-posts":[],"_links":{"self":[{"href":"http:\/\/blogdalucianaoliveira.com.br\/blog\/wp-json\/wp\/v2\/posts\/10134","targetHints":{"allow":["GET"]}}],"collection":[{"href":"http:\/\/blogdalucianaoliveira.com.br\/blog\/wp-json\/wp\/v2\/posts"}],"about":[{"href":"http:\/\/blogdalucianaoliveira.com.br\/blog\/wp-json\/wp\/v2\/types\/post"}],"author":[{"embeddable":true,"href":"http:\/\/blogdalucianaoliveira.com.br\/blog\/wp-json\/wp\/v2\/users\/1"}],"replies":[{"embeddable":true,"href":"http:\/\/blogdalucianaoliveira.com.br\/blog\/wp-json\/wp\/v2\/comments?post=10134"}],"version-history":[{"count":1,"href":"http:\/\/blogdalucianaoliveira.com.br\/blog\/wp-json\/wp\/v2\/posts\/10134\/revisions"}],"predecessor-version":[{"id":10136,"href":"http:\/\/blogdalucianaoliveira.com.br\/blog\/wp-json\/wp\/v2\/posts\/10134\/revisions\/10136"}],"wp:attachment":[{"href":"http:\/\/blogdalucianaoliveira.com.br\/blog\/wp-json\/wp\/v2\/media?parent=10134"}],"wp:term":[{"taxonomy":"category","embeddable":true,"href":"http:\/\/blogdalucianaoliveira.com.br\/blog\/wp-json\/wp\/v2\/categories?post=10134"},{"taxonomy":"post_tag","embeddable":true,"href":"http:\/\/blogdalucianaoliveira.com.br\/blog\/wp-json\/wp\/v2\/tags?post=10134"}],"curies":[{"name":"wp","href":"https:\/\/api.w.org\/{rel}","templated":true}]}}