{"id":10148,"date":"2017-04-26T10:41:29","date_gmt":"2017-04-26T14:41:29","guid":{"rendered":"http:\/\/blogdalucianaoliveira.com.br\/blog\/?p=10148"},"modified":"2017-04-26T10:41:29","modified_gmt":"2017-04-26T14:41:29","slug":"psdb-afunda-no-abraco-de-afogados-com-temer","status":"publish","type":"post","link":"http:\/\/blogdalucianaoliveira.com.br\/blog\/2017\/04\/26\/psdb-afunda-no-abraco-de-afogados-com-temer\/","title":{"rendered":"PSDB AFUNDA NO ABRA\u00c7O DE AFOGADOS COM TEMER"},"content":{"rendered":"<p> <img data-recalc-dims=\"1\" loading=\"lazy\" decoding=\"async\" data-attachment-id=\"10149\" data-permalink=\"http:\/\/blogdalucianaoliveira.com.br\/blog\/2017\/04\/26\/psdb-afunda-no-abraco-de-afogados-com-temer\/afo\/\" data-orig-file=\"https:\/\/i0.wp.com\/blogdalucianaoliveira.com.br\/blog\/wp-content\/uploads\/2017\/04\/afo.jpg?fit=1000%2C357\" data-orig-size=\"1000,357\" data-comments-opened=\"0\" data-image-meta=\"{&quot;aperture&quot;:&quot;0&quot;,&quot;credit&quot;:&quot;&quot;,&quot;camera&quot;:&quot;&quot;,&quot;caption&quot;:&quot;&quot;,&quot;created_timestamp&quot;:&quot;0&quot;,&quot;copyright&quot;:&quot;&quot;,&quot;focal_length&quot;:&quot;0&quot;,&quot;iso&quot;:&quot;0&quot;,&quot;shutter_speed&quot;:&quot;0&quot;,&quot;title&quot;:&quot;&quot;,&quot;orientation&quot;:&quot;0&quot;}\" data-image-title=\"afo\" data-image-description=\"\" data-image-caption=\"\" data-medium-file=\"https:\/\/i0.wp.com\/blogdalucianaoliveira.com.br\/blog\/wp-content\/uploads\/2017\/04\/afo.jpg?fit=300%2C107\" data-large-file=\"https:\/\/i0.wp.com\/blogdalucianaoliveira.com.br\/blog\/wp-content\/uploads\/2017\/04\/afo.jpg?fit=600%2C214\" src=\"https:\/\/i0.wp.com\/blogdalucianaoliveira.com.br\/blog\/wp-content\/uploads\/2017\/04\/afo.jpg?resize=600%2C214\" alt=\"afo\" width=\"600\" height=\"214\" class=\"alignnone size-full wp-image-10149\" srcset=\"https:\/\/i0.wp.com\/blogdalucianaoliveira.com.br\/blog\/wp-content\/uploads\/2017\/04\/afo.jpg?w=1000 1000w, https:\/\/i0.wp.com\/blogdalucianaoliveira.com.br\/blog\/wp-content\/uploads\/2017\/04\/afo.jpg?resize=300%2C107 300w, https:\/\/i0.wp.com\/blogdalucianaoliveira.com.br\/blog\/wp-content\/uploads\/2017\/04\/afo.jpg?resize=768%2C274 768w, https:\/\/i0.wp.com\/blogdalucianaoliveira.com.br\/blog\/wp-content\/uploads\/2017\/04\/afo.jpg?resize=800%2C286 800w\" sizes=\"auto, (max-width: 600px) 100vw, 600px\" \/><\/p>\n<p>247 &#8211; A pesquisa feita pelo Instituto Ipsos, divulgada nesta quarta-feira, 26, n\u00e3o deixa d\u00favidas de que ter patrocinado um golpe de Estado ap\u00f3s ter perdido as elei\u00e7\u00f5es de 2014 foi um erro que deve abreviar a carreira pol\u00edtica da c\u00fapula do PSDB. <!--more--><\/p>\n<p>Segundo o levantamento com 1.200 pessoas em 72 munic\u00edpios entre 1\u00ba e 12 de abril, o senador A\u00e9cio Neves (MG), presidente do PSDB e principal articulador do golpe parlamentar que al\u00e7ou Michel Temer \u00e0 Presid\u00eancia tem uma taxa de desaprova\u00e7\u00e3o de 76% dos brasileiros. <\/p>\n<p>Um patamar abaixo, mas igualmente rejeitados pela ampla maioria da popula\u00e7\u00e3o, est\u00e3o tr\u00eas tucanos: o senador Jos\u00e9 Serra (SP) e o ex-presidente Fernando Henrique Cardoso, ambos com 70% de rejei\u00e7\u00e3o, e o governador de S\u00e3o Paulo, Geraldo Alckmin, com 68%.<\/p>\n<p>Observado sob o prisma da aprova\u00e7\u00e3o, a pesquisa Ipsps mostra como subverter a democracia fez mal para o projeto 2018 do PSDB. Segundo os dados, entre os presidenci\u00e1veis, o ranking da aprova\u00e7\u00e3o fica assim: Lula em primeiro lugar com 34%, seguido por Marina Silva (24%), Jos\u00e9 Serra (18%), Geraldo Alckmin e Jo\u00e3o Doria (14%), Ciro Gomes (PDT) com 11%, e A\u00e9cio em \u00faltimo lugar, empatado com o deputado Jair Bolsonaro (9%).<\/p>\n<p>Al\u00e9m da alta rejei\u00e7\u00e3o aos seus pr\u00f3prios quadros, o PSDB tamb\u00e9m ter\u00e1 que lidar com a alt\u00edssima rejei\u00e7\u00e3o ao governo de Michel Temer, do qual \u00e9 o principal fiador. Segundo o Ipsos, m\u00edseros 4% aprovam o governo Temer. A rejei\u00e7\u00e3o ao peemedebista chegou ao n\u00edvel recorde de 87%. <\/p>\n","protected":false},"excerpt":{"rendered":"<p>247 &#8211; A pesquisa feita pelo Instituto Ipsos, divulgada nesta quarta-feira, 26, n\u00e3o deixa d\u00favidas de que ter patrocinado um golpe de Estado ap\u00f3s ter perdido as elei\u00e7\u00f5es de 2014 foi um erro que deve abreviar a carreira pol\u00edtica da c\u00fapula do PSDB.<\/p>\n","protected":false},"author":1,"featured_media":10149,"comment_status":"closed","ping_status":"open","sticky":false,"template":"","format":"standard","meta":{"_exactmetrics_skip_tracking":false,"_exactmetrics_sitenote_active":false,"_exactmetrics_sitenote_note":"","_exactmetrics_sitenote_category":0,"jetpack_post_was_ever_published":false,"_jetpack_newsletter_access":"","_jetpack_dont_email_post_to_subs":false,"_jetpack_newsletter_tier_id":0,"_jetpack_memberships_contains_paywalled_content":false,"_jetpack_memberships_contains_paid_content":false,"footnotes":"","jetpack_publicize_message":"","jetpack_publicize_feature_enabled":true,"jetpack_social_post_already_shared":true,"jetpack_social_options":{"image_generator_settings":{"template":"highway","enabled":false},"version":2}},"categories":[1],"tags":[],"class_list":["post-10148","post","type-post","status-publish","format-standard","has-post-thumbnail","hentry","category-notas"],"jetpack_publicize_connections":[],"jetpack_sharing_enabled":true,"jetpack_featured_media_url":"https:\/\/i0.wp.com\/blogdalucianaoliveira.com.br\/blog\/wp-content\/uploads\/2017\/04\/afo.jpg?fit=1000%2C357","jetpack_shortlink":"https:\/\/wp.me\/p7wKYW-2DG","jetpack-related-posts":[],"_links":{"self":[{"href":"http:\/\/blogdalucianaoliveira.com.br\/blog\/wp-json\/wp\/v2\/posts\/10148","targetHints":{"allow":["GET"]}}],"collection":[{"href":"http:\/\/blogdalucianaoliveira.com.br\/blog\/wp-json\/wp\/v2\/posts"}],"about":[{"href":"http:\/\/blogdalucianaoliveira.com.br\/blog\/wp-json\/wp\/v2\/types\/post"}],"author":[{"embeddable":true,"href":"http:\/\/blogdalucianaoliveira.com.br\/blog\/wp-json\/wp\/v2\/users\/1"}],"replies":[{"embeddable":true,"href":"http:\/\/blogdalucianaoliveira.com.br\/blog\/wp-json\/wp\/v2\/comments?post=10148"}],"version-history":[{"count":1,"href":"http:\/\/blogdalucianaoliveira.com.br\/blog\/wp-json\/wp\/v2\/posts\/10148\/revisions"}],"predecessor-version":[{"id":10150,"href":"http:\/\/blogdalucianaoliveira.com.br\/blog\/wp-json\/wp\/v2\/posts\/10148\/revisions\/10150"}],"wp:featuredmedia":[{"embeddable":true,"href":"http:\/\/blogdalucianaoliveira.com.br\/blog\/wp-json\/wp\/v2\/media\/10149"}],"wp:attachment":[{"href":"http:\/\/blogdalucianaoliveira.com.br\/blog\/wp-json\/wp\/v2\/media?parent=10148"}],"wp:term":[{"taxonomy":"category","embeddable":true,"href":"http:\/\/blogdalucianaoliveira.com.br\/blog\/wp-json\/wp\/v2\/categories?post=10148"},{"taxonomy":"post_tag","embeddable":true,"href":"http:\/\/blogdalucianaoliveira.com.br\/blog\/wp-json\/wp\/v2\/tags?post=10148"}],"curies":[{"name":"wp","href":"https:\/\/api.w.org\/{rel}","templated":true}]}}