{"id":10151,"date":"2017-04-26T10:46:15","date_gmt":"2017-04-26T14:46:15","guid":{"rendered":"http:\/\/blogdalucianaoliveira.com.br\/blog\/?p=10151"},"modified":"2017-04-26T10:46:15","modified_gmt":"2017-04-26T14:46:15","slug":"com-87-de-rejeicao-temer-empata-com-cunha-e-e-o-politico-mais-odiado-do-brasil","status":"publish","type":"post","link":"http:\/\/blogdalucianaoliveira.com.br\/blog\/2017\/04\/26\/com-87-de-rejeicao-temer-empata-com-cunha-e-e-o-politico-mais-odiado-do-brasil\/","title":{"rendered":"COM 87% DE REJEI\u00c7\u00c3O, TEMER EMPATA COM CUNHA E \u00c9 O POL\u00cdTICO MAIS ODIADO DO BRASIL"},"content":{"rendered":"<p><img data-recalc-dims=\"1\" loading=\"lazy\" decoding=\"async\" data-attachment-id=\"10152\" data-permalink=\"http:\/\/blogdalucianaoliveira.com.br\/blog\/2017\/04\/26\/com-87-de-rejeicao-temer-empata-com-cunha-e-e-o-politico-mais-odiado-do-brasil\/fora-4\/\" data-orig-file=\"https:\/\/i0.wp.com\/blogdalucianaoliveira.com.br\/blog\/wp-content\/uploads\/2017\/04\/fora.jpg?fit=1000%2C357\" data-orig-size=\"1000,357\" data-comments-opened=\"0\" data-image-meta=\"{&quot;aperture&quot;:&quot;0&quot;,&quot;credit&quot;:&quot;&quot;,&quot;camera&quot;:&quot;&quot;,&quot;caption&quot;:&quot;&quot;,&quot;created_timestamp&quot;:&quot;0&quot;,&quot;copyright&quot;:&quot;&quot;,&quot;focal_length&quot;:&quot;0&quot;,&quot;iso&quot;:&quot;0&quot;,&quot;shutter_speed&quot;:&quot;0&quot;,&quot;title&quot;:&quot;&quot;,&quot;orientation&quot;:&quot;0&quot;}\" data-image-title=\"fora\" data-image-description=\"\" data-image-caption=\"\" data-medium-file=\"https:\/\/i0.wp.com\/blogdalucianaoliveira.com.br\/blog\/wp-content\/uploads\/2017\/04\/fora.jpg?fit=300%2C107\" data-large-file=\"https:\/\/i0.wp.com\/blogdalucianaoliveira.com.br\/blog\/wp-content\/uploads\/2017\/04\/fora.jpg?fit=600%2C214\" src=\"https:\/\/i0.wp.com\/blogdalucianaoliveira.com.br\/blog\/wp-content\/uploads\/2017\/04\/fora.jpg?resize=600%2C214\" alt=\"fora\" width=\"600\" height=\"214\" class=\"alignnone size-full wp-image-10152\" srcset=\"https:\/\/i0.wp.com\/blogdalucianaoliveira.com.br\/blog\/wp-content\/uploads\/2017\/04\/fora.jpg?w=1000 1000w, https:\/\/i0.wp.com\/blogdalucianaoliveira.com.br\/blog\/wp-content\/uploads\/2017\/04\/fora.jpg?resize=300%2C107 300w, https:\/\/i0.wp.com\/blogdalucianaoliveira.com.br\/blog\/wp-content\/uploads\/2017\/04\/fora.jpg?resize=768%2C274 768w, https:\/\/i0.wp.com\/blogdalucianaoliveira.com.br\/blog\/wp-content\/uploads\/2017\/04\/fora.jpg?resize=800%2C286 800w\" sizes=\"auto, (max-width: 600px) 100vw, 600px\" \/><\/p>\n<p>247 &#8211; Uma nova pesquisa comprovou aquilo que as ruas j\u00e1 mostram: Michel Temer empatou com o ex-deputado Eduardo Cunha no posto de  pol\u00edtico mais odiado do Brasil.<!--more--><\/p>\n<p>A desaprova\u00e7\u00e3o a Michel Temer saltou nove pontos em um m\u00eas e agora, pela primeira vez desde sua posse, iguala-se \u00e0 taxa do ex-deputado Eduardo Cunha, personalidade p\u00fablica mais rejeitada do Brasil em reiteradas pesquisas.<\/p>\n<p>Conforme levantamento da Ipsos realizado no in\u00edcio de abril, 87% dos brasileiros desaprovam a forma como Temer vem atuando. Em rela\u00e7\u00e3o a Cunha, hoje preso pela Lava-Jato, as men\u00e7\u00f5es negativas alcan\u00e7am 90%. Como a margem de erro \u00e9 de tr\u00eas pontos, trata-se de um empate t\u00e9cnico.<\/p>\n<p>As informa\u00e7\u00f5es s\u00e3o de reportagem de Ricardo Mendon\u00e7a no Valor.<\/p>\n<p>&#8220;A aprova\u00e7\u00e3o a Temer tamb\u00e9m sofreu mudan\u00e7a relevante no per\u00edodo de um m\u00eas. Caiu de 17% para 10% (em outubro de 2016, em seu melhor momento, chegou a 31%). Nesse quesito, por\u00e9m, ele aparece melhor que Cunha, aprovado por apenas 2%.<\/p>\n<p>A Ipsos, que faz esse monitoramento mensalmente, ouviu 1.200 pessoas em 72 munic\u00edpios entre 1\u00ba e 12 de abril. O notici\u00e1rio sobre as reformas j\u00e1 era intenso. As entrevistas, no entanto, foram feitas antes da divulga\u00e7\u00e3o das dela\u00e7\u00f5es da Odebrecht, que atingiram Temer e v\u00e1rios outros pol\u00edticos da situa\u00e7\u00e3o e da oposi\u00e7\u00e3o.<\/p>\n<p>No cap\u00edtulo de avalia\u00e7\u00e3o do governo federal, a pesquisa tamb\u00e9m traz m\u00e1s not\u00edcias para o presidente. Os brasileiros que julgam a administra\u00e7\u00e3o como boa ou \u00f3tima somam apenas 4%, a menor taxa desde a posse. \u00c9 numericamente o mesmo patamar apurado no pior per\u00edodo da gest\u00e3o da ex-presidente Dilma Rousseff, entre setembro de novembro de 2015.<\/p>\n<p>Na ponta oposta, a taxa dos que avaliam o governo atual como ruim ou p\u00e9ssimo sobe m\u00eas a m\u00eas. Era de 59% em janeiro e fevereiro, passou para 62% em mar\u00e7o, atingiu 75% em abril.&#8221;<\/p>\n","protected":false},"excerpt":{"rendered":"<p>247 &#8211; Uma nova pesquisa comprovou aquilo que as ruas j\u00e1 mostram: Michel Temer empatou com o ex-deputado Eduardo Cunha no posto de pol\u00edtico mais odiado do Brasil.<\/p>\n","protected":false},"author":1,"featured_media":0,"comment_status":"closed","ping_status":"open","sticky":false,"template":"","format":"standard","meta":{"_exactmetrics_skip_tracking":false,"_exactmetrics_sitenote_active":false,"_exactmetrics_sitenote_note":"","_exactmetrics_sitenote_category":0,"jetpack_post_was_ever_published":false,"_jetpack_newsletter_access":"","_jetpack_dont_email_post_to_subs":false,"_jetpack_newsletter_tier_id":0,"_jetpack_memberships_contains_paywalled_content":false,"_jetpack_memberships_contains_paid_content":false,"footnotes":"","jetpack_publicize_message":"","jetpack_publicize_feature_enabled":true,"jetpack_social_post_already_shared":true,"jetpack_social_options":{"image_generator_settings":{"template":"highway","enabled":false},"version":2}},"categories":[1],"tags":[],"class_list":["post-10151","post","type-post","status-publish","format-standard","hentry","category-notas"],"jetpack_publicize_connections":[],"jetpack_sharing_enabled":true,"jetpack_featured_media_url":"","jetpack_shortlink":"https:\/\/wp.me\/p7wKYW-2DJ","jetpack-related-posts":[],"_links":{"self":[{"href":"http:\/\/blogdalucianaoliveira.com.br\/blog\/wp-json\/wp\/v2\/posts\/10151","targetHints":{"allow":["GET"]}}],"collection":[{"href":"http:\/\/blogdalucianaoliveira.com.br\/blog\/wp-json\/wp\/v2\/posts"}],"about":[{"href":"http:\/\/blogdalucianaoliveira.com.br\/blog\/wp-json\/wp\/v2\/types\/post"}],"author":[{"embeddable":true,"href":"http:\/\/blogdalucianaoliveira.com.br\/blog\/wp-json\/wp\/v2\/users\/1"}],"replies":[{"embeddable":true,"href":"http:\/\/blogdalucianaoliveira.com.br\/blog\/wp-json\/wp\/v2\/comments?post=10151"}],"version-history":[{"count":1,"href":"http:\/\/blogdalucianaoliveira.com.br\/blog\/wp-json\/wp\/v2\/posts\/10151\/revisions"}],"predecessor-version":[{"id":10153,"href":"http:\/\/blogdalucianaoliveira.com.br\/blog\/wp-json\/wp\/v2\/posts\/10151\/revisions\/10153"}],"wp:attachment":[{"href":"http:\/\/blogdalucianaoliveira.com.br\/blog\/wp-json\/wp\/v2\/media?parent=10151"}],"wp:term":[{"taxonomy":"category","embeddable":true,"href":"http:\/\/blogdalucianaoliveira.com.br\/blog\/wp-json\/wp\/v2\/categories?post=10151"},{"taxonomy":"post_tag","embeddable":true,"href":"http:\/\/blogdalucianaoliveira.com.br\/blog\/wp-json\/wp\/v2\/tags?post=10151"}],"curies":[{"name":"wp","href":"https:\/\/api.w.org\/{rel}","templated":true}]}}