{"id":10154,"date":"2017-04-26T11:28:18","date_gmt":"2017-04-26T15:28:18","guid":{"rendered":"http:\/\/blogdalucianaoliveira.com.br\/blog\/?p=10154"},"modified":"2017-04-26T11:29:33","modified_gmt":"2017-04-26T15:29:33","slug":"a-lei-e-para-todos-e-mermo-tu-jura","status":"publish","type":"post","link":"http:\/\/blogdalucianaoliveira.com.br\/blog\/2017\/04\/26\/a-lei-e-para-todos-e-mermo-tu-jura\/","title":{"rendered":"A Lei \u00c9 Para Todos. \u00c9 mermo? Tu jura?"},"content":{"rendered":"<p><img data-recalc-dims=\"1\" loading=\"lazy\" decoding=\"async\" data-attachment-id=\"10155\" data-permalink=\"http:\/\/blogdalucianaoliveira.com.br\/blog\/2017\/04\/26\/a-lei-e-para-todos-e-mermo-tu-jura\/dois-pesos-duas-medidas-2\/\" data-orig-file=\"https:\/\/i0.wp.com\/blogdalucianaoliveira.com.br\/blog\/wp-content\/uploads\/2017\/04\/Dois-pesos-duas-medidas-2.jpg?fit=480%2C287\" data-orig-size=\"480,287\" data-comments-opened=\"0\" data-image-meta=\"{&quot;aperture&quot;:&quot;0&quot;,&quot;credit&quot;:&quot;&quot;,&quot;camera&quot;:&quot;&quot;,&quot;caption&quot;:&quot;&quot;,&quot;created_timestamp&quot;:&quot;0&quot;,&quot;copyright&quot;:&quot;&quot;,&quot;focal_length&quot;:&quot;0&quot;,&quot;iso&quot;:&quot;0&quot;,&quot;shutter_speed&quot;:&quot;0&quot;,&quot;title&quot;:&quot;&quot;,&quot;orientation&quot;:&quot;0&quot;}\" data-image-title=\"Dois-pesos-duas-medidas-2\" data-image-description=\"\" data-image-caption=\"\" data-medium-file=\"https:\/\/i0.wp.com\/blogdalucianaoliveira.com.br\/blog\/wp-content\/uploads\/2017\/04\/Dois-pesos-duas-medidas-2.jpg?fit=300%2C179\" data-large-file=\"https:\/\/i0.wp.com\/blogdalucianaoliveira.com.br\/blog\/wp-content\/uploads\/2017\/04\/Dois-pesos-duas-medidas-2.jpg?fit=480%2C287\" src=\"https:\/\/i0.wp.com\/blogdalucianaoliveira.com.br\/blog\/wp-content\/uploads\/2017\/04\/Dois-pesos-duas-medidas-2.jpg?resize=480%2C287\" alt=\"Dois-pesos-duas-medidas-2\" width=\"480\" height=\"287\" class=\"alignnone size-full wp-image-10155\" srcset=\"https:\/\/i0.wp.com\/blogdalucianaoliveira.com.br\/blog\/wp-content\/uploads\/2017\/04\/Dois-pesos-duas-medidas-2.jpg?w=480 480w, https:\/\/i0.wp.com\/blogdalucianaoliveira.com.br\/blog\/wp-content\/uploads\/2017\/04\/Dois-pesos-duas-medidas-2.jpg?resize=300%2C179 300w\" sizes=\"auto, (max-width: 480px) 100vw, 480px\" \/><\/p>\n<p>O STF come\u00e7a a soltar condenados por Moro, para &#8216;for\u00e7ar&#8217; a confirma\u00e7\u00e3o da condena\u00e7\u00e3o ou n\u00e3o, em segunda inst\u00e2ncia. E, n\u00e3o sem dois pesos e duas medidas.<br \/>\nS\u00e9rio que voc\u00ea acredita que n\u00e3o h\u00e1 nada por tr\u00e1s disso?<!--more--><\/p>\n<p>Pela multiplicidade de r\u00e9us, a maioria sem foro privilegiado, porque as acusa\u00e7\u00f5es do processo do mensal\u00e3o petista estavam ligadas ao mesmo fato, o STF julgou todos simultaneamente.<br \/>\nR\u00e9us sem foro perderam o direito de recorrer \u00e0 uma inst\u00e2ncia superior.<br \/>\nFoi de uma agilidade impressionante!<br \/>\nNo entanto, o entendimento n\u00e3o valeu para o mensal\u00e3o tucano, desmembrado e distribu\u00eddo em inst\u00e2ncias regionais.<\/p>\n<p>Bom, a gente sabe como anda um processo nos estados. <\/p>\n<p>A Opera\u00e7\u00e3o Domin\u00f3, em Rond\u00f4nia, tem mais de dez anos e alguns ex-pol\u00edticos condenados no esc\u00e2ndalo da Folha Paralela andam por a\u00ed bradando contra a corrup\u00e7\u00e3o, at\u00e9 em r\u00e1dios e tvs, \u00e0 espera de julgamento pelo colegiado.<br \/>\nCrimes prescrevem pela demora em colocar em pauta os processos contra figur\u00f5es.<\/p>\n<p>T\u00f4 certa ou t\u00f4 errada?<\/p>\n","protected":false},"excerpt":{"rendered":"<p>O STF come\u00e7a a soltar condenados por Moro, para &#8216;for\u00e7ar&#8217; a confirma\u00e7\u00e3o da condena\u00e7\u00e3o ou n\u00e3o, em segunda inst\u00e2ncia. E, n\u00e3o sem dois pesos e duas medidas. S\u00e9rio que voc\u00ea acredita que n\u00e3o h\u00e1 nada por tr\u00e1s disso?<\/p>\n","protected":false},"author":1,"featured_media":0,"comment_status":"closed","ping_status":"open","sticky":false,"template":"","format":"standard","meta":{"_exactmetrics_skip_tracking":false,"_exactmetrics_sitenote_active":false,"_exactmetrics_sitenote_note":"","_exactmetrics_sitenote_category":0,"jetpack_post_was_ever_published":false,"_jetpack_newsletter_access":"","_jetpack_dont_email_post_to_subs":false,"_jetpack_newsletter_tier_id":0,"_jetpack_memberships_contains_paywalled_content":false,"_jetpack_memberships_contains_paid_content":false,"footnotes":"","jetpack_publicize_message":"","jetpack_publicize_feature_enabled":true,"jetpack_social_post_already_shared":true,"jetpack_social_options":{"image_generator_settings":{"template":"highway","enabled":false},"version":2}},"categories":[1],"tags":[],"class_list":["post-10154","post","type-post","status-publish","format-standard","hentry","category-notas"],"jetpack_publicize_connections":[],"jetpack_sharing_enabled":true,"jetpack_featured_media_url":"","jetpack_shortlink":"https:\/\/wp.me\/p7wKYW-2DM","jetpack-related-posts":[],"_links":{"self":[{"href":"http:\/\/blogdalucianaoliveira.com.br\/blog\/wp-json\/wp\/v2\/posts\/10154","targetHints":{"allow":["GET"]}}],"collection":[{"href":"http:\/\/blogdalucianaoliveira.com.br\/blog\/wp-json\/wp\/v2\/posts"}],"about":[{"href":"http:\/\/blogdalucianaoliveira.com.br\/blog\/wp-json\/wp\/v2\/types\/post"}],"author":[{"embeddable":true,"href":"http:\/\/blogdalucianaoliveira.com.br\/blog\/wp-json\/wp\/v2\/users\/1"}],"replies":[{"embeddable":true,"href":"http:\/\/blogdalucianaoliveira.com.br\/blog\/wp-json\/wp\/v2\/comments?post=10154"}],"version-history":[{"count":2,"href":"http:\/\/blogdalucianaoliveira.com.br\/blog\/wp-json\/wp\/v2\/posts\/10154\/revisions"}],"predecessor-version":[{"id":10157,"href":"http:\/\/blogdalucianaoliveira.com.br\/blog\/wp-json\/wp\/v2\/posts\/10154\/revisions\/10157"}],"wp:attachment":[{"href":"http:\/\/blogdalucianaoliveira.com.br\/blog\/wp-json\/wp\/v2\/media?parent=10154"}],"wp:term":[{"taxonomy":"category","embeddable":true,"href":"http:\/\/blogdalucianaoliveira.com.br\/blog\/wp-json\/wp\/v2\/categories?post=10154"},{"taxonomy":"post_tag","embeddable":true,"href":"http:\/\/blogdalucianaoliveira.com.br\/blog\/wp-json\/wp\/v2\/tags?post=10154"}],"curies":[{"name":"wp","href":"https:\/\/api.w.org\/{rel}","templated":true}]}}