{"id":10185,"date":"2017-04-27T16:37:07","date_gmt":"2017-04-27T20:37:07","guid":{"rendered":"http:\/\/blogdalucianaoliveira.com.br\/blog\/?p=10185"},"modified":"2017-04-27T16:40:03","modified_gmt":"2017-04-27T20:40:03","slug":"juiz-do-trabalho-chama-atencao-de-ministro-por-recomendacao-para-impedir-greve","status":"publish","type":"post","link":"http:\/\/blogdalucianaoliveira.com.br\/blog\/2017\/04\/27\/juiz-do-trabalho-chama-atencao-de-ministro-por-recomendacao-para-impedir-greve\/","title":{"rendered":"Juiz do Trabalho chama aten\u00e7\u00e3o de ministro por recomenda\u00e7\u00e3o para impedir greve"},"content":{"rendered":"<p><img data-recalc-dims=\"1\" loading=\"lazy\" decoding=\"async\" data-attachment-id=\"10186\" data-permalink=\"http:\/\/blogdalucianaoliveira.com.br\/blog\/2017\/04\/27\/juiz-do-trabalho-chama-atencao-de-ministro-por-recomendacao-para-impedir-greve\/juiz-2\/\" data-orig-file=\"https:\/\/i0.wp.com\/blogdalucianaoliveira.com.br\/blog\/wp-content\/uploads\/2017\/04\/juiz.jpg?fit=740%2C948\" data-orig-size=\"740,948\" data-comments-opened=\"0\" data-image-meta=\"{&quot;aperture&quot;:&quot;0&quot;,&quot;credit&quot;:&quot;&quot;,&quot;camera&quot;:&quot;&quot;,&quot;caption&quot;:&quot;&quot;,&quot;created_timestamp&quot;:&quot;0&quot;,&quot;copyright&quot;:&quot;&quot;,&quot;focal_length&quot;:&quot;0&quot;,&quot;iso&quot;:&quot;0&quot;,&quot;shutter_speed&quot;:&quot;0&quot;,&quot;title&quot;:&quot;&quot;,&quot;orientation&quot;:&quot;0&quot;}\" data-image-title=\"juiz\" data-image-description=\"\" data-image-caption=\"\" data-medium-file=\"https:\/\/i0.wp.com\/blogdalucianaoliveira.com.br\/blog\/wp-content\/uploads\/2017\/04\/juiz.jpg?fit=234%2C300\" data-large-file=\"https:\/\/i0.wp.com\/blogdalucianaoliveira.com.br\/blog\/wp-content\/uploads\/2017\/04\/juiz.jpg?fit=600%2C769\" src=\"https:\/\/i0.wp.com\/blogdalucianaoliveira.com.br\/blog\/wp-content\/uploads\/2017\/04\/juiz.jpg?resize=600%2C769\" alt=\"juiz\" width=\"600\" height=\"769\" class=\"alignnone size-full wp-image-10186\" srcset=\"https:\/\/i0.wp.com\/blogdalucianaoliveira.com.br\/blog\/wp-content\/uploads\/2017\/04\/juiz.jpg?w=740 740w, https:\/\/i0.wp.com\/blogdalucianaoliveira.com.br\/blog\/wp-content\/uploads\/2017\/04\/juiz.jpg?resize=234%2C300 234w\" sizes=\"auto, (max-width: 600px) 100vw, 600px\" \/><\/p>\n<p>O presidente do Conselho Superior da Justi\u00e7a do Trabalho, Ives Gandra da Silva Martins Filho, para impedir a participa\u00e7\u00e3o de servidores dos Tribunais Regionais na greve geral, contra as reformas da Previd\u00eancia e Trabalhista, nesta sexta-feira, 28, recomendou o funcionamento regular de todos os tribunais por meio de of\u00edcio. <!--more--><\/p>\n<p>O ministro empossado por Michel Temer agiu rapidamente para boicotar a paralisa\u00e7\u00e3o de apoio \u00e0 greve anunciada pela Justi\u00e7a do Trabalho da 4\u00aa Regi\u00e3o, no Rio Grande do Sul, que logo foi seguida pela 7\u00aa Regi\u00e3o (TRT-7), no Cear\u00e1 e 5\u00aa Regi\u00e3o (TRT-5), em Recife.<\/p>\n<p>O procurador-Geral do Trabalho, Ronaldo Fleury, divulgou uma nota afirmando que a greve &#8220;\u00e9 um direito fundamental assegurado pela Constitui\u00e7\u00e3o&#8221; e a participa\u00e7\u00e3o dos trabalhadores nos atos marcados. <\/p>\n<p>Ives Gandra agiu na contram\u00e3o de um entendimento coletivo que envolve a Ordem dos Advogados do Brasil, o Minist\u00e9rio P\u00fablico do Trabalho e a Associa\u00e7\u00e3o Nacional dos Magistrados do Trabalho, que j\u00e1 declararam rejei\u00e7\u00e3o \u00e0s reformas propostas.<\/p>\n<p>\u201cRessalto que a interrup\u00e7\u00e3o anunciada por alguns Regionais, ainda que sob o eufemismo de manuten\u00e7\u00e3o de seguran\u00e7a, penaliza os usu\u00e1rios da Justi\u00e7a do Trabalho e, em particular, os advogados, comprometendo ademais a efici\u00eancia e o funcionamento dos servi\u00e7os jurisdicionais, a par de sinaliza\u00e7\u00e3o de car\u00e1ter pol\u00edtico, impr\u00f3pria da institui\u00e7\u00e3o judici\u00e1ria\u201d, afirma o documento.<\/p>\n<p>S\u00f3 que o juiz da 14\u00aa Vara de Porto Alegre, Daniel Souza de Nonohay, n\u00e3o se submeteu \u00e0 recomenda\u00e7\u00e3o de funcionamento normal.<\/p>\n<p>Em carta publicada no Facebook, o juiz ressaltou que a &#8220;interrup\u00e7\u00e3o anunciada por alguns regionais atende a um imperativo em defesa de direitos sociais&#8221;.<\/p>\n<p>O juiz deu um pux\u00e3o de orelhas no presidente do presidente e devolveu a recomenda\u00e7\u00e3o com outra:&#8221;Recomendo \u00e0 Vossa Excel\u00eancia que n\u00e3o d\u00ea sinaliza\u00e7\u00f5es p\u00fablicas de car\u00e1ter pol\u00edtico em desacordo com o que pensa a coletividade&#8221;.<\/p>\n<p><img data-recalc-dims=\"1\" loading=\"lazy\" decoding=\"async\" data-attachment-id=\"10187\" data-permalink=\"http:\/\/blogdalucianaoliveira.com.br\/blog\/2017\/04\/27\/juiz-do-trabalho-chama-atencao-de-ministro-por-recomendacao-para-impedir-greve\/daniel\/\" data-orig-file=\"https:\/\/i0.wp.com\/blogdalucianaoliveira.com.br\/blog\/wp-content\/uploads\/2017\/04\/daniel.jpg?fit=679%2C960\" data-orig-size=\"679,960\" data-comments-opened=\"0\" data-image-meta=\"{&quot;aperture&quot;:&quot;0&quot;,&quot;credit&quot;:&quot;&quot;,&quot;camera&quot;:&quot;&quot;,&quot;caption&quot;:&quot;&quot;,&quot;created_timestamp&quot;:&quot;0&quot;,&quot;copyright&quot;:&quot;&quot;,&quot;focal_length&quot;:&quot;0&quot;,&quot;iso&quot;:&quot;0&quot;,&quot;shutter_speed&quot;:&quot;0&quot;,&quot;title&quot;:&quot;&quot;,&quot;orientation&quot;:&quot;0&quot;}\" data-image-title=\"daniel\" data-image-description=\"\" data-image-caption=\"\" data-medium-file=\"https:\/\/i0.wp.com\/blogdalucianaoliveira.com.br\/blog\/wp-content\/uploads\/2017\/04\/daniel.jpg?fit=212%2C300\" data-large-file=\"https:\/\/i0.wp.com\/blogdalucianaoliveira.com.br\/blog\/wp-content\/uploads\/2017\/04\/daniel.jpg?fit=600%2C848\" src=\"https:\/\/i0.wp.com\/blogdalucianaoliveira.com.br\/blog\/wp-content\/uploads\/2017\/04\/daniel.jpg?resize=600%2C848\" alt=\"daniel\" width=\"600\" height=\"848\" class=\"alignnone size-full wp-image-10187\" srcset=\"https:\/\/i0.wp.com\/blogdalucianaoliveira.com.br\/blog\/wp-content\/uploads\/2017\/04\/daniel.jpg?w=679 679w, https:\/\/i0.wp.com\/blogdalucianaoliveira.com.br\/blog\/wp-content\/uploads\/2017\/04\/daniel.jpg?resize=212%2C300 212w\" sizes=\"auto, (max-width: 600px) 100vw, 600px\" \/><\/p>\n","protected":false},"excerpt":{"rendered":"<p>O presidente do Conselho Superior da Justi\u00e7a do Trabalho, Ives Gandra da Silva Martins Filho, para impedir a participa\u00e7\u00e3o de servidores dos Tribunais Regionais na greve geral, contra as reformas da Previd\u00eancia e Trabalhista, nesta sexta-feira, 28, recomendou o funcionamento regular de todos os tribunais por meio de of\u00edcio.<\/p>\n","protected":false},"author":1,"featured_media":0,"comment_status":"closed","ping_status":"open","sticky":false,"template":"","format":"standard","meta":{"_exactmetrics_skip_tracking":false,"_exactmetrics_sitenote_active":false,"_exactmetrics_sitenote_note":"","_exactmetrics_sitenote_category":0,"jetpack_post_was_ever_published":false,"_jetpack_newsletter_access":"","_jetpack_dont_email_post_to_subs":false,"_jetpack_newsletter_tier_id":0,"_jetpack_memberships_contains_paywalled_content":false,"_jetpack_memberships_contains_paid_content":false,"footnotes":"","jetpack_publicize_message":"","jetpack_publicize_feature_enabled":true,"jetpack_social_post_already_shared":true,"jetpack_social_options":{"image_generator_settings":{"template":"highway","enabled":false},"version":2}},"categories":[1],"tags":[],"class_list":["post-10185","post","type-post","status-publish","format-standard","hentry","category-notas"],"jetpack_publicize_connections":[],"jetpack_sharing_enabled":true,"jetpack_featured_media_url":"","jetpack_shortlink":"https:\/\/wp.me\/p7wKYW-2Eh","jetpack-related-posts":[],"_links":{"self":[{"href":"http:\/\/blogdalucianaoliveira.com.br\/blog\/wp-json\/wp\/v2\/posts\/10185","targetHints":{"allow":["GET"]}}],"collection":[{"href":"http:\/\/blogdalucianaoliveira.com.br\/blog\/wp-json\/wp\/v2\/posts"}],"about":[{"href":"http:\/\/blogdalucianaoliveira.com.br\/blog\/wp-json\/wp\/v2\/types\/post"}],"author":[{"embeddable":true,"href":"http:\/\/blogdalucianaoliveira.com.br\/blog\/wp-json\/wp\/v2\/users\/1"}],"replies":[{"embeddable":true,"href":"http:\/\/blogdalucianaoliveira.com.br\/blog\/wp-json\/wp\/v2\/comments?post=10185"}],"version-history":[{"count":3,"href":"http:\/\/blogdalucianaoliveira.com.br\/blog\/wp-json\/wp\/v2\/posts\/10185\/revisions"}],"predecessor-version":[{"id":10190,"href":"http:\/\/blogdalucianaoliveira.com.br\/blog\/wp-json\/wp\/v2\/posts\/10185\/revisions\/10190"}],"wp:attachment":[{"href":"http:\/\/blogdalucianaoliveira.com.br\/blog\/wp-json\/wp\/v2\/media?parent=10185"}],"wp:term":[{"taxonomy":"category","embeddable":true,"href":"http:\/\/blogdalucianaoliveira.com.br\/blog\/wp-json\/wp\/v2\/categories?post=10185"},{"taxonomy":"post_tag","embeddable":true,"href":"http:\/\/blogdalucianaoliveira.com.br\/blog\/wp-json\/wp\/v2\/tags?post=10185"}],"curies":[{"name":"wp","href":"https:\/\/api.w.org\/{rel}","templated":true}]}}