{"id":10214,"date":"2017-04-28T16:02:34","date_gmt":"2017-04-28T20:02:34","guid":{"rendered":"http:\/\/blogdalucianaoliveira.com.br\/blog\/?p=10214"},"modified":"2017-04-28T16:02:34","modified_gmt":"2017-04-28T20:02:34","slug":"as-ruas-desafiam-o-governo-temer-e-o-congresso","status":"publish","type":"post","link":"http:\/\/blogdalucianaoliveira.com.br\/blog\/2017\/04\/28\/as-ruas-desafiam-o-governo-temer-e-o-congresso\/","title":{"rendered":"As ruas desafiam o Governo Temer e o Congresso"},"content":{"rendered":"<p><img data-recalc-dims=\"1\" loading=\"lazy\" decoding=\"async\" data-attachment-id=\"10215\" data-permalink=\"http:\/\/blogdalucianaoliveira.com.br\/blog\/2017\/04\/28\/as-ruas-desafiam-o-governo-temer-e-o-congresso\/greve2\/\" data-orig-file=\"https:\/\/i0.wp.com\/blogdalucianaoliveira.com.br\/blog\/wp-content\/uploads\/2017\/04\/greve2.jpg?fit=980%2C589\" data-orig-size=\"980,589\" data-comments-opened=\"0\" data-image-meta=\"{&quot;aperture&quot;:&quot;0&quot;,&quot;credit&quot;:&quot;&quot;,&quot;camera&quot;:&quot;&quot;,&quot;caption&quot;:&quot;&quot;,&quot;created_timestamp&quot;:&quot;0&quot;,&quot;copyright&quot;:&quot;&quot;,&quot;focal_length&quot;:&quot;0&quot;,&quot;iso&quot;:&quot;0&quot;,&quot;shutter_speed&quot;:&quot;0&quot;,&quot;title&quot;:&quot;&quot;,&quot;orientation&quot;:&quot;0&quot;}\" data-image-title=\"greve2\" data-image-description=\"\" data-image-caption=\"\" data-medium-file=\"https:\/\/i0.wp.com\/blogdalucianaoliveira.com.br\/blog\/wp-content\/uploads\/2017\/04\/greve2.jpg?fit=300%2C180\" data-large-file=\"https:\/\/i0.wp.com\/blogdalucianaoliveira.com.br\/blog\/wp-content\/uploads\/2017\/04\/greve2.jpg?fit=600%2C361\" src=\"https:\/\/i0.wp.com\/blogdalucianaoliveira.com.br\/blog\/wp-content\/uploads\/2017\/04\/greve2.jpg?resize=600%2C361\" alt=\"greve2\" width=\"600\" height=\"361\" class=\"alignnone size-full wp-image-10215\" srcset=\"https:\/\/i0.wp.com\/blogdalucianaoliveira.com.br\/blog\/wp-content\/uploads\/2017\/04\/greve2.jpg?w=980 980w, https:\/\/i0.wp.com\/blogdalucianaoliveira.com.br\/blog\/wp-content\/uploads\/2017\/04\/greve2.jpg?resize=300%2C180 300w, https:\/\/i0.wp.com\/blogdalucianaoliveira.com.br\/blog\/wp-content\/uploads\/2017\/04\/greve2.jpg?resize=768%2C462 768w, https:\/\/i0.wp.com\/blogdalucianaoliveira.com.br\/blog\/wp-content\/uploads\/2017\/04\/greve2.jpg?resize=499%2C300 499w\" sizes=\"auto, (max-width: 600px) 100vw, 600px\" \/><\/p>\n<p>Sindicatos tentam paralisar reformas, enquanto o presidente luta para evitar deser\u00e7\u00f5es na base<!--more--><\/p>\n<p>No El Pa\u00eds<\/p>\n<p>O Governo do Brasil arrisca seu futuro nos pr\u00f3ximos dias. Atingido pelos esc\u00e2ndalos de corrup\u00e7\u00e3o e em queda nas pesquisas, o presidente Michel Temer aposta tudo num fren\u00e9tico calend\u00e1rio legislativo, com as reformas trabalhistas e previdenci\u00e1ria em destaque na \u00faltima tentativa de recuperar um m\u00ednimo de credibilidade para o seu mandato. Os sindicatos e a oposi\u00e7\u00e3o decidiram desafi\u00e1-lo nas ruas, submetendo-o nesta sexta-feira a uma prova de fogo com uma greve geral que obteve apoios inesperados.<\/p>\n<p>\u201cA greve geral pode ser o teste mais dif\u00edcil do Governo (&#8230;)\u201d. Esse tu\u00edte \u00e9 de quatro anos atr\u00e1s e se referia ao mandato de Dilma Rousseff. Seu autor, Jo\u00e3o Doria, \u00e9 agora prefeito de S\u00e3o Paulo pelo PSDB, um dos principais aliados de Temer. Em seu novo papel, Doria se empenhou tanto nos \u00faltimos dias para garantir o fracasso da greve que chegou inclusive a um acordo com empresas de t\u00e1xi para transportarem de gra\u00e7a os funcion\u00e1rios municipais que queiram comparecer ao trabalho. <\/p>\n<p>O que valia em 2013 para o Governo de Dilma tamb\u00e9m vale agora para o de Temer. A greve convocada \u00e9 um teste decisivo que pode marcar o futuro de um presidente que, em seus nove meses no cargo, enfrentou uma corrida de obst\u00e1culos da qual, at\u00e9 agora, saiu incinerado. Uma pesquisa de opini\u00e3o divulgada nesta semana pelo instituto Ipsos indica que apenas 4% dos brasileiros apoiam o Governo \u2013 que se apresentava como o salvador do pa\u00eds frente \u00e0 crise econ\u00f4mica e \u00e0s suspeitas de corrup\u00e7\u00e3o que sacudiam o PT ap\u00f3s 13 anos no poder. A economia parou de cair, e todas as previs\u00f5es s\u00e3o de que o PIB do Brasil crescer\u00e1 levemente este ano, ap\u00f3s despencar 3,8% em 2015 e 3,6% em 2016. Mas a situa\u00e7\u00e3o pol\u00edtica continua piorando de forma irremedi\u00e1vel. <\/p>\n<p>Al\u00e9m da exibi\u00e7\u00e3o de poder sindical, o protesto de hoje ser\u00e1 o primeiro term\u00f4metro para medir, nas ruas, o impacto da difus\u00e3o p\u00fablica da \u201cdela\u00e7\u00e3o do fim do mundo\u201d. As revela\u00e7\u00f5es dos executivos da Odebrecht voltaram a atingir duramente o PT e seu l\u00edder, o ex-presidente Lula, mas minaram todo o sistema pol\u00edtico. O Governo tem oito ministros investigados pelo Supremo Tribunal Federal, e o pr\u00f3prio Temer s\u00f3 se livrou gra\u00e7as \u00e0 prote\u00e7\u00e3o legal conferida pela Constitui\u00e7\u00e3o, embora a Procuradoria Geral da Rep\u00fablica tenha constatado a exist\u00eancia de ind\u00edcios contra ele. <\/p>\n<p>A rea\u00e7\u00e3o de Temer \u00e0 investida judicial tem sido uma tentativa de enterrar a corrup\u00e7\u00e3o acelerando um plano de reformas econ\u00f4micas para satisfazer os \u00fanicos apoios que o Governo tem fora da base da C\u00e2mara e do Senado: os grandes setores empresariais e as institui\u00e7\u00f5es econ\u00f4micas internacionais, como o FMI. <\/p>\n<p>A recente visita ao pa\u00eds do primeiro-ministro espanhol, o direitista Mariano Rajoy, primeiro mandat\u00e1rio europeu a estender a m\u00e3o a um Temer com escassa ajuda de governos estrangeiros, serviu para ilustrar o tamanho da aposta. Temer proclamou que sua inspira\u00e7\u00e3o s\u00e3o Rajoy e suas reformas. De fato, os dois pol\u00edticos s\u00e3o unidos por muitas coisas: esc\u00e2ndalos de corrup\u00e7\u00e3o respingaram respingaram em ambos, os dois chegaram ao poder em meio a crises econ\u00f4micas e implementaram reformas profundamente impopulares. O espanhol se permitiu sugerir a Temer que ignore as ruas, esque\u00e7a os poss\u00edveis danos eleitorais e prossiga contra todas as dificuldades. Mas h\u00e1 uma diferen\u00e7a essencial entre Rajoy e Temer: o espanhol chegou ao poder pelas urnas; j\u00e1 o brasileiro, por uma manobra pol\u00edtica parlamentar contra o Governo do qual ele pr\u00f3prio era vice-presidente. <\/p>\n<p>Os riscos para Temer s\u00e3o enormes. O Brasil \u00e9 um dos pa\u00edses americanos com maior tradi\u00e7\u00e3o sindical. A primeira greve geral remonta a 1917, e h\u00e1 73 anos o ent\u00e3o presidente Get\u00falio Vargas aprovou a Consolida\u00e7\u00e3o das Leis Trabalhistas (CLT), at\u00e9 agora considerada quase intoc\u00e1vel. At\u00e9 mesmo um sindicalista sem forma\u00e7\u00e3o acad\u00eamica, Lula, conseguiu no in\u00edcio deste s\u00e9culo alcan\u00e7ar a presid\u00eancia do pa\u00eds. Al\u00e9m dessas ra\u00edzes hist\u00f3ricas, a greve convocada alcan\u00e7ou apoios que extrapolam o mundo sindical. Teve ades\u00e3o de v\u00e1rias categorias: de professores de col\u00e9gios de elite a certos bispos, depois das cr\u00edticas feitas pela hierarquia cat\u00f3lica brasileira \u00e0s reformas de Temer e da carta enviada pelo papa Francisco ao presidente, reprovando alguns aspectos de sua pol\u00edtica. No m\u00ednimo, a paralisa\u00e7\u00e3o do transporte \u2013 inclusive a\u00e9reo \u2013 parece garantida nas maiores cidades. Entre os que participam do protesto, h\u00e1 tamb\u00e9m aliados pol\u00edticos de Temer. E esse \u00e9 agora o seu principal problema. Embora na quarta-feira ele tenha conseguido aprovar inicialmente na C\u00e2mara a reforma trabalhista, a primeira grande modifica\u00e7\u00e3o das velhas normas da \u00e9poca de Get\u00falio, houve algumas deser\u00e7\u00f5es entre os partidos que o apoiam. Nesta quinta, um dos caciques do PMDB rebelados contra o Governo, Renan Calheiros, voltou ao ataque e amea\u00e7ou bloquear o projeto no Senado. Para conseguir avan\u00e7ar com sua grande aposta, a reforma previdenci\u00e1ria, Temer precisa de uma maioria de tr\u00eas quintos da C\u00e2mara. N\u00e3o ser\u00e1 f\u00e1cil, sobretudo se a greve tiver sucesso e exercer maior press\u00e3o sobre os parlamentares da base aliada que hesitam em dar o voto favor\u00e1vel ao projeto. A quest\u00e3o da Previd\u00eancia \u00e9 essencial para Temer n\u00e3o acabar perdendo toda a credibilidade. E para o Governo respirar um pouco neste ano e meio que ainda falta para as elei\u00e7\u00f5es presidenciais de 2018.<\/p>\n","protected":false},"excerpt":{"rendered":"<p>Sindicatos tentam paralisar reformas, enquanto o presidente luta para evitar deser\u00e7\u00f5es na base<\/p>\n","protected":false},"author":1,"featured_media":0,"comment_status":"closed","ping_status":"open","sticky":false,"template":"","format":"standard","meta":{"_exactmetrics_skip_tracking":false,"_exactmetrics_sitenote_active":false,"_exactmetrics_sitenote_note":"","_exactmetrics_sitenote_category":0,"jetpack_post_was_ever_published":false,"_jetpack_newsletter_access":"","_jetpack_dont_email_post_to_subs":false,"_jetpack_newsletter_tier_id":0,"_jetpack_memberships_contains_paywalled_content":false,"_jetpack_memberships_contains_paid_content":false,"footnotes":"","jetpack_publicize_message":"","jetpack_publicize_feature_enabled":true,"jetpack_social_post_already_shared":true,"jetpack_social_options":{"image_generator_settings":{"template":"highway","enabled":false},"version":2}},"categories":[1],"tags":[],"class_list":["post-10214","post","type-post","status-publish","format-standard","hentry","category-notas"],"jetpack_publicize_connections":[],"jetpack_sharing_enabled":true,"jetpack_featured_media_url":"","jetpack_shortlink":"https:\/\/wp.me\/p7wKYW-2EK","jetpack-related-posts":[],"_links":{"self":[{"href":"http:\/\/blogdalucianaoliveira.com.br\/blog\/wp-json\/wp\/v2\/posts\/10214","targetHints":{"allow":["GET"]}}],"collection":[{"href":"http:\/\/blogdalucianaoliveira.com.br\/blog\/wp-json\/wp\/v2\/posts"}],"about":[{"href":"http:\/\/blogdalucianaoliveira.com.br\/blog\/wp-json\/wp\/v2\/types\/post"}],"author":[{"embeddable":true,"href":"http:\/\/blogdalucianaoliveira.com.br\/blog\/wp-json\/wp\/v2\/users\/1"}],"replies":[{"embeddable":true,"href":"http:\/\/blogdalucianaoliveira.com.br\/blog\/wp-json\/wp\/v2\/comments?post=10214"}],"version-history":[{"count":1,"href":"http:\/\/blogdalucianaoliveira.com.br\/blog\/wp-json\/wp\/v2\/posts\/10214\/revisions"}],"predecessor-version":[{"id":10216,"href":"http:\/\/blogdalucianaoliveira.com.br\/blog\/wp-json\/wp\/v2\/posts\/10214\/revisions\/10216"}],"wp:attachment":[{"href":"http:\/\/blogdalucianaoliveira.com.br\/blog\/wp-json\/wp\/v2\/media?parent=10214"}],"wp:term":[{"taxonomy":"category","embeddable":true,"href":"http:\/\/blogdalucianaoliveira.com.br\/blog\/wp-json\/wp\/v2\/categories?post=10214"},{"taxonomy":"post_tag","embeddable":true,"href":"http:\/\/blogdalucianaoliveira.com.br\/blog\/wp-json\/wp\/v2\/tags?post=10214"}],"curies":[{"name":"wp","href":"https:\/\/api.w.org\/{rel}","templated":true}]}}