{"id":10217,"date":"2017-04-28T16:11:55","date_gmt":"2017-04-28T20:11:55","guid":{"rendered":"http:\/\/blogdalucianaoliveira.com.br\/blog\/?p=10217"},"modified":"2017-04-28T16:11:55","modified_gmt":"2017-04-28T20:11:55","slug":"midia-global-destaca-a-greve-geral-que-os-nacionais-esconderam","status":"publish","type":"post","link":"http:\/\/blogdalucianaoliveira.com.br\/blog\/2017\/04\/28\/midia-global-destaca-a-greve-geral-que-os-nacionais-esconderam\/","title":{"rendered":"M\u00cdDIA GLOBAL DESTACA A GREVE GERAL QUE OS NACIONAIS ESCONDERAM"},"content":{"rendered":"<p><img data-recalc-dims=\"1\" loading=\"lazy\" decoding=\"async\" data-attachment-id=\"10218\" data-permalink=\"http:\/\/blogdalucianaoliveira.com.br\/blog\/2017\/04\/28\/midia-global-destaca-a-greve-geral-que-os-nacionais-esconderam\/glo\/\" data-orig-file=\"https:\/\/i0.wp.com\/blogdalucianaoliveira.com.br\/blog\/wp-content\/uploads\/2017\/04\/glo.jpg?fit=1000%2C357\" data-orig-size=\"1000,357\" data-comments-opened=\"0\" data-image-meta=\"{&quot;aperture&quot;:&quot;0&quot;,&quot;credit&quot;:&quot;&quot;,&quot;camera&quot;:&quot;&quot;,&quot;caption&quot;:&quot;&quot;,&quot;created_timestamp&quot;:&quot;0&quot;,&quot;copyright&quot;:&quot;&quot;,&quot;focal_length&quot;:&quot;0&quot;,&quot;iso&quot;:&quot;0&quot;,&quot;shutter_speed&quot;:&quot;0&quot;,&quot;title&quot;:&quot;&quot;,&quot;orientation&quot;:&quot;0&quot;}\" data-image-title=\"glo\" data-image-description=\"\" data-image-caption=\"\" data-medium-file=\"https:\/\/i0.wp.com\/blogdalucianaoliveira.com.br\/blog\/wp-content\/uploads\/2017\/04\/glo.jpg?fit=300%2C107\" data-large-file=\"https:\/\/i0.wp.com\/blogdalucianaoliveira.com.br\/blog\/wp-content\/uploads\/2017\/04\/glo.jpg?fit=600%2C214\" src=\"https:\/\/i0.wp.com\/blogdalucianaoliveira.com.br\/blog\/wp-content\/uploads\/2017\/04\/glo.jpg?resize=600%2C214\" alt=\"glo\" width=\"600\" height=\"214\" class=\"alignnone size-full wp-image-10218\" srcset=\"https:\/\/i0.wp.com\/blogdalucianaoliveira.com.br\/blog\/wp-content\/uploads\/2017\/04\/glo.jpg?w=1000 1000w, https:\/\/i0.wp.com\/blogdalucianaoliveira.com.br\/blog\/wp-content\/uploads\/2017\/04\/glo.jpg?resize=300%2C107 300w, https:\/\/i0.wp.com\/blogdalucianaoliveira.com.br\/blog\/wp-content\/uploads\/2017\/04\/glo.jpg?resize=768%2C274 768w, https:\/\/i0.wp.com\/blogdalucianaoliveira.com.br\/blog\/wp-content\/uploads\/2017\/04\/glo.jpg?resize=800%2C286 800w\" sizes=\"auto, (max-width: 600px) 100vw, 600px\" \/><\/p>\n<p>247 &#8211; A greve geral contra as reformas da Previd\u00eancia e trabalhista ganhou destaque em muitos dos principais ve\u00edculos da m\u00eddia internacional. Os jornais, El Pa\u00eds, Clar\u00edn, BBC, The Wall Street Journal e Deusth Welle destacaram a paralisa\u00e7\u00e3o em suas p\u00e1ginas na internet.<!--more--><\/p>\n<p>Para o espanhol El Pa\u00eds, a greve geral convocada pelas centrais sindicais e movimentos populares representa um desafio para o governo Michel Temer. &#8220;Os sindicatos decidiram desafiar (o presidente Michel Temer) nas ruas e nesta sexta-feira o submetem a uma prova de fogo com a convoca\u00e7\u00e3o de uma greve geral que encontrou apoio inesperado al\u00e9m das tradicionais alas da esquerda&#8221;, diz o texto do jornal. Para o ve\u00edculo, a paralisa\u00e7\u00e3o pode ser vista como &#8220;um exame decisivo que pode marcar o futuro do presidente&#8221;.<\/p>\n<p>O argentino El Clar\u00edn observa que esta \u00e9 a &#8220;primeira greve geral no Brasil em 21 anos&#8221;. O peri\u00f3dico tamb\u00e9m relatou a ocorr\u00eancia de confrontos em diversos locais, como o registrado nas imedia\u00e7\u00f5es do Aeroporto de Guarulhos, em S\u00e3o Paulo, quando manifestantes entraram em conflito com policiais militares.<\/p>\n<p>Segundo a brit\u00e2nica BBC, a greve resultou em uma s\u00e9rie de paralisa\u00e7\u00f5es parciais e ressalta que &#8220;milh\u00f5es de trabalhadores, incluindo os funcion\u00e1rios do transporte p\u00fablico, de bancos e professores foram convocados a paralisarem suas atividades por sindicatos e grupos sociais&#8221;.<\/p>\n<p>&#8220;Em S\u00e3o Paulo &#8211; maior cidade do pa\u00eds &#8211; a maioria dos \u00f4nibus e das linhas de trem e metr\u00f4 n\u00e3o est\u00e3o operando. Poucas pessoas est\u00e3o nas ruas e a sensa\u00e7\u00e3o \u00e9 que de hoje \u00e9 feriado&#8221;, disse a BBC.<\/p>\n","protected":false},"excerpt":{"rendered":"<p>247 &#8211; A greve geral contra as reformas da Previd\u00eancia e trabalhista ganhou destaque em muitos dos principais ve\u00edculos da m\u00eddia internacional. Os jornais, El Pa\u00eds, Clar\u00edn, BBC, The Wall Street Journal e Deusth Welle destacaram a paralisa\u00e7\u00e3o em suas p\u00e1ginas na internet.<\/p>\n","protected":false},"author":1,"featured_media":0,"comment_status":"closed","ping_status":"open","sticky":false,"template":"","format":"standard","meta":{"_exactmetrics_skip_tracking":false,"_exactmetrics_sitenote_active":false,"_exactmetrics_sitenote_note":"","_exactmetrics_sitenote_category":0,"jetpack_post_was_ever_published":false,"_jetpack_newsletter_access":"","_jetpack_dont_email_post_to_subs":false,"_jetpack_newsletter_tier_id":0,"_jetpack_memberships_contains_paywalled_content":false,"_jetpack_memberships_contains_paid_content":false,"footnotes":"","jetpack_publicize_message":"","jetpack_publicize_feature_enabled":true,"jetpack_social_post_already_shared":true,"jetpack_social_options":{"image_generator_settings":{"template":"highway","enabled":false},"version":2}},"categories":[1],"tags":[],"class_list":["post-10217","post","type-post","status-publish","format-standard","hentry","category-notas"],"jetpack_publicize_connections":[],"jetpack_sharing_enabled":true,"jetpack_featured_media_url":"","jetpack_shortlink":"https:\/\/wp.me\/p7wKYW-2EN","jetpack-related-posts":[],"_links":{"self":[{"href":"http:\/\/blogdalucianaoliveira.com.br\/blog\/wp-json\/wp\/v2\/posts\/10217","targetHints":{"allow":["GET"]}}],"collection":[{"href":"http:\/\/blogdalucianaoliveira.com.br\/blog\/wp-json\/wp\/v2\/posts"}],"about":[{"href":"http:\/\/blogdalucianaoliveira.com.br\/blog\/wp-json\/wp\/v2\/types\/post"}],"author":[{"embeddable":true,"href":"http:\/\/blogdalucianaoliveira.com.br\/blog\/wp-json\/wp\/v2\/users\/1"}],"replies":[{"embeddable":true,"href":"http:\/\/blogdalucianaoliveira.com.br\/blog\/wp-json\/wp\/v2\/comments?post=10217"}],"version-history":[{"count":1,"href":"http:\/\/blogdalucianaoliveira.com.br\/blog\/wp-json\/wp\/v2\/posts\/10217\/revisions"}],"predecessor-version":[{"id":10219,"href":"http:\/\/blogdalucianaoliveira.com.br\/blog\/wp-json\/wp\/v2\/posts\/10217\/revisions\/10219"}],"wp:attachment":[{"href":"http:\/\/blogdalucianaoliveira.com.br\/blog\/wp-json\/wp\/v2\/media?parent=10217"}],"wp:term":[{"taxonomy":"category","embeddable":true,"href":"http:\/\/blogdalucianaoliveira.com.br\/blog\/wp-json\/wp\/v2\/categories?post=10217"},{"taxonomy":"post_tag","embeddable":true,"href":"http:\/\/blogdalucianaoliveira.com.br\/blog\/wp-json\/wp\/v2\/tags?post=10217"}],"curies":[{"name":"wp","href":"https:\/\/api.w.org\/{rel}","templated":true}]}}