{"id":10221,"date":"2017-04-29T12:19:04","date_gmt":"2017-04-29T16:19:04","guid":{"rendered":"http:\/\/blogdalucianaoliveira.com.br\/blog\/?p=10221"},"modified":"2017-04-29T16:51:20","modified_gmt":"2017-04-29T20:51:20","slug":"o-papo-de-redacao-e-sobre-imparcialidade-jornalistica","status":"publish","type":"post","link":"http:\/\/blogdalucianaoliveira.com.br\/blog\/2017\/04\/29\/o-papo-de-redacao-e-sobre-imparcialidade-jornalistica\/","title":{"rendered":"O PAPO DE REDA\u00c7\u00c3O \u00c9 SOBRE IMPARCIALIDADE JORNAL\u00cdSTICA"},"content":{"rendered":"<p><img data-recalc-dims=\"1\" loading=\"lazy\" decoding=\"async\" data-attachment-id=\"10222\" data-permalink=\"http:\/\/blogdalucianaoliveira.com.br\/blog\/2017\/04\/29\/o-papo-de-redacao-e-sobre-imparcialidade-jornalistica\/img_6484\/\" data-orig-file=\"https:\/\/i0.wp.com\/blogdalucianaoliveira.com.br\/blog\/wp-content\/uploads\/2017\/04\/IMG_6484.jpg?fit=720%2C478\" data-orig-size=\"720,478\" data-comments-opened=\"0\" data-image-meta=\"{&quot;aperture&quot;:&quot;0&quot;,&quot;credit&quot;:&quot;&quot;,&quot;camera&quot;:&quot;&quot;,&quot;caption&quot;:&quot;&quot;,&quot;created_timestamp&quot;:&quot;0&quot;,&quot;copyright&quot;:&quot;&quot;,&quot;focal_length&quot;:&quot;0&quot;,&quot;iso&quot;:&quot;0&quot;,&quot;shutter_speed&quot;:&quot;0&quot;,&quot;title&quot;:&quot;&quot;,&quot;orientation&quot;:&quot;1&quot;}\" data-image-title=\"IMG_6484\" data-image-description=\"\" data-image-caption=\"\" data-medium-file=\"https:\/\/i0.wp.com\/blogdalucianaoliveira.com.br\/blog\/wp-content\/uploads\/2017\/04\/IMG_6484.jpg?fit=300%2C199\" data-large-file=\"https:\/\/i0.wp.com\/blogdalucianaoliveira.com.br\/blog\/wp-content\/uploads\/2017\/04\/IMG_6484.jpg?fit=600%2C398\" src=\"https:\/\/i0.wp.com\/blogdalucianaoliveira.com.br\/blog\/wp-content\/uploads\/2017\/04\/IMG_6484.jpg?resize=600%2C398\" alt=\"IMG_6484\" width=\"600\" height=\"398\" class=\"alignnone size-full wp-image-10222\" srcset=\"https:\/\/i0.wp.com\/blogdalucianaoliveira.com.br\/blog\/wp-content\/uploads\/2017\/04\/IMG_6484.jpg?w=720 720w, https:\/\/i0.wp.com\/blogdalucianaoliveira.com.br\/blog\/wp-content\/uploads\/2017\/04\/IMG_6484.jpg?resize=300%2C199 300w, https:\/\/i0.wp.com\/blogdalucianaoliveira.com.br\/blog\/wp-content\/uploads\/2017\/04\/IMG_6484.jpg?resize=452%2C300 452w\" sizes=\"auto, (max-width: 600px) 100vw, 600px\" \/><\/p>\n<p>Ontem passei horas debatendo com um duende que vive numa bota que s\u00f3 uso no frio sobre a quest\u00e3o da isen\u00e7\u00e3o jornal\u00edstica.<\/p>\n<p>\u201cTodos os ve\u00edculos de comunica\u00e7\u00e3o primam pela imparcialidade como forma de permitir a quem recebe a informa\u00e7\u00e3o um racioc\u00ednio sem manipula\u00e7\u00e3o intracraniana\u201d, disse a pequena criatura que nasceu l\u00e1 pras bandas da Noruega por volta do s\u00e9culo 13.<!--more--><\/p>\n<p>De fato li isso nos manuais de jornalismo, mas a hist\u00f3ria confirma exatamente o contr\u00e1rio.<\/p>\n<p>Prova disso, \u00e9 que um dos maiores conglomerados de comunica\u00e7\u00e3o do mundo, a Rede Globo, criou um site em que \u201crevisita sua hist\u00f3ria com um olhar cr\u00edtico\u201d e nele reconhece ap\u00f3s 50 anos, o erro pelo \u201capoio editorial ao golpe militar de 64\u201d.<\/p>\n<p>T\u00e1 l\u00e1 pra quem quiser ver.<\/p>\n<p>Da reelei\u00e7\u00e3o de Dilma Rousseff pra c\u00e1, do aniquilamento da democracia em benef\u00edcio da cleptocracia, n\u00e3o h\u00e1 debate que ocorra sem questionamentos ao papel da imprensa nesse per\u00edodo.<\/p>\n<p>Uns enxergam manipula\u00e7\u00e3o, outros negam.<\/p>\n<p>Pe\u00e7o que psicografem meu \u2018te avisei\u2019 quando a Globo e tantos outros conglomerados pedirem desculpas pelo \u2018erro\u2019 de apoiar o \u2018\u201do acordo com o STF, com tudo\u201d \u00e0 ruptura democr\u00e1tica.<\/p>\n<p>N\u00e3o h\u00e1 imparcialidade do golpe ao caos. Acreditar nisso \u00e9 como ver duendes. <\/p>\n<p>O ideal de que os dois lados da not\u00edcia sejam mostrados para que o leitor\/ouvinte\/telespectador ou internauta tire suas pr\u00f3prias conclus\u00f5es nunca foi t\u00e3o corrompido pela m\u00eddia tradicional.<\/p>\n<p>Tem ve\u00edculo que simplesmente desistiu do jornalismo e o servi\u00e7o que presta \u00e9 de assessoria em benef\u00edcio de determinado grupo de for\u00e7as pol\u00edticas.<\/p>\n<p>H\u00e1 v\u00e1rios, mas vou usar como paradigma o programa Papo de Reda\u00e7\u00e3o, na r\u00e1dio FM Parecis, que ontem ao noticiar a greve geral em Porto Velho usou at\u00e9 uma mensagem do l\u00edder Movimento Brasil Livre para desqualificar a rea\u00e7\u00e3o popular.<\/p>\n<p>N\u00e3o sei se 7 ou 10 mil pessoas foram \u00e0s ruas, mas sei que foram muitas e diversificadas as vozes.<br \/>\nComo quem foi em todos em todos os protestos contra o golpe, garanto nunca ter visto nas margens do rio Madeira uma marcha com um cardume t\u00e3o variado de sindicatos.<\/p>\n<p><img data-recalc-dims=\"1\" loading=\"lazy\" decoding=\"async\" data-attachment-id=\"10192\" data-permalink=\"http:\/\/blogdalucianaoliveira.com.br\/blog\/2017\/04\/28\/greve-geral-em-porto-velho-levou-milhares-as-ruas\/img_6455\/\" data-orig-file=\"https:\/\/i0.wp.com\/blogdalucianaoliveira.com.br\/blog\/wp-content\/uploads\/2017\/04\/IMG_6455.jpg?fit=1280%2C720\" data-orig-size=\"1280,720\" data-comments-opened=\"0\" data-image-meta=\"{&quot;aperture&quot;:&quot;0&quot;,&quot;credit&quot;:&quot;&quot;,&quot;camera&quot;:&quot;&quot;,&quot;caption&quot;:&quot;&quot;,&quot;created_timestamp&quot;:&quot;0&quot;,&quot;copyright&quot;:&quot;&quot;,&quot;focal_length&quot;:&quot;0&quot;,&quot;iso&quot;:&quot;0&quot;,&quot;shutter_speed&quot;:&quot;0&quot;,&quot;title&quot;:&quot;&quot;,&quot;orientation&quot;:&quot;1&quot;}\" data-image-title=\"IMG_6455\" data-image-description=\"\" data-image-caption=\"\" data-medium-file=\"https:\/\/i0.wp.com\/blogdalucianaoliveira.com.br\/blog\/wp-content\/uploads\/2017\/04\/IMG_6455.jpg?fit=300%2C169\" data-large-file=\"https:\/\/i0.wp.com\/blogdalucianaoliveira.com.br\/blog\/wp-content\/uploads\/2017\/04\/IMG_6455.jpg?fit=600%2C338\" src=\"https:\/\/i0.wp.com\/blogdalucianaoliveira.com.br\/blog\/wp-content\/uploads\/2017\/04\/IMG_6455.jpg?resize=600%2C338\" alt=\"IMG_6455\" width=\"600\" height=\"338\" class=\"alignnone size-full wp-image-10192\" srcset=\"https:\/\/i0.wp.com\/blogdalucianaoliveira.com.br\/blog\/wp-content\/uploads\/2017\/04\/IMG_6455.jpg?w=1280 1280w, https:\/\/i0.wp.com\/blogdalucianaoliveira.com.br\/blog\/wp-content\/uploads\/2017\/04\/IMG_6455.jpg?resize=300%2C169 300w, https:\/\/i0.wp.com\/blogdalucianaoliveira.com.br\/blog\/wp-content\/uploads\/2017\/04\/IMG_6455.jpg?resize=768%2C432 768w, https:\/\/i0.wp.com\/blogdalucianaoliveira.com.br\/blog\/wp-content\/uploads\/2017\/04\/IMG_6455.jpg?resize=1024%2C576 1024w, https:\/\/i0.wp.com\/blogdalucianaoliveira.com.br\/blog\/wp-content\/uploads\/2017\/04\/IMG_6455.jpg?resize=533%2C300 533w, https:\/\/i0.wp.com\/blogdalucianaoliveira.com.br\/blog\/wp-content\/uploads\/2017\/04\/IMG_6455.jpg?w=1200 1200w\" sizes=\"auto, (max-width: 600px) 100vw, 600px\" \/><\/p>\n<p>Como blogueira de posi\u00e7\u00e3o declarada, poderia atribuir o sucesso da manifesta\u00e7\u00e3o exclusivamente \u00e0 esquerda. Prefiro a sinceridade de dizer que foi a participa\u00e7\u00e3o de gente de todas as correntes ideol\u00f3gicas e partid\u00e1rias, com interesses comuns, que garantiu o sucesso do ato. <\/p>\n<p>O m\u00e9rito da mobiliza\u00e7\u00e3o, claro, se deve muito \u00e0 esquerda que quando decide organizar a resist\u00eancia \u00e9 insuper\u00e1vel.<br \/>\nMas, os jornalistas abriram o programa dizendo que na passeata s\u00f3 havia bandeiras vermelhas, que era s\u00f3 pra defender a contribui\u00e7\u00e3o sindical amea\u00e7ada pela reforma trabalhista e de quebra demonstrar apoio ao presidente Lula.<\/p>\n<p>O programa foi dedicado \u00e0 desqualifica\u00e7\u00e3o da greve geral, \u00e0 demoniza\u00e7\u00e3o da CUT e do PT. Quem acompanha os chamados \u201cdinossauros\u201d sabe que not\u00edcias que envolvem a esquerda s\u00e3o dadas aos gritos.<br \/>\nEles desistiram do jornalismo para servir a interesses classistas da direita. Tudo de ruim que experimentamos nesses tempos sombrios \u00e9 culpa exclusiva do PT.<\/p>\n<p>At\u00e9 a condena\u00e7\u00e3o do dinossauro-mor, o ex-deputado estadual Everton Leoni  a 10 anos e 6 meses de pris\u00e3o por corrup\u00e7\u00e3o, deve ser culpa do PT.<\/p>\n<p><img data-recalc-dims=\"1\" loading=\"lazy\" decoding=\"async\" data-attachment-id=\"10227\" data-permalink=\"http:\/\/blogdalucianaoliveira.com.br\/blog\/2017\/04\/29\/o-papo-de-redacao-e-sobre-imparcialidade-jornalistica\/papo\/\" data-orig-file=\"https:\/\/i0.wp.com\/blogdalucianaoliveira.com.br\/blog\/wp-content\/uploads\/2017\/04\/papo.jpg?fit=640%2C480\" data-orig-size=\"640,480\" data-comments-opened=\"0\" data-image-meta=\"{&quot;aperture&quot;:&quot;0&quot;,&quot;credit&quot;:&quot;&quot;,&quot;camera&quot;:&quot;&quot;,&quot;caption&quot;:&quot;&quot;,&quot;created_timestamp&quot;:&quot;0&quot;,&quot;copyright&quot;:&quot;&quot;,&quot;focal_length&quot;:&quot;0&quot;,&quot;iso&quot;:&quot;0&quot;,&quot;shutter_speed&quot;:&quot;0&quot;,&quot;title&quot;:&quot;&quot;,&quot;orientation&quot;:&quot;0&quot;}\" data-image-title=\"papo\" data-image-description=\"\" data-image-caption=\"\" data-medium-file=\"https:\/\/i0.wp.com\/blogdalucianaoliveira.com.br\/blog\/wp-content\/uploads\/2017\/04\/papo.jpg?fit=300%2C225\" data-large-file=\"https:\/\/i0.wp.com\/blogdalucianaoliveira.com.br\/blog\/wp-content\/uploads\/2017\/04\/papo.jpg?fit=600%2C450\" src=\"https:\/\/i0.wp.com\/blogdalucianaoliveira.com.br\/blog\/wp-content\/uploads\/2017\/04\/papo.jpg?resize=600%2C450\" alt=\"papo\" width=\"600\" height=\"450\" class=\"alignnone size-full wp-image-10227\" srcset=\"https:\/\/i0.wp.com\/blogdalucianaoliveira.com.br\/blog\/wp-content\/uploads\/2017\/04\/papo.jpg?w=640 640w, https:\/\/i0.wp.com\/blogdalucianaoliveira.com.br\/blog\/wp-content\/uploads\/2017\/04\/papo.jpg?resize=300%2C225 300w, https:\/\/i0.wp.com\/blogdalucianaoliveira.com.br\/blog\/wp-content\/uploads\/2017\/04\/papo.jpg?resize=400%2C300 400w\" sizes=\"auto, (max-width: 600px) 100vw, 600px\" \/><\/p>\n<p>Esse papo de isen\u00e7\u00e3o jornal\u00edstica n\u00e3o existe, mas em empresas de r\u00e1dio e tv que prestam um servi\u00e7o p\u00fablico, a responsabilidade ao noticiar \u00e9 uma obriga\u00e7\u00e3o inafast\u00e1vel.<\/p>\n<p>Se os \u2018dinossauros\u2019 querem tomar partido e s\u00f3 emitir opini\u00f5es, que criem um blog e deixem clara a linha editorial, mas ainda assim sem apelar \u00e0 manipula\u00e7\u00e3o dos fatos e sujeitos \u00e0 responsabiliza\u00e7\u00e3o por ultrapassar os limites da liberdade de express\u00e3o. Numa concess\u00e3o p\u00fablica, n\u00e3o!<\/p>\n<p>Parem, porque t\u00e1 feio reagir a contrapontos de coment\u00e1rios enviados ao programa com extrema zombaria.<\/p>\n<p>D\u00e1 pra sentir, pelo tom de voz, o olhar classista partid\u00e1rio de todos os apresentadores sobre um acontecimento que envolva qualquer bandeira defendida pela esquerda.<\/p>\n<p>Quem ligou o programa pra ouvir o relato dos jornalistas sobre a greve geral na capital, s\u00f3 ouviu an\u00e1lises pejorativas. Uma tentativa desesperada de fazer com que manifesta\u00e7\u00e3o igual n\u00e3o se repita.<\/p>\n<p>Pior, na contram\u00e3o da legitimidade real\u00e7ada em nota pelo Minist\u00e9rio P\u00fablico do Trabalho sobre as manifesta\u00e7\u00f5es que mobilizaram milh\u00f5es de trabalhadores em todo o pa\u00eds neste 28 de abril hist\u00f3rico. A nota do MPT foi um incentivo \u00e0 participa\u00e7\u00e3o com a amea\u00e7a de corte de ponto.<\/p>\n<p>Na grande passeata a pauta que ecoou nos microfones se restringiu \u00e0 oposi\u00e7\u00e3o \u00e0s reformas da Previd\u00eancia, Trabalhista e \u00e0 Lei da Terceiriza\u00e7\u00e3o.<\/p>\n<p>Quem disse o contr\u00e1rio, mente.<\/p>\n<p>O Fora Temer n\u00e3o \u00e9 mais s\u00f3 um grito da esquerda inconformada com o golpe, mas um dever de todos os brasileiros pelo golpe a direitos conquistados ao longo de d\u00e9cadas com muita luta popular e sangue.<\/p>\n<p>A parcela da imprensa que tenta desesperadamente elevar a aprova\u00e7\u00e3o do governo que atingiu p\u00edfios 4%, contrariando as vozes das ruas e a necessidade de se restabelecer a democracia, vai acabar com igual ou pior \u00edndice de credibilidade.<\/p>\n<p>S\u00f3 se toca o cora\u00e7\u00e3o das pessoas, quando a parte mais sens\u00edvel do ser humano n\u00e3o \u00e9 amea\u00e7ada, o bolso, a sobreviv\u00eancia com o m\u00ednimo de dignidade. <\/p>\n","protected":false},"excerpt":{"rendered":"<p>Ontem passei horas debatendo com um duende que vive numa bota que s\u00f3 uso no frio sobre a quest\u00e3o da isen\u00e7\u00e3o jornal\u00edstica. \u201cTodos os ve\u00edculos de comunica\u00e7\u00e3o primam pela imparcialidade como forma de permitir a quem recebe a informa\u00e7\u00e3o um racioc\u00ednio sem manipula\u00e7\u00e3o intracraniana\u201d, disse a pequena criatura que nasceu l\u00e1 pras bandas da Noruega&#8230;<a class=\"more-link\" href=\"http:\/\/blogdalucianaoliveira.com.br\/blog\/2017\/04\/29\/o-papo-de-redacao-e-sobre-imparcialidade-jornalistica\/\">Continue a leitura <span class=\"meta-nav\">&raquo;<\/span><\/a><\/p>\n","protected":false},"author":1,"featured_media":0,"comment_status":"closed","ping_status":"open","sticky":false,"template":"","format":"standard","meta":{"_exactmetrics_skip_tracking":false,"_exactmetrics_sitenote_active":false,"_exactmetrics_sitenote_note":"","_exactmetrics_sitenote_category":0,"jetpack_post_was_ever_published":false,"_jetpack_newsletter_access":"","_jetpack_dont_email_post_to_subs":false,"_jetpack_newsletter_tier_id":0,"_jetpack_memberships_contains_paywalled_content":false,"_jetpack_memberships_contains_paid_content":false,"footnotes":"","jetpack_publicize_message":"","jetpack_publicize_feature_enabled":true,"jetpack_social_post_already_shared":true,"jetpack_social_options":{"image_generator_settings":{"template":"highway","enabled":false},"version":2}},"categories":[1],"tags":[],"class_list":["post-10221","post","type-post","status-publish","format-standard","hentry","category-notas"],"jetpack_publicize_connections":[],"jetpack_sharing_enabled":true,"jetpack_featured_media_url":"","jetpack_shortlink":"https:\/\/wp.me\/p7wKYW-2ER","jetpack-related-posts":[],"_links":{"self":[{"href":"http:\/\/blogdalucianaoliveira.com.br\/blog\/wp-json\/wp\/v2\/posts\/10221","targetHints":{"allow":["GET"]}}],"collection":[{"href":"http:\/\/blogdalucianaoliveira.com.br\/blog\/wp-json\/wp\/v2\/posts"}],"about":[{"href":"http:\/\/blogdalucianaoliveira.com.br\/blog\/wp-json\/wp\/v2\/types\/post"}],"author":[{"embeddable":true,"href":"http:\/\/blogdalucianaoliveira.com.br\/blog\/wp-json\/wp\/v2\/users\/1"}],"replies":[{"embeddable":true,"href":"http:\/\/blogdalucianaoliveira.com.br\/blog\/wp-json\/wp\/v2\/comments?post=10221"}],"version-history":[{"count":7,"href":"http:\/\/blogdalucianaoliveira.com.br\/blog\/wp-json\/wp\/v2\/posts\/10221\/revisions"}],"predecessor-version":[{"id":10245,"href":"http:\/\/blogdalucianaoliveira.com.br\/blog\/wp-json\/wp\/v2\/posts\/10221\/revisions\/10245"}],"wp:attachment":[{"href":"http:\/\/blogdalucianaoliveira.com.br\/blog\/wp-json\/wp\/v2\/media?parent=10221"}],"wp:term":[{"taxonomy":"category","embeddable":true,"href":"http:\/\/blogdalucianaoliveira.com.br\/blog\/wp-json\/wp\/v2\/categories?post=10221"},{"taxonomy":"post_tag","embeddable":true,"href":"http:\/\/blogdalucianaoliveira.com.br\/blog\/wp-json\/wp\/v2\/tags?post=10221"}],"curies":[{"name":"wp","href":"https:\/\/api.w.org\/{rel}","templated":true}]}}