{"id":10238,"date":"2017-04-29T12:39:16","date_gmt":"2017-04-29T16:39:16","guid":{"rendered":"http:\/\/blogdalucianaoliveira.com.br\/blog\/?p=10238"},"modified":"2017-04-29T12:39:16","modified_gmt":"2017-04-29T16:39:16","slug":"o-governo-golpista-sente-a-forca-do-movimento-popular","status":"publish","type":"post","link":"http:\/\/blogdalucianaoliveira.com.br\/blog\/2017\/04\/29\/o-governo-golpista-sente-a-forca-do-movimento-popular\/","title":{"rendered":"O governo golpista sente a for\u00e7a do movimento popular"},"content":{"rendered":"<p><img data-recalc-dims=\"1\" loading=\"lazy\" decoding=\"async\" data-attachment-id=\"10239\" data-permalink=\"http:\/\/blogdalucianaoliveira.com.br\/blog\/2017\/04\/29\/o-governo-golpista-sente-a-forca-do-movimento-popular\/haha-2\/\" data-orig-file=\"https:\/\/i0.wp.com\/blogdalucianaoliveira.com.br\/blog\/wp-content\/uploads\/2017\/04\/haha.jpg?fit=490%2C280\" data-orig-size=\"490,280\" data-comments-opened=\"0\" data-image-meta=\"{&quot;aperture&quot;:&quot;0&quot;,&quot;credit&quot;:&quot;&quot;,&quot;camera&quot;:&quot;&quot;,&quot;caption&quot;:&quot;&quot;,&quot;created_timestamp&quot;:&quot;0&quot;,&quot;copyright&quot;:&quot;&quot;,&quot;focal_length&quot;:&quot;0&quot;,&quot;iso&quot;:&quot;0&quot;,&quot;shutter_speed&quot;:&quot;0&quot;,&quot;title&quot;:&quot;&quot;,&quot;orientation&quot;:&quot;0&quot;}\" data-image-title=\"haha\" data-image-description=\"\" data-image-caption=\"\" data-medium-file=\"https:\/\/i0.wp.com\/blogdalucianaoliveira.com.br\/blog\/wp-content\/uploads\/2017\/04\/haha.jpg?fit=300%2C171\" data-large-file=\"https:\/\/i0.wp.com\/blogdalucianaoliveira.com.br\/blog\/wp-content\/uploads\/2017\/04\/haha.jpg?fit=490%2C280\" src=\"https:\/\/i0.wp.com\/blogdalucianaoliveira.com.br\/blog\/wp-content\/uploads\/2017\/04\/haha.jpg?resize=490%2C280\" alt=\"haha\" width=\"490\" height=\"280\" class=\"alignnone size-full wp-image-10239\" srcset=\"https:\/\/i0.wp.com\/blogdalucianaoliveira.com.br\/blog\/wp-content\/uploads\/2017\/04\/haha.jpg?w=490 490w, https:\/\/i0.wp.com\/blogdalucianaoliveira.com.br\/blog\/wp-content\/uploads\/2017\/04\/haha.jpg?resize=300%2C171 300w\" sizes=\"auto, (max-width: 490px) 100vw, 490px\" \/><\/p>\n<p>No 247<br \/>\nEmir Sader<\/p>\n<p>O ensaio foi longo, mas a greve geral saiu e paralisou o Brasil. De norte a sul, em grandes, m\u00e9dias e pequenas cidades, o Pa\u00eds parou e saiu para as ruas, para manifestar a defesa dos interesses de todos contra a ofensiva antipopular do governo golpista. <!--more--><\/p>\n<p>Se jogava com um fracasso da greve geral para seguir adiante com a cassa\u00e7\u00e3o dos direitos da massa da popula\u00e7\u00e3o, o governo se deu mal. Tinha corrido para aprovar a liquida\u00e7\u00e3o da CLT, a terceiriza\u00e7\u00e3o, o fim da previd\u00eancia p\u00fablica, para mostrar servi\u00e7o para o mercado e a m\u00eddia, mas se choca com o Pa\u00eds real.<\/p>\n<p>At\u00e9 agora o governo se valeu da grande maioria conservadora no Congresso, como se ela fosse representativa da sociedade, para tocar pra frente seu programa regressivo. Foi acumulando resist\u00eancias, no movimento popular e na sua pr\u00f3pria base de apoio. <\/p>\n<p>Os movimentos populares, por seu lado, foram acumulando for\u00e7as, at\u00e9 o grande desafio da greve geral. H\u00e1 quem ache que \u00e9 a solu\u00e7\u00e3o definitiva dos conflitos. N\u00e3o \u00e9. Ela \u00e9 uma grande demonstra\u00e7\u00e3o de forca e, ao mesmo tempo, um momento de grande tomada de consci\u00eancia por parte dos trabalhadores do papel de produtores de todas as riquezas que o Pa\u00eds possui.<\/p>\n<p>Seu sucesso coloca a luta contra o governo golpista num patamar superior. As condi\u00e7\u00f5es de rejei\u00e7\u00e3o do fim da previd\u00eancia ja existiam, agora se trata de brecar o fim da CLT no Senado, para assim colocar um limite aos avan\u00e7os do governo e fazer com que ele perda a iniciativa e passe a temer qualquer nova vota\u00e7\u00e3o no Congresso.<\/p>\n<p>A luta de classes irrompe de forma direta nos enfrentamentos democr\u00e1ticos entre governo e oposi\u00e7\u00e3o. Se o governo tenta manter o centro dos embates no Congresso, valendo-se da maioria que ainda detem, os movimentos populares conseguiram fazer intervir as ruas, onde a correla\u00e7\u00e3o de forcas lhe \u00e9 totalmente favor\u00e1vel.<\/p>\n<p>A din\u00e2mica do avan\u00e7o do pacote de maldades do governo gera, ao mesmo tempo, as resist\u00eancias populares cada vez mais amplas e, com isso, coloca limites ao pacote. Quanto mais se aproximam as elei\u00e7\u00f5es de 2018, mais resist\u00eancias o governo vai encontrando dentro da sua pr\u00f3pria base de apoio no Congresso. Somado \u00e0s resist\u00eancias populares, vai se configurando uma tempestade perfeita para o governo, especialmente a partir do segundo semestre deste ano.<\/p>\n<p>A partir da greve o movimento popular precisa  continuar mobilizando a setores cada vez mais amplos da sociedade a partir da consci\u00eancia de como seus direitos est\u00e3o sendo atropelados, de como o pais esta\u2019 retrocedendo, de como so pela recupera\u00e7\u00e3o da democracia o Brasil pode voltar a crescer e a distribuir renda. Precisa, ao mesmo tempo, aumentar a press\u00e3o sobre os parlamentares para impedir a aprovacao do fim da previdencia publica no Congresso, do fim da CLT no Senado.<\/p>\n<p>O movimento popular precisa, ao mesmo tempo, lutar para garantir o direito do Lula ser candidato a presidente, que \u00e9 a condi\u00e7\u00e3o de que tenhamos elei\u00e7\u00f5es democr\u00e1ticas e recupera\u00e7\u00e3o do direito do povo decidir, livremente, pelo voto, os destinos que quer para o pais. Trabalhar para tirar toda capacidade de iniciativa do governo, para que ele veja que qualquer acao dele ser\u00e1 rejeitada politicamente, tera\u2019 respostas cada vez mais dr\u00e1sticas e amplas da popula\u00e7\u00e3o.<\/p>\n<p>A greve geral, pelo seu sucesso, e\u2019 um novo marco na luta pela redemocratiza\u00e7\u00e3o do pais e pela obstru\u00e7\u00e3o da acao delet\u00e9ria do governo golpista contra o Brasil. Refuta aqueles que acusam o povo brasileiro de falta de disposi\u00e7\u00e3o de luta por seus direitos e pelos destinos do pais. Mostra que, mobilizada e conscientizada, a sociedade brasileira \u00e9 capaz de restaurar a democracia e reconduzir o pais pelos caminhos que foram interrompidos pelo golpe.<\/p>\n","protected":false},"excerpt":{"rendered":"<p>No 247 Emir Sader O ensaio foi longo, mas a greve geral saiu e paralisou o Brasil. De norte a sul, em grandes, m\u00e9dias e pequenas cidades, o Pa\u00eds parou e saiu para as ruas, para manifestar a defesa dos interesses de todos contra a ofensiva antipopular do governo golpista.<\/p>\n","protected":false},"author":1,"featured_media":0,"comment_status":"closed","ping_status":"open","sticky":false,"template":"","format":"standard","meta":{"_exactmetrics_skip_tracking":false,"_exactmetrics_sitenote_active":false,"_exactmetrics_sitenote_note":"","_exactmetrics_sitenote_category":0,"jetpack_post_was_ever_published":false,"_jetpack_newsletter_access":"","_jetpack_dont_email_post_to_subs":false,"_jetpack_newsletter_tier_id":0,"_jetpack_memberships_contains_paywalled_content":false,"_jetpack_memberships_contains_paid_content":false,"footnotes":"","jetpack_publicize_message":"","jetpack_publicize_feature_enabled":true,"jetpack_social_post_already_shared":true,"jetpack_social_options":{"image_generator_settings":{"template":"highway","enabled":false},"version":2}},"categories":[1],"tags":[],"class_list":["post-10238","post","type-post","status-publish","format-standard","hentry","category-notas"],"jetpack_publicize_connections":[],"jetpack_sharing_enabled":true,"jetpack_featured_media_url":"","jetpack_shortlink":"https:\/\/wp.me\/p7wKYW-2F8","jetpack-related-posts":[],"_links":{"self":[{"href":"http:\/\/blogdalucianaoliveira.com.br\/blog\/wp-json\/wp\/v2\/posts\/10238","targetHints":{"allow":["GET"]}}],"collection":[{"href":"http:\/\/blogdalucianaoliveira.com.br\/blog\/wp-json\/wp\/v2\/posts"}],"about":[{"href":"http:\/\/blogdalucianaoliveira.com.br\/blog\/wp-json\/wp\/v2\/types\/post"}],"author":[{"embeddable":true,"href":"http:\/\/blogdalucianaoliveira.com.br\/blog\/wp-json\/wp\/v2\/users\/1"}],"replies":[{"embeddable":true,"href":"http:\/\/blogdalucianaoliveira.com.br\/blog\/wp-json\/wp\/v2\/comments?post=10238"}],"version-history":[{"count":1,"href":"http:\/\/blogdalucianaoliveira.com.br\/blog\/wp-json\/wp\/v2\/posts\/10238\/revisions"}],"predecessor-version":[{"id":10240,"href":"http:\/\/blogdalucianaoliveira.com.br\/blog\/wp-json\/wp\/v2\/posts\/10238\/revisions\/10240"}],"wp:attachment":[{"href":"http:\/\/blogdalucianaoliveira.com.br\/blog\/wp-json\/wp\/v2\/media?parent=10238"}],"wp:term":[{"taxonomy":"category","embeddable":true,"href":"http:\/\/blogdalucianaoliveira.com.br\/blog\/wp-json\/wp\/v2\/categories?post=10238"},{"taxonomy":"post_tag","embeddable":true,"href":"http:\/\/blogdalucianaoliveira.com.br\/blog\/wp-json\/wp\/v2\/tags?post=10238"}],"curies":[{"name":"wp","href":"https:\/\/api.w.org\/{rel}","templated":true}]}}