{"id":1024,"date":"2016-05-18T13:58:34","date_gmt":"2016-05-18T17:58:34","guid":{"rendered":"http:\/\/blogdalucianaoliveira.com.br\/blog\/?p=1024"},"modified":"2016-05-18T13:58:34","modified_gmt":"2016-05-18T17:58:34","slug":"novo-governo-novas-regras-por-professor-nazareno","status":"publish","type":"post","link":"http:\/\/blogdalucianaoliveira.com.br\/blog\/2016\/05\/18\/novo-governo-novas-regras-por-professor-nazareno\/","title":{"rendered":"Novo Governo, novas regras. Por professor Nazareno"},"content":{"rendered":"<p><img data-recalc-dims=\"1\" loading=\"lazy\" decoding=\"async\" data-attachment-id=\"1025\" data-permalink=\"http:\/\/blogdalucianaoliveira.com.br\/blog\/2016\/05\/18\/novo-governo-novas-regras-por-professor-nazareno\/image-229\/\" data-orig-file=\"https:\/\/i0.wp.com\/blogdalucianaoliveira.com.br\/blog\/wp-content\/uploads\/2016\/05\/image-196.jpeg?fit=280%2C215\" data-orig-size=\"280,215\" data-comments-opened=\"0\" data-image-meta=\"{&quot;aperture&quot;:&quot;0&quot;,&quot;credit&quot;:&quot;&quot;,&quot;camera&quot;:&quot;&quot;,&quot;caption&quot;:&quot;&quot;,&quot;created_timestamp&quot;:&quot;0&quot;,&quot;copyright&quot;:&quot;&quot;,&quot;focal_length&quot;:&quot;0&quot;,&quot;iso&quot;:&quot;0&quot;,&quot;shutter_speed&quot;:&quot;0&quot;,&quot;title&quot;:&quot;&quot;,&quot;orientation&quot;:&quot;0&quot;}\" data-image-title=\"image\" data-image-description=\"\" data-image-caption=\"\" data-medium-file=\"https:\/\/i0.wp.com\/blogdalucianaoliveira.com.br\/blog\/wp-content\/uploads\/2016\/05\/image-196.jpeg?fit=280%2C215\" data-large-file=\"https:\/\/i0.wp.com\/blogdalucianaoliveira.com.br\/blog\/wp-content\/uploads\/2016\/05\/image-196.jpeg?fit=280%2C215\" src=\"https:\/\/i0.wp.com\/blogdalucianaoliveira.com.br\/blog\/wp-content\/uploads\/2016\/05\/image-196.jpeg?resize=280%2C215\" alt=\"image\" width=\"280\" height=\"215\" class=\"alignnone size-full wp-image-1025\" \/><\/p>\n<p>Com a chegada de um novo governo ao poder m\u00e1ximo no Brasil, \u00e9 normal\u00edssimo que as regras da sociedade possam tamb\u00e9m mudar para o bem de toda a na\u00e7\u00e3o. <!--more--><\/p>\n<p>Com amplo apoio popular e aceita\u00e7\u00e3o em todos os setores da vida nacional e tamb\u00e9m euforicamente festejado nos mais long\u00ednquos recantos internacionais, o governo de Michel Temer \u00e0 frente dos nossos destinos imprimir\u00e1 um ritmo de bem-aventuran\u00e7a e otimismo jamais vistos nestes 516 anos de Hist\u00f3ria. <\/p>\n<p>E as mudan\u00e7as j\u00e1 come\u00e7am a ser vistas em todos os quadrantes da vida cotidiana. A participa\u00e7\u00e3o feminina na pol\u00edtica, por exemplo, ganha um merecido descanso. Ressurge agora no horizonte, \u201ca voz de um homem, uma a\u00e7\u00e3o da raz\u00e3o, sem a emo\u00e7\u00e3o da feminilidade, mas uma voz masculina, grossa, aut\u00eantica, firme, determinada, onde se observa que \u00e9 macho e n\u00e3o f\u00eamea\u201d.<\/p>\n<p>Os negros tamb\u00e9m n\u00e3o participar\u00e3o do novo governo por uma raz\u00e3o muito simples: eles nunca tiveram o total controle das finan\u00e7as nacionais e por isso podem n\u00e3o saber lidar de maneira correta e justa com os n\u00fameros. Al\u00e9m do mais, durante mais de tr\u00eas s\u00e9culos foram muito bem governados pelos brancos s\u00e1bios. Naquele tempo, nenhuma reclama\u00e7\u00e3o de maus tratos, tortura, persegui\u00e7\u00f5es ou mesmo de preconceito racial foi notificada pela Hist\u00f3ria. <\/p>\n<p>A contribui\u00e7\u00e3o afrodescendente j\u00e1 foi dada ao pa\u00eds. J\u00e1 somos uma democracia racial h\u00e1 muito tempo, \u201cgra\u00e7as \u00e0s nossas lindas escravas\u201d. Os quilombolas, as dan\u00e7as afro, os ritos, a umbanda, o candombl\u00e9 e outras manifesta\u00e7\u00f5es folcl\u00f3ricas de grande import\u00e2ncia cultural e antropol\u00f3gica lhes tomar\u00e3o todo o tempo se forem permitidas nesta nova conjuntura pol\u00edtica. Os brancos saber\u00e3o dar conta de tudo.<\/p>\n<p>As demais minorias assim como os LGBT tamb\u00e9m ser\u00e3o \u201cpoupadas\u201d. Se quiser, podem at\u00e9 participar do \u201cMinist\u00e9rio da Cura Gay\u201d que ser\u00e1 criado e ter\u00e1 um pastor evang\u00e9lico como ministro. Infelizmente, as Passeatas do Orgulho Gay ser\u00e3o proibidas por absoluta falta de verbas. O conceito de fam\u00edlia voltar\u00e1 a ser o tradicional com homem, mulher, (amante) e filhos. Nada de uni\u00e3o est\u00e1vel ou Estado laico. <\/p>\n<p>O Brasil ser\u00e1 uma Rep\u00fablica Crist\u00e3 evang\u00e9lica com participa\u00e7\u00e3o de cat\u00f3licos. Todo cidad\u00e3o dever\u00e1 ter obrigatoriamente uma religi\u00e3o. Nada de ateus, agn\u00f3sticos ou outra denomina\u00e7\u00e3o que n\u00e3o louve a Cristo, ao para\u00edso e \u00e0 salva\u00e7\u00e3o acima de tudo. O Facebook ser\u00e1 monitorado, infelizmente. S\u00f3 ter\u00e1 direito a us\u00e1-lo quem publica postagens favor\u00e1veis ao novo governo. Professores, poetas, dramaturgos e alguns artistas n\u00e3o poder\u00e3o ter opini\u00f5es.<\/p>\n<p>Claro que n\u00e3o se trata de censura como pensam alguns pessimistas. \u00c9 s\u00f3 precau\u00e7\u00e3o mesmo. A m\u00eddia ser\u00e1 toda \u201cacompanhada de perto\u201d e as not\u00edcias ter\u00e3o novo vocabul\u00e1rio. Revista Veja, Rede Globo e Folha de S\u00e3o Paulo ser\u00e3o \u00f3rg\u00e3os da m\u00eddia oficial e representar\u00e3o o Brasil. Que \u00f3rg\u00e3os e jornalistas representar\u00e3o agora a m\u00eddia oficial de Rond\u00f4nia? Manifesta\u00e7\u00e3o p\u00fablica ter\u00e1 dois nomes: se a favor do governo, ser\u00e1 chamada de caminhada c\u00edvica e heroica, cujos participantes s\u00e3o nacionalistas e pessoas do bem. <\/p>\n<p>Se for contra, ter\u00e1 somente baderneiros, arruaceiros e desocupados. Os jornais da TV s\u00f3 poder\u00e3o transmitir coisas boas e otimistas para as nossas crian\u00e7as.<\/p>\n<p>O futebol, \u00f3bvio, ser\u00e1 incentivado e todas as manifesta\u00e7\u00f5es culturais levar\u00e3o em conta s\u00f3 os princ\u00edpios positivistas, religiosos e familiares. M\u00fasica s\u00f3 se for Gospel. Com estas mudan\u00e7as, o mundo nos ver\u00e1 de forma diferente. E tudo ser\u00e1 melhor. <\/p>\n<p>Gra\u00e7as a Deus!<\/p>\n","protected":false},"excerpt":{"rendered":"<p>Com a chegada de um novo governo ao poder m\u00e1ximo no Brasil, \u00e9 normal\u00edssimo que as regras da sociedade possam tamb\u00e9m mudar para o bem de toda a na\u00e7\u00e3o.<\/p>\n","protected":false},"author":1,"featured_media":0,"comment_status":"closed","ping_status":"open","sticky":false,"template":"","format":"standard","meta":{"_exactmetrics_skip_tracking":false,"_exactmetrics_sitenote_active":false,"_exactmetrics_sitenote_note":"","_exactmetrics_sitenote_category":0,"jetpack_post_was_ever_published":false,"_jetpack_newsletter_access":"","_jetpack_dont_email_post_to_subs":false,"_jetpack_newsletter_tier_id":0,"_jetpack_memberships_contains_paywalled_content":false,"_jetpack_memberships_contains_paid_content":false,"footnotes":"","jetpack_publicize_message":"","jetpack_publicize_feature_enabled":true,"jetpack_social_post_already_shared":true,"jetpack_social_options":{"image_generator_settings":{"template":"highway","enabled":false},"version":2}},"categories":[1],"tags":[],"class_list":["post-1024","post","type-post","status-publish","format-standard","hentry","category-notas"],"jetpack_publicize_connections":[],"jetpack_sharing_enabled":true,"jetpack_featured_media_url":"","jetpack_shortlink":"https:\/\/wp.me\/p7wKYW-gw","jetpack-related-posts":[],"_links":{"self":[{"href":"http:\/\/blogdalucianaoliveira.com.br\/blog\/wp-json\/wp\/v2\/posts\/1024","targetHints":{"allow":["GET"]}}],"collection":[{"href":"http:\/\/blogdalucianaoliveira.com.br\/blog\/wp-json\/wp\/v2\/posts"}],"about":[{"href":"http:\/\/blogdalucianaoliveira.com.br\/blog\/wp-json\/wp\/v2\/types\/post"}],"author":[{"embeddable":true,"href":"http:\/\/blogdalucianaoliveira.com.br\/blog\/wp-json\/wp\/v2\/users\/1"}],"replies":[{"embeddable":true,"href":"http:\/\/blogdalucianaoliveira.com.br\/blog\/wp-json\/wp\/v2\/comments?post=1024"}],"version-history":[{"count":1,"href":"http:\/\/blogdalucianaoliveira.com.br\/blog\/wp-json\/wp\/v2\/posts\/1024\/revisions"}],"predecessor-version":[{"id":1026,"href":"http:\/\/blogdalucianaoliveira.com.br\/blog\/wp-json\/wp\/v2\/posts\/1024\/revisions\/1026"}],"wp:attachment":[{"href":"http:\/\/blogdalucianaoliveira.com.br\/blog\/wp-json\/wp\/v2\/media?parent=1024"}],"wp:term":[{"taxonomy":"category","embeddable":true,"href":"http:\/\/blogdalucianaoliveira.com.br\/blog\/wp-json\/wp\/v2\/categories?post=1024"},{"taxonomy":"post_tag","embeddable":true,"href":"http:\/\/blogdalucianaoliveira.com.br\/blog\/wp-json\/wp\/v2\/tags?post=1024"}],"curies":[{"name":"wp","href":"https:\/\/api.w.org\/{rel}","templated":true}]}}