{"id":10253,"date":"2017-04-30T09:48:34","date_gmt":"2017-04-30T13:48:34","guid":{"rendered":"http:\/\/blogdalucianaoliveira.com.br\/blog\/?p=10253"},"modified":"2017-04-30T09:48:34","modified_gmt":"2017-04-30T13:48:34","slug":"a-folha-se-supera-pm-agressor-de-estudante-e-homem-trajado-como-pm","status":"publish","type":"post","link":"http:\/\/blogdalucianaoliveira.com.br\/blog\/2017\/04\/30\/a-folha-se-supera-pm-agressor-de-estudante-e-homem-trajado-como-pm\/","title":{"rendered":"A Folha se supera. PM agressor de estudante \u00e9 \u201chomem trajado como PM\u201d"},"content":{"rendered":"<p><img data-recalc-dims=\"1\" loading=\"lazy\" decoding=\"async\" data-attachment-id=\"10254\" data-permalink=\"http:\/\/blogdalucianaoliveira.com.br\/blog\/2017\/04\/30\/a-folha-se-supera-pm-agressor-de-estudante-e-homem-trajado-como-pm\/img_6516-2\/\" data-orig-file=\"https:\/\/i0.wp.com\/blogdalucianaoliveira.com.br\/blog\/wp-content\/uploads\/2017\/04\/IMG_6516-1.jpg?fit=626%2C823\" data-orig-size=\"626,823\" data-comments-opened=\"0\" data-image-meta=\"{&quot;aperture&quot;:&quot;0&quot;,&quot;credit&quot;:&quot;&quot;,&quot;camera&quot;:&quot;&quot;,&quot;caption&quot;:&quot;&quot;,&quot;created_timestamp&quot;:&quot;0&quot;,&quot;copyright&quot;:&quot;&quot;,&quot;focal_length&quot;:&quot;0&quot;,&quot;iso&quot;:&quot;0&quot;,&quot;shutter_speed&quot;:&quot;0&quot;,&quot;title&quot;:&quot;&quot;,&quot;orientation&quot;:&quot;1&quot;}\" data-image-title=\"IMG_6516\" data-image-description=\"\" data-image-caption=\"\" data-medium-file=\"https:\/\/i0.wp.com\/blogdalucianaoliveira.com.br\/blog\/wp-content\/uploads\/2017\/04\/IMG_6516-1.jpg?fit=228%2C300\" data-large-file=\"https:\/\/i0.wp.com\/blogdalucianaoliveira.com.br\/blog\/wp-content\/uploads\/2017\/04\/IMG_6516-1.jpg?fit=600%2C789\" src=\"https:\/\/i0.wp.com\/blogdalucianaoliveira.com.br\/blog\/wp-content\/uploads\/2017\/04\/IMG_6516-1.jpg?resize=600%2C789\" alt=\"IMG_6516\" width=\"600\" height=\"789\" class=\"alignnone size-full wp-image-10254\" srcset=\"https:\/\/i0.wp.com\/blogdalucianaoliveira.com.br\/blog\/wp-content\/uploads\/2017\/04\/IMG_6516-1.jpg?w=626 626w, https:\/\/i0.wp.com\/blogdalucianaoliveira.com.br\/blog\/wp-content\/uploads\/2017\/04\/IMG_6516-1.jpg?resize=228%2C300 228w\" sizes=\"auto, (max-width: 600px) 100vw, 600px\" \/><\/p>\n<p>No DCM<br \/>\nFernando Brito<\/p>\n<p>H\u00e1 um limite para ceder ao patr\u00e3o e os coleguinhas da Folha o ultrapassaram.<!--more--><\/p>\n<p>N\u00e3o sei se sua ombudsman o comentar\u00e1, mas o jornal paulista se supera.<\/p>\n<p>Ao descrever a brutalidade est\u00fapida que foi feita contra o estudante  Mateus Ferreira,  em cheio na cabe\u00e7a , a sua mat\u00e9ria diz que ele \u00e9 \u201d atingido na cabe\u00e7a por um golpe de cassetete desferido por um homem trajado como policial militar\u201d<\/p>\n<p>Trajado com o policial militar?<\/p>\n<p>N\u00e3o \u00e9 um PM?<\/p>\n<p>Era um \u201cbolivariano\u201d usando a farda da pol\u00edcia, disfar\u00e7ado?<\/p>\n<p><img data-recalc-dims=\"1\" loading=\"lazy\" decoding=\"async\" data-attachment-id=\"10255\" data-permalink=\"http:\/\/blogdalucianaoliveira.com.br\/blog\/2017\/04\/30\/a-folha-se-supera-pm-agressor-de-estudante-e-homem-trajado-como-pm\/img_6517\/\" data-orig-file=\"https:\/\/i0.wp.com\/blogdalucianaoliveira.com.br\/blog\/wp-content\/uploads\/2017\/04\/IMG_6517.jpg?fit=932%2C697\" data-orig-size=\"932,697\" data-comments-opened=\"0\" data-image-meta=\"{&quot;aperture&quot;:&quot;0&quot;,&quot;credit&quot;:&quot;&quot;,&quot;camera&quot;:&quot;&quot;,&quot;caption&quot;:&quot;&quot;,&quot;created_timestamp&quot;:&quot;0&quot;,&quot;copyright&quot;:&quot;&quot;,&quot;focal_length&quot;:&quot;0&quot;,&quot;iso&quot;:&quot;0&quot;,&quot;shutter_speed&quot;:&quot;0&quot;,&quot;title&quot;:&quot;&quot;,&quot;orientation&quot;:&quot;0&quot;}\" data-image-title=\"IMG_6517\" data-image-description=\"\" data-image-caption=\"\" data-medium-file=\"https:\/\/i0.wp.com\/blogdalucianaoliveira.com.br\/blog\/wp-content\/uploads\/2017\/04\/IMG_6517.jpg?fit=300%2C224\" data-large-file=\"https:\/\/i0.wp.com\/blogdalucianaoliveira.com.br\/blog\/wp-content\/uploads\/2017\/04\/IMG_6517.jpg?fit=600%2C449\" src=\"https:\/\/i0.wp.com\/blogdalucianaoliveira.com.br\/blog\/wp-content\/uploads\/2017\/04\/IMG_6517.jpg?resize=600%2C449\" alt=\"IMG_6517\" width=\"600\" height=\"449\" class=\"alignnone size-full wp-image-10255\" srcset=\"https:\/\/i0.wp.com\/blogdalucianaoliveira.com.br\/blog\/wp-content\/uploads\/2017\/04\/IMG_6517.jpg?w=932 932w, https:\/\/i0.wp.com\/blogdalucianaoliveira.com.br\/blog\/wp-content\/uploads\/2017\/04\/IMG_6517.jpg?resize=300%2C224 300w, https:\/\/i0.wp.com\/blogdalucianaoliveira.com.br\/blog\/wp-content\/uploads\/2017\/04\/IMG_6517.jpg?resize=768%2C574 768w, https:\/\/i0.wp.com\/blogdalucianaoliveira.com.br\/blog\/wp-content\/uploads\/2017\/04\/IMG_6517.jpg?resize=401%2C300 401w\" sizes=\"auto, (max-width: 600px) 100vw, 600px\" \/><\/p>\n<p>Mas h\u00e1 vergonha maior do que este acanalhamento da m\u00eddia, expresso num texto de fazer qualquer profissional corar de vergonha.<\/p>\n<p>Os governantes -mais que o energ\u00fameno que solta suas taras \u201cmandando ver\u201d com o cassetete na cabela alheia \u2013 s\u00e3o os verdadeiros agressores.<\/p>\n<p>Primeiro, porque os abusos de viol\u00eancia em manifesta\u00e7\u00f5es viraram rotina \u2013 desde que, claro, os manifestantes n\u00e3o sejam da direita \u2013  e nada fizeram para que isso fosse contido.<\/p>\n<p>Segundo, porque quando resolvem usar a pol\u00edcia contra simples manifesta\u00e7\u00f5es est\u00e3o, na pr\u00e1tica, transformando a PM numa matilha a\u00e7ulada.<\/p>\n<p>Que tira \u201cselfies\u201d com os coxinhas e desce a borduna com os outros.<\/p>\n<p>As m\u00e3os no cassetete s\u00e3o do PM criminoso, mas quem desfere o golpe \u00e9 a direita .<\/p>\n<p>Mateus est\u00e1 numa UTI, entre a vida e a morte. Tomara que n\u00e3o se conte um assassinato nesta greve.<\/p>\n<p>Mas tentado, ele j\u00e1 foi. O autor material  foi \u201cum homem trajado como policial militar\u201d.<\/p>\n<p>J\u00e1 os autores intelectuais est\u00e3o muito bem instalados em pal\u00e1cios e gabinetes de reda\u00e7\u00f5es.<\/p>\n","protected":false},"excerpt":{"rendered":"<p>No DCM Fernando Brito H\u00e1 um limite para ceder ao patr\u00e3o e os coleguinhas da Folha o ultrapassaram.<\/p>\n","protected":false},"author":1,"featured_media":0,"comment_status":"closed","ping_status":"open","sticky":false,"template":"","format":"standard","meta":{"_exactmetrics_skip_tracking":false,"_exactmetrics_sitenote_active":false,"_exactmetrics_sitenote_note":"","_exactmetrics_sitenote_category":0,"jetpack_post_was_ever_published":false,"_jetpack_newsletter_access":"","_jetpack_dont_email_post_to_subs":false,"_jetpack_newsletter_tier_id":0,"_jetpack_memberships_contains_paywalled_content":false,"_jetpack_memberships_contains_paid_content":false,"footnotes":"","jetpack_publicize_message":"","jetpack_publicize_feature_enabled":true,"jetpack_social_post_already_shared":true,"jetpack_social_options":{"image_generator_settings":{"template":"highway","enabled":false},"version":2}},"categories":[1],"tags":[],"class_list":["post-10253","post","type-post","status-publish","format-standard","hentry","category-notas"],"jetpack_publicize_connections":[],"jetpack_sharing_enabled":true,"jetpack_featured_media_url":"","jetpack_shortlink":"https:\/\/wp.me\/p7wKYW-2Fn","jetpack-related-posts":[],"_links":{"self":[{"href":"http:\/\/blogdalucianaoliveira.com.br\/blog\/wp-json\/wp\/v2\/posts\/10253","targetHints":{"allow":["GET"]}}],"collection":[{"href":"http:\/\/blogdalucianaoliveira.com.br\/blog\/wp-json\/wp\/v2\/posts"}],"about":[{"href":"http:\/\/blogdalucianaoliveira.com.br\/blog\/wp-json\/wp\/v2\/types\/post"}],"author":[{"embeddable":true,"href":"http:\/\/blogdalucianaoliveira.com.br\/blog\/wp-json\/wp\/v2\/users\/1"}],"replies":[{"embeddable":true,"href":"http:\/\/blogdalucianaoliveira.com.br\/blog\/wp-json\/wp\/v2\/comments?post=10253"}],"version-history":[{"count":1,"href":"http:\/\/blogdalucianaoliveira.com.br\/blog\/wp-json\/wp\/v2\/posts\/10253\/revisions"}],"predecessor-version":[{"id":10256,"href":"http:\/\/blogdalucianaoliveira.com.br\/blog\/wp-json\/wp\/v2\/posts\/10253\/revisions\/10256"}],"wp:attachment":[{"href":"http:\/\/blogdalucianaoliveira.com.br\/blog\/wp-json\/wp\/v2\/media?parent=10253"}],"wp:term":[{"taxonomy":"category","embeddable":true,"href":"http:\/\/blogdalucianaoliveira.com.br\/blog\/wp-json\/wp\/v2\/categories?post=10253"},{"taxonomy":"post_tag","embeddable":true,"href":"http:\/\/blogdalucianaoliveira.com.br\/blog\/wp-json\/wp\/v2\/tags?post=10253"}],"curies":[{"name":"wp","href":"https:\/\/api.w.org\/{rel}","templated":true}]}}