{"id":10257,"date":"2017-04-30T09:53:22","date_gmt":"2017-04-30T13:53:22","guid":{"rendered":"http:\/\/blogdalucianaoliveira.com.br\/blog\/?p=10257"},"modified":"2017-04-30T09:53:22","modified_gmt":"2017-04-30T13:53:22","slug":"nao-sao-as-pessoas-de-bem-que-decidem-seu-futuro-sao-as-de-bens","status":"publish","type":"post","link":"http:\/\/blogdalucianaoliveira.com.br\/blog\/2017\/04\/30\/nao-sao-as-pessoas-de-bem-que-decidem-seu-futuro-sao-as-de-bens\/","title":{"rendered":"N\u00e3o s\u00e3o as pessoas de bem que decidem seu futuro. S\u00e3o as de bens"},"content":{"rendered":"<p><img data-recalc-dims=\"1\" loading=\"lazy\" decoding=\"async\" data-attachment-id=\"10258\" data-permalink=\"http:\/\/blogdalucianaoliveira.com.br\/blog\/2017\/04\/30\/nao-sao-as-pessoas-de-bem-que-decidem-seu-futuro-sao-as-de-bens\/img_6518\/\" data-orig-file=\"https:\/\/i0.wp.com\/blogdalucianaoliveira.com.br\/blog\/wp-content\/uploads\/2017\/04\/IMG_6518.jpg?fit=720%2C960\" data-orig-size=\"720,960\" data-comments-opened=\"0\" data-image-meta=\"{&quot;aperture&quot;:&quot;0&quot;,&quot;credit&quot;:&quot;&quot;,&quot;camera&quot;:&quot;&quot;,&quot;caption&quot;:&quot;&quot;,&quot;created_timestamp&quot;:&quot;0&quot;,&quot;copyright&quot;:&quot;&quot;,&quot;focal_length&quot;:&quot;0&quot;,&quot;iso&quot;:&quot;0&quot;,&quot;shutter_speed&quot;:&quot;0&quot;,&quot;title&quot;:&quot;&quot;,&quot;orientation&quot;:&quot;1&quot;}\" data-image-title=\"IMG_6518\" data-image-description=\"\" data-image-caption=\"\" data-medium-file=\"https:\/\/i0.wp.com\/blogdalucianaoliveira.com.br\/blog\/wp-content\/uploads\/2017\/04\/IMG_6518.jpg?fit=225%2C300\" data-large-file=\"https:\/\/i0.wp.com\/blogdalucianaoliveira.com.br\/blog\/wp-content\/uploads\/2017\/04\/IMG_6518.jpg?fit=600%2C800\" src=\"https:\/\/i0.wp.com\/blogdalucianaoliveira.com.br\/blog\/wp-content\/uploads\/2017\/04\/IMG_6518.jpg?resize=600%2C800\" alt=\"IMG_6518\" width=\"600\" height=\"800\" class=\"alignnone size-full wp-image-10258\" srcset=\"https:\/\/i0.wp.com\/blogdalucianaoliveira.com.br\/blog\/wp-content\/uploads\/2017\/04\/IMG_6518.jpg?w=720 720w, https:\/\/i0.wp.com\/blogdalucianaoliveira.com.br\/blog\/wp-content\/uploads\/2017\/04\/IMG_6518.jpg?resize=225%2C300 225w\" sizes=\"auto, (max-width: 600px) 100vw, 600px\" \/><\/p>\n<p>Quem s\u00e3o os propriet\u00e1rios do Golpe? A quem serve a marionete Temer?<!--more--><\/p>\n<p>Est\u00e1 mais do que na hora de ir \u00e0 raiz do problema&#8230; escapar da atual fuma\u00e7a pol\u00edtica, do teatro pol\u00edtico, para botar na frente da cena o poder econ\u00f4mico que, de fato, comanda e dirige as contra-reformas deste governo fantoche.<br \/>\nPrecisamos dar nomes aos bois&#8230; nomeamos, aqui, quatro deles que, certamente, est\u00e3o no comando das opera\u00e7\u00f5es.<br \/>\nPara al\u00e9m da elite pol\u00edtica corrompida, precisamos atacar o dom\u00ednio destes grupos privados sobre o Estado brasileiro.<\/p>\n<p>QUEM S\u00c3O?<\/p>\n<p>ITA\u00da\/UNIBANCO<br \/>\nO Ita\u00fa \u00e9 um dos maiores credores da d\u00edvida p\u00fablica brasileira e o seu economista-chefe, Ilan Goldfan, \u00e9 o atual presidente do Banco Central do Brasil. S\u00e3o membros do Conselho Consultivo Internacional do Ita\u00fa, Pedro Malan e Andr\u00e9 Lara Rezende, ex-ministro da fazenda e ex-presidente do BNDES no Governo FHC, respectivamente. O Ita\u00fa recebeu, agora em abril, de \u00f3rg\u00e3o do Minist\u00e9rio da Fazenda o perd\u00e3o de d\u00edvida com a Uni\u00e3o de mais de R$ 25 bilh\u00f5es.<br \/>\nFUNDO G\u00c1VEA INVESTIMENTOS<br \/>\nO Fundo G\u00e1vea Investimentos, criado por Arm\u00ednio Fraga, ex-presidente do Banco Central no Governo FHC, possui rela\u00e7\u00f5es societ\u00e1rias com o banco americano JPMorgan Chase, l\u00edder mundial em servi\u00e7os financeiros. O Fundo G\u00e1vea \u00e9 parceiro do programa de previd\u00eancia privada do Grupo Ita\u00fa e um dos controladores da RBS, maior afiliada da Rede Globo.  Arm\u00ednio Fraga \u00e9 tido e havido como a emin\u00eancia parda da pol\u00edtica econ\u00f4mica do fantoche Temer.<br \/>\nORGANIZA\u00c7\u00d5ES GLOBO<br \/>\nAl\u00e9m de not\u00f3ria porta-voz de mais este golpe, a fam\u00edlia Marinho encontra-se associada aos Moreira Sales, do Grupo Ita\u00fa, e a Arm\u00ednio Fraga, por meio dos Institutos Millenium e Estudos de Pol\u00edtica Econ\u00f4mica\/Casa das Gar\u00e7as. Mais recentemente, a Globo, juntamente com o Ita\u00fa e Arm\u00ednio Fraga, dentre outros, constituiu o Centro de Lideran\u00e7a P\u00fablica, que vem patrocinando campanha publicit\u00e1ria em favor da reforma da previd\u00eancia.<\/p>\n<p>JPMORGAN CHASE<br \/>\nEmpresa americana, da fam\u00edlia Rockefeller, l\u00edder global de servi\u00e7os financeiros, propriet\u00e1ria das maiores petroleiras do mundo (Exxon, Chevron, BP e Shell) e com ativos da ordem de US $ 2,5 trilh\u00f5es, valor superior ao PIB do Brasil. Atua no Pa\u00eds h\u00e1 mais de 50 anos, tendo apoiado diretamente o Golpe de 64. O JPMorgan  tem participa\u00e7\u00f5es no Fundo G\u00e1vea de Arm\u00ednio Fraga e na pr\u00f3pria Petrobras (com ativos na ordem de US$ 3 bilh\u00f5es). O JPMorgan est\u00e1, junto com outros fundos americanos, em uma a\u00e7\u00e3o bilion\u00e1ria na justi\u00e7a americana contra a Petrobras.<\/p>\n<p>Uma contribui\u00e7\u00e3o da universidade p\u00fablica para o debate sobre as ra\u00edzes da crise pol\u00edtica no Brasil \u2013 ECOPOL\/NELUTAS (UNIRIO).<\/p>\n","protected":false},"excerpt":{"rendered":"<p>Quem s\u00e3o os propriet\u00e1rios do Golpe? A quem serve a marionete Temer?<\/p>\n","protected":false},"author":1,"featured_media":0,"comment_status":"closed","ping_status":"open","sticky":false,"template":"","format":"standard","meta":{"_exactmetrics_skip_tracking":false,"_exactmetrics_sitenote_active":false,"_exactmetrics_sitenote_note":"","_exactmetrics_sitenote_category":0,"jetpack_post_was_ever_published":false,"_jetpack_newsletter_access":"","_jetpack_dont_email_post_to_subs":false,"_jetpack_newsletter_tier_id":0,"_jetpack_memberships_contains_paywalled_content":false,"_jetpack_memberships_contains_paid_content":false,"footnotes":"","jetpack_publicize_message":"","jetpack_publicize_feature_enabled":true,"jetpack_social_post_already_shared":true,"jetpack_social_options":{"image_generator_settings":{"template":"highway","enabled":false},"version":2}},"categories":[1],"tags":[],"class_list":["post-10257","post","type-post","status-publish","format-standard","hentry","category-notas"],"jetpack_publicize_connections":[],"jetpack_sharing_enabled":true,"jetpack_featured_media_url":"","jetpack_shortlink":"https:\/\/wp.me\/p7wKYW-2Fr","jetpack-related-posts":[],"_links":{"self":[{"href":"http:\/\/blogdalucianaoliveira.com.br\/blog\/wp-json\/wp\/v2\/posts\/10257","targetHints":{"allow":["GET"]}}],"collection":[{"href":"http:\/\/blogdalucianaoliveira.com.br\/blog\/wp-json\/wp\/v2\/posts"}],"about":[{"href":"http:\/\/blogdalucianaoliveira.com.br\/blog\/wp-json\/wp\/v2\/types\/post"}],"author":[{"embeddable":true,"href":"http:\/\/blogdalucianaoliveira.com.br\/blog\/wp-json\/wp\/v2\/users\/1"}],"replies":[{"embeddable":true,"href":"http:\/\/blogdalucianaoliveira.com.br\/blog\/wp-json\/wp\/v2\/comments?post=10257"}],"version-history":[{"count":1,"href":"http:\/\/blogdalucianaoliveira.com.br\/blog\/wp-json\/wp\/v2\/posts\/10257\/revisions"}],"predecessor-version":[{"id":10259,"href":"http:\/\/blogdalucianaoliveira.com.br\/blog\/wp-json\/wp\/v2\/posts\/10257\/revisions\/10259"}],"wp:attachment":[{"href":"http:\/\/blogdalucianaoliveira.com.br\/blog\/wp-json\/wp\/v2\/media?parent=10257"}],"wp:term":[{"taxonomy":"category","embeddable":true,"href":"http:\/\/blogdalucianaoliveira.com.br\/blog\/wp-json\/wp\/v2\/categories?post=10257"},{"taxonomy":"post_tag","embeddable":true,"href":"http:\/\/blogdalucianaoliveira.com.br\/blog\/wp-json\/wp\/v2\/tags?post=10257"}],"curies":[{"name":"wp","href":"https:\/\/api.w.org\/{rel}","templated":true}]}}