{"id":10273,"date":"2017-05-01T08:28:59","date_gmt":"2017-05-01T12:28:59","guid":{"rendered":"http:\/\/blogdalucianaoliveira.com.br\/blog\/?p=10273"},"modified":"2017-05-01T08:28:59","modified_gmt":"2017-05-01T12:28:59","slug":"datafolha-71-dos-brasileiros-rejeitam-reformas-de-temer","status":"publish","type":"post","link":"http:\/\/blogdalucianaoliveira.com.br\/blog\/2017\/05\/01\/datafolha-71-dos-brasileiros-rejeitam-reformas-de-temer\/","title":{"rendered":"DATAFOLHA: 71% DOS BRASILEIROS REJEITAM REFORMAS DE TEMER"},"content":{"rendered":"<p><img data-recalc-dims=\"1\" loading=\"lazy\" decoding=\"async\" data-attachment-id=\"10274\" data-permalink=\"http:\/\/blogdalucianaoliveira.com.br\/blog\/2017\/05\/01\/datafolha-71-dos-brasileiros-rejeitam-reformas-de-temer\/sai-2\/\" data-orig-file=\"https:\/\/i0.wp.com\/blogdalucianaoliveira.com.br\/blog\/wp-content\/uploads\/2017\/05\/sai.jpg?fit=1000%2C357\" data-orig-size=\"1000,357\" data-comments-opened=\"0\" data-image-meta=\"{&quot;aperture&quot;:&quot;0&quot;,&quot;credit&quot;:&quot;&quot;,&quot;camera&quot;:&quot;&quot;,&quot;caption&quot;:&quot;&quot;,&quot;created_timestamp&quot;:&quot;0&quot;,&quot;copyright&quot;:&quot;&quot;,&quot;focal_length&quot;:&quot;0&quot;,&quot;iso&quot;:&quot;0&quot;,&quot;shutter_speed&quot;:&quot;0&quot;,&quot;title&quot;:&quot;&quot;,&quot;orientation&quot;:&quot;0&quot;}\" data-image-title=\"sai\" data-image-description=\"\" data-image-caption=\"\" data-medium-file=\"https:\/\/i0.wp.com\/blogdalucianaoliveira.com.br\/blog\/wp-content\/uploads\/2017\/05\/sai.jpg?fit=300%2C107\" data-large-file=\"https:\/\/i0.wp.com\/blogdalucianaoliveira.com.br\/blog\/wp-content\/uploads\/2017\/05\/sai.jpg?fit=600%2C214\" src=\"https:\/\/i0.wp.com\/blogdalucianaoliveira.com.br\/blog\/wp-content\/uploads\/2017\/05\/sai.jpg?resize=600%2C214\" alt=\"sai\" width=\"600\" height=\"214\" class=\"alignnone size-full wp-image-10274\" srcset=\"https:\/\/i0.wp.com\/blogdalucianaoliveira.com.br\/blog\/wp-content\/uploads\/2017\/05\/sai.jpg?w=1000 1000w, https:\/\/i0.wp.com\/blogdalucianaoliveira.com.br\/blog\/wp-content\/uploads\/2017\/05\/sai.jpg?resize=300%2C107 300w, https:\/\/i0.wp.com\/blogdalucianaoliveira.com.br\/blog\/wp-content\/uploads\/2017\/05\/sai.jpg?resize=768%2C274 768w, https:\/\/i0.wp.com\/blogdalucianaoliveira.com.br\/blog\/wp-content\/uploads\/2017\/05\/sai.jpg?resize=800%2C286 800w\" sizes=\"auto, (max-width: 600px) 100vw, 600px\" \/><\/p>\n<p>247 \u2013 Sete em cada dez brasileiros se dizem contr\u00e1rios \u00e0 reforma da Previd\u00eancia, segundo aponta o Datafolha, na mesma pesquisa que apontou a disparada do ex-presidente Lula (leia aqui) e tamb\u00e9m um consenso nacional por diretas-j\u00e1.<!--more--><\/p>\n<p>&#8220;H\u00e1 maioria antirreforma entre todos os grupos sociodemogr\u00e1ficos, e a taxa cresce entre mulheres (73%), brasileiros que ganham entre 2 e 5 sal\u00e1rios m\u00ednimos (74%), jovens de 25 a 34 anos (76%) e os com ensino superior (76%)&#8221;, revela a Folha.<\/p>\n<p>O levantamento, portanto, revela a encalacrada em que o Brasil se meteu com o golpe de 2016: o Brasil tem hoje um governo ileg\u00edtimo que faz o oposto do que deseja a popula\u00e7\u00e3o.<\/p>\n<p>Somada \u00e0 greve geral, que paralisou o Pa\u00eds na \u00faltima sexta-feira, o Datafolha praticamente sepulta as reformas, pois mesmo que Temer esteja comprando parlamentares com cargos na m\u00e1quina p\u00fablica, deputados e senadores ter\u00e3o que pedir votos em 2018 para se reeleger.<\/p>\n<p>A pesquisa comprova que a mensagem mais importante da chamada &#8220;voz das ruas&#8221; \u00e9 a que aparece na imagem acima: Temer sai, aposentadoria fica.<\/p>\n","protected":false},"excerpt":{"rendered":"<p>247 \u2013 Sete em cada dez brasileiros se dizem contr\u00e1rios \u00e0 reforma da Previd\u00eancia, segundo aponta o Datafolha, na mesma pesquisa que apontou a disparada do ex-presidente Lula (leia aqui) e tamb\u00e9m um consenso nacional por diretas-j\u00e1.<\/p>\n","protected":false},"author":1,"featured_media":0,"comment_status":"closed","ping_status":"open","sticky":false,"template":"","format":"standard","meta":{"_exactmetrics_skip_tracking":false,"_exactmetrics_sitenote_active":false,"_exactmetrics_sitenote_note":"","_exactmetrics_sitenote_category":0,"jetpack_post_was_ever_published":false,"_jetpack_newsletter_access":"","_jetpack_dont_email_post_to_subs":false,"_jetpack_newsletter_tier_id":0,"_jetpack_memberships_contains_paywalled_content":false,"_jetpack_memberships_contains_paid_content":false,"footnotes":"","jetpack_publicize_message":"","jetpack_publicize_feature_enabled":true,"jetpack_social_post_already_shared":true,"jetpack_social_options":{"image_generator_settings":{"template":"highway","enabled":false},"version":2}},"categories":[1],"tags":[],"class_list":["post-10273","post","type-post","status-publish","format-standard","hentry","category-notas"],"jetpack_publicize_connections":[],"jetpack_sharing_enabled":true,"jetpack_featured_media_url":"","jetpack_shortlink":"https:\/\/wp.me\/p7wKYW-2FH","jetpack-related-posts":[],"_links":{"self":[{"href":"http:\/\/blogdalucianaoliveira.com.br\/blog\/wp-json\/wp\/v2\/posts\/10273","targetHints":{"allow":["GET"]}}],"collection":[{"href":"http:\/\/blogdalucianaoliveira.com.br\/blog\/wp-json\/wp\/v2\/posts"}],"about":[{"href":"http:\/\/blogdalucianaoliveira.com.br\/blog\/wp-json\/wp\/v2\/types\/post"}],"author":[{"embeddable":true,"href":"http:\/\/blogdalucianaoliveira.com.br\/blog\/wp-json\/wp\/v2\/users\/1"}],"replies":[{"embeddable":true,"href":"http:\/\/blogdalucianaoliveira.com.br\/blog\/wp-json\/wp\/v2\/comments?post=10273"}],"version-history":[{"count":1,"href":"http:\/\/blogdalucianaoliveira.com.br\/blog\/wp-json\/wp\/v2\/posts\/10273\/revisions"}],"predecessor-version":[{"id":10275,"href":"http:\/\/blogdalucianaoliveira.com.br\/blog\/wp-json\/wp\/v2\/posts\/10273\/revisions\/10275"}],"wp:attachment":[{"href":"http:\/\/blogdalucianaoliveira.com.br\/blog\/wp-json\/wp\/v2\/media?parent=10273"}],"wp:term":[{"taxonomy":"category","embeddable":true,"href":"http:\/\/blogdalucianaoliveira.com.br\/blog\/wp-json\/wp\/v2\/categories?post=10273"},{"taxonomy":"post_tag","embeddable":true,"href":"http:\/\/blogdalucianaoliveira.com.br\/blog\/wp-json\/wp\/v2\/tags?post=10273"}],"curies":[{"name":"wp","href":"https:\/\/api.w.org\/{rel}","templated":true}]}}