{"id":10290,"date":"2017-05-01T10:58:13","date_gmt":"2017-05-01T14:58:13","guid":{"rendered":"http:\/\/blogdalucianaoliveira.com.br\/blog\/?p=10290"},"modified":"2017-05-01T11:03:52","modified_gmt":"2017-05-01T15:03:52","slug":"pronunciamento-de-temer-para-o-trabalhador-e-motivo-para-deposicao-por-justa-causa","status":"publish","type":"post","link":"http:\/\/blogdalucianaoliveira.com.br\/blog\/2017\/05\/01\/pronunciamento-de-temer-para-o-trabalhador-e-motivo-para-deposicao-por-justa-causa\/","title":{"rendered":"MENSAGEM DE TEMER PARA O TRABALHADOR \u00c9 MOTIVO PARA DEPOSI\u00c7\u00c3O POR JUSTA CAUSA"},"content":{"rendered":"<p><img data-recalc-dims=\"1\" loading=\"lazy\" decoding=\"async\" data-attachment-id=\"10291\" data-permalink=\"http:\/\/blogdalucianaoliveira.com.br\/blog\/2017\/05\/01\/pronunciamento-de-temer-para-o-trabalhador-e-motivo-para-deposicao-por-justa-causa\/putz-2\/\" data-orig-file=\"https:\/\/i0.wp.com\/blogdalucianaoliveira.com.br\/blog\/wp-content\/uploads\/2017\/05\/putz.jpg?fit=1000%2C358\" data-orig-size=\"1000,358\" data-comments-opened=\"0\" data-image-meta=\"{&quot;aperture&quot;:&quot;0&quot;,&quot;credit&quot;:&quot;&quot;,&quot;camera&quot;:&quot;&quot;,&quot;caption&quot;:&quot;&quot;,&quot;created_timestamp&quot;:&quot;0&quot;,&quot;copyright&quot;:&quot;&quot;,&quot;focal_length&quot;:&quot;0&quot;,&quot;iso&quot;:&quot;0&quot;,&quot;shutter_speed&quot;:&quot;0&quot;,&quot;title&quot;:&quot;&quot;,&quot;orientation&quot;:&quot;0&quot;}\" data-image-title=\"putz\" data-image-description=\"\" data-image-caption=\"\" data-medium-file=\"https:\/\/i0.wp.com\/blogdalucianaoliveira.com.br\/blog\/wp-content\/uploads\/2017\/05\/putz.jpg?fit=300%2C107\" data-large-file=\"https:\/\/i0.wp.com\/blogdalucianaoliveira.com.br\/blog\/wp-content\/uploads\/2017\/05\/putz.jpg?fit=600%2C215\" src=\"https:\/\/i0.wp.com\/blogdalucianaoliveira.com.br\/blog\/wp-content\/uploads\/2017\/05\/putz.jpg?resize=600%2C215\" alt=\"putz\" width=\"600\" height=\"215\" class=\"alignnone size-full wp-image-10291\" srcset=\"https:\/\/i0.wp.com\/blogdalucianaoliveira.com.br\/blog\/wp-content\/uploads\/2017\/05\/putz.jpg?w=1000 1000w, https:\/\/i0.wp.com\/blogdalucianaoliveira.com.br\/blog\/wp-content\/uploads\/2017\/05\/putz.jpg?resize=300%2C107 300w, https:\/\/i0.wp.com\/blogdalucianaoliveira.com.br\/blog\/wp-content\/uploads\/2017\/05\/putz.jpg?resize=768%2C275 768w, https:\/\/i0.wp.com\/blogdalucianaoliveira.com.br\/blog\/wp-content\/uploads\/2017\/05\/putz.jpg?resize=800%2C286 800w\" sizes=\"auto, (max-width: 600px) 100vw, 600px\" \/><\/p>\n<p>O Dia do Trabalhador sempre foi de celebra\u00e7\u00e3o pelas conquistas de direitos.<br \/>\nEste \u00e9 dedicado \u00e0 luta contra a perdas.<!--more--><\/p>\n<p>7 em cada 10 brasileiros recusam o \u2018presente\u2019 que Michel Temer comprou, segundo pesquisa fresquinha do Datafolha.<br \/>\n71% dispensam o combo com as reformas Trabalhista, da Previd\u00eancia e a lei da Terceiriza\u00e7\u00e3o.<\/p>\n<p>Ao que parece, todos que usaram as vozes das ruas para justificar o golpe com vestimenta jur\u00eddica est\u00e3o moucos.<\/p>\n<p>De repente, o que as ruas pedem n\u00e3o tem import\u00e2ncia alguma.<\/p>\n<p>O coro n\u00e3o \u00e9 contra reformas, mas contra deformas, contra a extin\u00e7\u00e3o de direitos conquistados ao longo de d\u00e9cadas com muita luta e sangue.<\/p>\n<p>A import\u00e2ncia da sonoridade das ruas foi uma condi\u00e7\u00e3o que a presidenta Dilma Rousseff imp\u00f4s, deposta por um golpe, para mexer em direitos trabalhistas.<\/p>\n<p>Foi dela a ideia de criar um F\u00f3rum de Debates Sobre Pol\u00edticas de Emprego, Trabalho, Renda e Previd\u00eancia Social, para abrigar os interesses das Centrais Sindicais, dos representantes dos aposentados e pensionistas, dos empres\u00e1rios e do governo.<\/p>\n<p>Era com di\u00e1logo que se pretendia construir o futuro do pa\u00eds.<\/p>\n<p>Em ato festivo no Dia do Trabalhador anterior, Dilma alertou sobre o que estava por tr\u00e1s do golpe.<\/p>\n<p>\u201cQuerem tamb\u00e9m transformar a CLT em letra morta, como eles v\u00e3o fazer isso? Como \u00e9 que se faz isso com a CLT? Eles prop\u00f5em algo que \u00e9 o seguinte: o negociado pode, pode vigir sobre a lei. Eles prop\u00f5em, na verdade, que o negociado pode ser menos que a lei. N\u00f3s acreditamos que o negociado pode prevalecer, desde que ele seja mais do que a lei. H\u00e1 uma diferen\u00e7a, eles querem que seja menos, n\u00f3s queremos que seja mais.\u201d<\/p>\n<p>Dilma se op\u00f4s \u00e0 regulamenta\u00e7\u00e3o da terceiriza\u00e7\u00e3o irrestrita em pronunciamento nas redes sociais. \u201cA regulamenta\u00e7\u00e3o do trabalho terceirizado, por\u00e9m, precisa manter a diferencia\u00e7\u00e3o entre atividades fins e meio nos v\u00e1rios setores produtivos. \u00c9 preciso assegurar ao trabalhador a garantia dos direitos conquistados\u201d.<\/p>\n<p>Hoje a conversa com o governo \u00e9 outra ou melhor, n\u00e3o tem conversa!<\/p>\n<p>O contato de Temer com os trabalhadores nesta data hist\u00f3rica \u00e9 s\u00f3 pelo Facebook. <\/p>\n<p>Fosse algo bom, estaria no meio do povo, celebrando.<\/p>\n<p>S\u00f3 os fortes suportam ouvir o pronunciamento de Temer sem soltar meia d\u00fazia de xingamentos.<\/p>\n<p>\u201cEstamos fazendo a moderniza\u00e7\u00e3o das leis trabalhistas e voc\u00ea ter\u00e1 in\u00fameras vantagens\u201d, disse na cara dura.<br \/>\nO descaramento de Temer o trouxe a 4% de aprova\u00e7\u00e3o de governo e depois dessa mensagem asquerosa ao trabalhador deve ir a zero.<\/p>\n<div class=\"fb-video\" data-allowfullscreen=\"true\" data-href=\"https:\/\/www.facebook.com\/MichelTemer\/videos\/1447260362001908\/\"><\/div>\n<p>O que falta para o presidente ileg\u00edtimo, incompetente e c\u00ednico, ser deposto por justa causa?<\/p>\n","protected":false},"excerpt":{"rendered":"<p>O Dia do Trabalhador sempre foi de celebra\u00e7\u00e3o pelas conquistas de direitos. Este \u00e9 dedicado \u00e0 luta contra a perdas.<\/p>\n","protected":false},"author":1,"featured_media":0,"comment_status":"closed","ping_status":"open","sticky":false,"template":"","format":"standard","meta":{"_exactmetrics_skip_tracking":false,"_exactmetrics_sitenote_active":false,"_exactmetrics_sitenote_note":"","_exactmetrics_sitenote_category":0,"jetpack_post_was_ever_published":false,"_jetpack_newsletter_access":"","_jetpack_dont_email_post_to_subs":false,"_jetpack_newsletter_tier_id":0,"_jetpack_memberships_contains_paywalled_content":false,"_jetpack_memberships_contains_paid_content":false,"footnotes":"","jetpack_publicize_message":"","jetpack_publicize_feature_enabled":true,"jetpack_social_post_already_shared":true,"jetpack_social_options":{"image_generator_settings":{"template":"highway","enabled":false},"version":2}},"categories":[1],"tags":[],"class_list":["post-10290","post","type-post","status-publish","format-standard","hentry","category-notas"],"jetpack_publicize_connections":[],"jetpack_sharing_enabled":true,"jetpack_featured_media_url":"","jetpack_shortlink":"https:\/\/wp.me\/p7wKYW-2FY","jetpack-related-posts":[],"_links":{"self":[{"href":"http:\/\/blogdalucianaoliveira.com.br\/blog\/wp-json\/wp\/v2\/posts\/10290","targetHints":{"allow":["GET"]}}],"collection":[{"href":"http:\/\/blogdalucianaoliveira.com.br\/blog\/wp-json\/wp\/v2\/posts"}],"about":[{"href":"http:\/\/blogdalucianaoliveira.com.br\/blog\/wp-json\/wp\/v2\/types\/post"}],"author":[{"embeddable":true,"href":"http:\/\/blogdalucianaoliveira.com.br\/blog\/wp-json\/wp\/v2\/users\/1"}],"replies":[{"embeddable":true,"href":"http:\/\/blogdalucianaoliveira.com.br\/blog\/wp-json\/wp\/v2\/comments?post=10290"}],"version-history":[{"count":5,"href":"http:\/\/blogdalucianaoliveira.com.br\/blog\/wp-json\/wp\/v2\/posts\/10290\/revisions"}],"predecessor-version":[{"id":10296,"href":"http:\/\/blogdalucianaoliveira.com.br\/blog\/wp-json\/wp\/v2\/posts\/10290\/revisions\/10296"}],"wp:attachment":[{"href":"http:\/\/blogdalucianaoliveira.com.br\/blog\/wp-json\/wp\/v2\/media?parent=10290"}],"wp:term":[{"taxonomy":"category","embeddable":true,"href":"http:\/\/blogdalucianaoliveira.com.br\/blog\/wp-json\/wp\/v2\/categories?post=10290"},{"taxonomy":"post_tag","embeddable":true,"href":"http:\/\/blogdalucianaoliveira.com.br\/blog\/wp-json\/wp\/v2\/tags?post=10290"}],"curies":[{"name":"wp","href":"https:\/\/api.w.org\/{rel}","templated":true}]}}