{"id":103,"date":"2016-05-03T16:48:12","date_gmt":"2016-05-03T20:48:12","guid":{"rendered":"http:\/\/blogdalucianaoliveira.com.br\/blog\/?p=103"},"modified":"2016-05-03T17:10:00","modified_gmt":"2016-05-03T21:10:00","slug":"onde-esta-nicinha-o-silencio-e-ensurdecedor","status":"publish","type":"post","link":"http:\/\/blogdalucianaoliveira.com.br\/blog\/2016\/05\/03\/onde-esta-nicinha-o-silencio-e-ensurdecedor\/","title":{"rendered":"Onde est\u00e1 Nicinha? O sil\u00eancio \u00e9 ensurdecedor"},"content":{"rendered":"<p><img data-recalc-dims=\"1\" loading=\"lazy\" decoding=\"async\" data-attachment-id=\"106\" data-permalink=\"http:\/\/blogdalucianaoliveira.com.br\/blog\/2016\/05\/03\/onde-esta-nicinha-o-silencio-e-ensurdecedor\/aguas-para-vida-atingidos-da-usina-de-jirau-foto-joka-madrug\/\" data-orig-file=\"https:\/\/i0.wp.com\/blogdalucianaoliveira.com.br\/blog\/wp-content\/uploads\/2016\/05\/image-7.jpeg?fit=611%2C393\" data-orig-size=\"611,393\" data-comments-opened=\"0\" data-image-meta=\"{&quot;aperture&quot;:&quot;1.4&quot;,&quot;credit&quot;:&quot;JOKA MADRUGA\\\/terralivrepress.com&quot;,&quot;camera&quot;:&quot;Canon EOS 5D Mark III&quot;,&quot;caption&quot;:&quot;&quot;,&quot;created_timestamp&quot;:&quot;1437318263&quot;,&quot;copyright&quot;:&quot;Foto: Joka Madruga&quot;,&quot;focal_length&quot;:&quot;50&quot;,&quot;iso&quot;:&quot;400&quot;,&quot;shutter_speed&quot;:&quot;0.004&quot;,&quot;title&quot;:&quot;\\u00c1guas Para Vida: atingidos da usina de Jirau. Foto: Joka Madrug&quot;,&quot;orientation&quot;:&quot;1&quot;}\" data-image-title=\"\u00c1guas Para Vida: atingidos da usina de Jirau. Foto: Joka Madrug\" data-image-description=\"\" data-image-caption=\"\" data-medium-file=\"https:\/\/i0.wp.com\/blogdalucianaoliveira.com.br\/blog\/wp-content\/uploads\/2016\/05\/image-7.jpeg?fit=300%2C193\" data-large-file=\"https:\/\/i0.wp.com\/blogdalucianaoliveira.com.br\/blog\/wp-content\/uploads\/2016\/05\/image-7.jpeg?fit=600%2C386\" class=\"alignnone size-full wp-image-106\" src=\"https:\/\/i0.wp.com\/blogdalucianaoliveira.com.br\/blog\/wp-content\/uploads\/2016\/05\/image-7.jpeg?resize=600%2C386\" alt=\"\u00c1guas Para Vida: atingidos da usina de Jirau. Foto: Joka Madrug\" width=\"600\" height=\"386\" srcset=\"https:\/\/i0.wp.com\/blogdalucianaoliveira.com.br\/blog\/wp-content\/uploads\/2016\/05\/image-7.jpeg?w=611 611w, https:\/\/i0.wp.com\/blogdalucianaoliveira.com.br\/blog\/wp-content\/uploads\/2016\/05\/image-7.jpeg?resize=300%2C193 300w, https:\/\/i0.wp.com\/blogdalucianaoliveira.com.br\/blog\/wp-content\/uploads\/2016\/05\/image-7.jpeg?resize=466%2C300 466w\" sizes=\"auto, (max-width: 600px) 100vw, 600px\" \/><\/p>\n<p>\u00d3rg\u00e3o independente ligado \u00e0 OEA recha\u00e7ou a morte da lideran\u00e7a do MAB em Rond\u00f4nia, Nicinha, al\u00e9m de outros cinco assassinatos de defensores de direitos humanos registrados no Brasil, entre janeiro e fevereiro desse ano<\/p>\n<p>A Comiss\u00e3o Interamericana de Direitos Humanos (CIDH), \u00f3rg\u00e3o independente ligado \u00e0 Organiza\u00e7\u00e3o dos Estados Americanos (OEA), soltou uma nota condenando o assassinato de seis defensores de direitos humanos registrados nos dois primeiros meses desse ano no pa\u00eds.<br \/>\nEntre as v\u00edtimas, est\u00e1 Nilce de Souza Magalh\u00e3es, mais conhecida como Nicinha. A defensora de direitos humanos era uma das lideran\u00e7as do Movimento dos Atingidos por Barragens (MAB) em Porto Velho, Rond\u00f4nia. Atingida pela Usina Hidrel\u00e9trica de Jirau, Nicinha denunciava constantemente os impactos socioecon\u00f4micos causados pelo empreendimento na regi\u00e3o.<br \/>\nA militante \u201cdesapareceu\u201d no dia 7 de janeiro desse ano, depois de ser vista pela \u00faltima vez na barraca de lona onde morava com seu companheiro, Nei, em um acampamento com outras fam\u00edlias de pescadores atingidas por Jirau. Passados quase quatro meses do seu sumi\u00e7o, o corpo de Nicinha ainda n\u00e3o foi encontrado.<!--more--><\/p>\n<p>Al\u00e9m disso, o principal suspeito do assassinato, Edione Pessoa da Silva, preso dias depois do seu desaparecimento, fugiu da Penitenci\u00e1ria Estadual Edvan Mariano Rosendo, localizada em Porto Velho (RO), na madrugada do dia 11 de abril.<br \/>\nAl\u00e9m de Nicinha, a CIDH tamb\u00e9m condena a morte de Enilson Ribeiro dos Santos (LCP), Valdiro Chagas de Moura (LCP), Edmilson Alves da Silva (MLST), Ronni dos Santos Miranda e Francisca das Chagas Silva, ambos do Sindicato dos Trabalhadores e Trabalhadores Rurais (STTR).<br \/>\nConfira a \u00edntegra da nota:<\/p>\n<p>CIDH condena assassinato de defensores de direitos humanos no Brasil<\/p>\n<p>Washington, D.C. \u2013 A Comiss\u00e3o Interamericana de Direitos Humanos (CIDH) condena fortemente o assassinato de ao menos seis defensores de direitos humanos esse ano no Brasil; e o aumento da situa\u00e7\u00e3o geral de persegui\u00e7\u00e3o, intimida\u00e7\u00e3o e amea\u00e7as contra defensores, particularmente defensores dos direitos \u00e0 terra, trabalho e direitos ind\u00edgenas.<br \/>\nDe acordo com informa\u00e7\u00f5es recebidas pela CIDH, entre Janeiro e Fevereiro de 2016, ao menos seis defensores de direitos humanos foram assassinados em tr\u00eas estados Brasileiros. Destes assassinatos, tr\u00eas ocorreram no estado de Rond\u00f4nia, dois no estado de Maranh\u00e3o, e um no estado de Alagoas. Os defensores mortos foram Enilson Ribeiro dos Santos e Valdiro Chagas de Moura da Liga dos Camponeses Pobres (LCP), e Edmilson Alves da Silva, presidente do acampamento Irm\u00e3 Daniela e l\u00edder do Movimento de Liberta\u00e7\u00e3o dos Sem terra (MLST). Informa\u00e7\u00e3o dispon\u00edvel indica que eles estavam envolvidos na defesa e promo\u00e7\u00e3o dos direitos da terra para trabalhadores rurais ou pessoas sem terra, em um contexto de reforma agr\u00e1ria e fortes tens\u00f5es com donos de terra dessas \u00e1reas. Dois dos defensores mortos, Ronni dos Santos Miranda e Francisca das Chagas Silva, eram l\u00edderes do Sindicato dos Trabalhadores e Trabalhadoras Rurais (STTR). Outra defensora assassinada, Nilce de Souza Magalh\u00e3es, era l\u00edder do Movimento dos Atingidos por Barragens (MAB) e denunciava os impactos socioecon\u00f4micos nas comunidades locais causados pela planta Hidrel\u00e9trica de Jirau.<br \/>\nDurante os \u00faltimos anos a Comiss\u00e3o tem observado uma intensifica\u00e7\u00e3o dos movimentos sociais, demandando que o Estado de Direito seja mantido no Brasil, e que direitos constitucionais e pol\u00edticas p\u00fablicas efetivas baseados nos direitos humanos sejam assegurados, j\u00e1 que essas pol\u00edticas procuram atender a situa\u00e7\u00f5es estruturais como reforma agr\u00e1ria e acesso a sa\u00fade e educa\u00e7\u00e3o. Ao mesmo tempo, a Comiss\u00e3o tem observado um aumento nos atos de viol\u00eancia, repress\u00e3o e criminaliza\u00e7\u00e3o desses movimentos sociais. Por exemplo, de acordo com estat\u00edsticas de organiza\u00e7\u00f5es de direitos humanos recebida pela Comiss\u00e3o, no Brasil em 2015 houve a morte de 50 pessoas por conflitos agr\u00e1rios, entre eles 20 foram no Estado de Rond\u00f4nia. Al\u00e9m disso, a Comiss\u00e3o est\u00e1 ciente da morte de ao menos dois l\u00edderes pol\u00edticos at\u00e9 o momento em 2016, Luiz Antonio Bonfim, l\u00edder do Partido Comunista do Brasil, o qual estava envolvido em movimentos sem terra no estado do Par\u00e1; e Ivanildo Francisco da Silva, Presidente do Partido dos Trabalhadores; assim como a morte de dois membros do Movimento Sem Terra (MST) no dia 7 de Abril de 2016, depois de uma emboscada da pol\u00edcia em um acampamento Sem Terra no estado do Paran\u00e1.<br \/>\nA Comiss\u00e3o Interamericana lembra que o Estado tem obriga\u00e7\u00e3o de iniciar uma investiga\u00e7\u00e3o sobre eventos dessa natureza, e punir os autores materiais e intelectuais. Nesse sentido, sobre o assassinato dos defensores, as investiga\u00e7\u00f5es devem seguir a hip\u00f3tese de que esses assassinatos foram cometidos dado a conex\u00e3o com os trabalhos na defesa dos direitos humanos. Al\u00e9m disso, as ditas investiga\u00e7\u00f5es devem ser exaustivas, s\u00e9rias, imparciais e realizado com a devida dilig\u00eancia. Igualmente, a CIDH insta ao Estado a tomar todos os passos necess\u00e1rios para garantir a vida, integridade e seguran\u00e7a dos defensores de direitos humanos. Tamb\u00e9m insta ao Estado do Brasil a adotar medidas de prote\u00e7\u00e3o \u00e0 vida e \u00e0 integridade dos l\u00edderes ind\u00edgenas e defensores de direitos humanos em uma maneira que respeite suas identidades culturais, perspectiva e conceitos de direitos humanos.<br \/>\nA Comiss\u00e3o tamb\u00e9m reitera que estes atos de viol\u00eancia e outros ataques contra defensores de direitos humanos, n\u00e3o apenas afetam as garantias de todos os seres humanos, mas tamb\u00e9m enfraquecem o papel fundamental que eles praticam na sociedade. Esses atos afetam as pessoas pelos quais eles trabalham, contribuindo para sua vulnerabilidade e falta de defesa. O trabalho de defensores de direitos humanos \u00e9 cr\u00edtico na constru\u00e7\u00e3o de uma sociedade democr\u00e1tica e na consolida\u00e7\u00e3o do estado de direito.<br \/>\nA CIDH \u00e9 um \u00f3rg\u00e3o principal e aut\u00f4nomo da Organiza\u00e7\u00e3o dos Estados Americanos (OEA), cujo mandato surge a partir da Carta da OEA e da Conven\u00e7\u00e3o Americana sobre Direitos Humanos. A Comiss\u00e3o Interamericana tem como mandato promover a observ\u00e2ncia dos direitos humanos na regi\u00e3o e atua como \u00f3rg\u00e3o consultivo da OEA na tem\u00e1tica. A CIDH \u00e9 composta por sete membros independentes, que s\u00e3o eleitos pela Assembleia Geral da OEA a t\u00edtulo pessoal, sem representarem seus pa\u00edses de origem ou de resid\u00eancia.<\/p>\n","protected":false},"excerpt":{"rendered":"<p>\u00d3rg\u00e3o independente ligado \u00e0 OEA recha\u00e7ou a morte da lideran\u00e7a do MAB em Rond\u00f4nia, Nicinha, al\u00e9m de outros cinco assassinatos de defensores de direitos humanos registrados no Brasil, entre janeiro e fevereiro desse ano A Comiss\u00e3o Interamericana de Direitos Humanos (CIDH), \u00f3rg\u00e3o independente ligado \u00e0 Organiza\u00e7\u00e3o dos Estados Americanos (OEA), soltou uma nota condenando o&#8230;<a class=\"more-link\" href=\"http:\/\/blogdalucianaoliveira.com.br\/blog\/2016\/05\/03\/onde-esta-nicinha-o-silencio-e-ensurdecedor\/\">Continue a leitura <span class=\"meta-nav\">&raquo;<\/span><\/a><\/p>\n","protected":false},"author":1,"featured_media":0,"comment_status":"closed","ping_status":"open","sticky":false,"template":"","format":"standard","meta":{"_exactmetrics_skip_tracking":false,"_exactmetrics_sitenote_active":false,"_exactmetrics_sitenote_note":"","_exactmetrics_sitenote_category":0,"jetpack_post_was_ever_published":false,"_jetpack_newsletter_access":"","_jetpack_dont_email_post_to_subs":false,"_jetpack_newsletter_tier_id":0,"_jetpack_memberships_contains_paywalled_content":false,"_jetpack_memberships_contains_paid_content":false,"footnotes":"","jetpack_publicize_message":"","jetpack_publicize_feature_enabled":true,"jetpack_social_post_already_shared":false,"jetpack_social_options":{"image_generator_settings":{"template":"highway","enabled":false},"version":2}},"categories":[1],"tags":[19],"class_list":["post-103","post","type-post","status-publish","format-standard","hentry","category-notas","tag-nicinha-mab-direitos-humanos"],"jetpack_publicize_connections":[],"jetpack_sharing_enabled":true,"jetpack_featured_media_url":"","jetpack_shortlink":"https:\/\/wp.me\/p7wKYW-1F","jetpack-related-posts":[],"_links":{"self":[{"href":"http:\/\/blogdalucianaoliveira.com.br\/blog\/wp-json\/wp\/v2\/posts\/103","targetHints":{"allow":["GET"]}}],"collection":[{"href":"http:\/\/blogdalucianaoliveira.com.br\/blog\/wp-json\/wp\/v2\/posts"}],"about":[{"href":"http:\/\/blogdalucianaoliveira.com.br\/blog\/wp-json\/wp\/v2\/types\/post"}],"author":[{"embeddable":true,"href":"http:\/\/blogdalucianaoliveira.com.br\/blog\/wp-json\/wp\/v2\/users\/1"}],"replies":[{"embeddable":true,"href":"http:\/\/blogdalucianaoliveira.com.br\/blog\/wp-json\/wp\/v2\/comments?post=103"}],"version-history":[{"count":7,"href":"http:\/\/blogdalucianaoliveira.com.br\/blog\/wp-json\/wp\/v2\/posts\/103\/revisions"}],"predecessor-version":[{"id":112,"href":"http:\/\/blogdalucianaoliveira.com.br\/blog\/wp-json\/wp\/v2\/posts\/103\/revisions\/112"}],"wp:attachment":[{"href":"http:\/\/blogdalucianaoliveira.com.br\/blog\/wp-json\/wp\/v2\/media?parent=103"}],"wp:term":[{"taxonomy":"category","embeddable":true,"href":"http:\/\/blogdalucianaoliveira.com.br\/blog\/wp-json\/wp\/v2\/categories?post=103"},{"taxonomy":"post_tag","embeddable":true,"href":"http:\/\/blogdalucianaoliveira.com.br\/blog\/wp-json\/wp\/v2\/tags?post=103"}],"curies":[{"name":"wp","href":"https:\/\/api.w.org\/{rel}","templated":true}]}}