{"id":1033,"date":"2016-05-18T17:35:26","date_gmt":"2016-05-18T21:35:26","guid":{"rendered":"http:\/\/blogdalucianaoliveira.com.br\/blog\/?p=1033"},"modified":"2016-05-18T17:35:26","modified_gmt":"2016-05-18T21:35:26","slug":"ta-no-almanaqueiras-apocalipse-do-jornalismo","status":"publish","type":"post","link":"http:\/\/blogdalucianaoliveira.com.br\/blog\/2016\/05\/18\/ta-no-almanaqueiras-apocalipse-do-jornalismo\/","title":{"rendered":"T\u00e1 no AlmanaQueiras: Apocalipse do jornalismo"},"content":{"rendered":"<p><img data-recalc-dims=\"1\" loading=\"lazy\" decoding=\"async\" data-attachment-id=\"1034\" data-permalink=\"http:\/\/blogdalucianaoliveira.com.br\/blog\/2016\/05\/18\/ta-no-almanaqueiras-apocalipse-do-jornalismo\/image-232\/\" data-orig-file=\"https:\/\/i0.wp.com\/blogdalucianaoliveira.com.br\/blog\/wp-content\/uploads\/2016\/05\/image-199.jpeg?fit=1200%2C873\" data-orig-size=\"1200,873\" data-comments-opened=\"0\" data-image-meta=\"{&quot;aperture&quot;:&quot;0&quot;,&quot;credit&quot;:&quot;&quot;,&quot;camera&quot;:&quot;&quot;,&quot;caption&quot;:&quot;&quot;,&quot;created_timestamp&quot;:&quot;0&quot;,&quot;copyright&quot;:&quot;&quot;,&quot;focal_length&quot;:&quot;0&quot;,&quot;iso&quot;:&quot;0&quot;,&quot;shutter_speed&quot;:&quot;0&quot;,&quot;title&quot;:&quot;&quot;,&quot;orientation&quot;:&quot;0&quot;}\" data-image-title=\"image\" data-image-description=\"\" data-image-caption=\"\" data-medium-file=\"https:\/\/i0.wp.com\/blogdalucianaoliveira.com.br\/blog\/wp-content\/uploads\/2016\/05\/image-199.jpeg?fit=300%2C218\" data-large-file=\"https:\/\/i0.wp.com\/blogdalucianaoliveira.com.br\/blog\/wp-content\/uploads\/2016\/05\/image-199.jpeg?fit=600%2C437\" src=\"https:\/\/i0.wp.com\/blogdalucianaoliveira.com.br\/blog\/wp-content\/uploads\/2016\/05\/image-199.jpeg?resize=600%2C437\" alt=\"image\" width=\"600\" height=\"437\" class=\"alignnone size-full wp-image-1034\" srcset=\"https:\/\/i0.wp.com\/blogdalucianaoliveira.com.br\/blog\/wp-content\/uploads\/2016\/05\/image-199.jpeg?w=1200 1200w, https:\/\/i0.wp.com\/blogdalucianaoliveira.com.br\/blog\/wp-content\/uploads\/2016\/05\/image-199.jpeg?resize=300%2C218 300w, https:\/\/i0.wp.com\/blogdalucianaoliveira.com.br\/blog\/wp-content\/uploads\/2016\/05\/image-199.jpeg?resize=768%2C559 768w, https:\/\/i0.wp.com\/blogdalucianaoliveira.com.br\/blog\/wp-content\/uploads\/2016\/05\/image-199.jpeg?resize=412%2C300 412w\" sizes=\"auto, (max-width: 600px) 100vw, 600px\" \/><\/p>\n<p>MARIO VITOR SANTOS &#8211; Folha<\/p>\n<p>A ruptura institucional em via de ser completada no Brasil \u00e9 resultado direto da degrada\u00e7\u00e3o do jornalismo posto em pr\u00e1tica por quase todos os meios de comunica\u00e7\u00e3o no pa\u00eds. <!--more--><\/p>\n<p>Os cuidados \u00e9ticos foram sacrificados a tal ponto que o jornalismo promove a derrubada de uma presidente at\u00e9 agora considerada honesta.<\/p>\n<p>Jornalismo deve informar os fatos de pontos de vista diferentes e contr\u00e1rios, encarnar ideias em disputa, canalizar o entrechoque de vers\u00f5es, sublimar antagonismos.<\/p>\n<p>Ve\u00edculos brasileiros, ao contr\u00e1rio, quase todos em dificuldades financeiras e assediados pelos novos h\u00e1bitos do p\u00fablico, uniram esfor\u00e7os na defesa de uma ideia \u00fanica. Compactaram-se em exageros, catastrofismo e idiossincrasias. Agruparam-se de um lado s\u00f3 da balan\u00e7a, fortes para nocautear um governo, mas fracos para manter sua pr\u00f3pria raz\u00e3o de existir, a autonomia.<\/p>\n<p>Poderia ser diferente. As den\u00fancias de corrup\u00e7\u00e3o da Opera\u00e7\u00e3o Lava Jato deveriam mesmo merecer toda a aten\u00e7\u00e3o de uma imprensa aguerrida. Deveriam mobilizar controles e cuidados na mesma propor\u00e7\u00e3o. No entanto, se a justi\u00e7a da Lava Jato tem alvo preferencial, o jornalismo n\u00e3o deveria ter. Quem defende o equil\u00edbrio quando justi\u00e7a seletiva e jornalismo discricion\u00e1rio se fundem?<\/p>\n<p>Normas e t\u00e9cnicas jornal\u00edsticas n\u00e3o s\u00e3o meros enfeites para c\u00f3digos ou li\u00e7\u00f5es esquecidas nos bancos da escola. S\u00e3o pe\u00e7as essenciais para a sobreviv\u00eancia da democracia. Na Lava Jato, o que deveria motivar uma custosa opera\u00e7\u00e3o de checagem independente e edi\u00e7\u00e3o aut\u00f4noma derivou numa repeti\u00e7\u00e3o ingl\u00f3ria dos piores momentos do jornalismo do passado. A audi\u00e7\u00e3o generosa e justa do chamado outro lado das den\u00fancias, tanto na apura\u00e7\u00e3o das informa\u00e7\u00f5es como em sua edi\u00e7\u00e3o, n\u00e3o existiu.<\/p>\n<p>O abuso de reportagens baseadas exclusivamente em fontes mantidas em sigilo tornou-se a regra. Vazamentos com objetivo manipulat\u00f3rio foram a t\u00f4nica. Quando informa\u00e7\u00f5es em &#8220;off&#8221; d\u00e3o as cartas e o outro lado \u00e9 uma formalidade, o jornalismo n\u00e3o existe sen\u00e3o como contrafa\u00e7\u00e3o.<\/p>\n<p>O que foi feito do esfor\u00e7o de conviv\u00eancia de tantos profissionais de ponta com outras culturas jornal\u00edsticas mais avan\u00e7adas, tolerantes e variadas? Onde est\u00e3o as inten\u00e7\u00f5es de controle t\u00e9cnico, equidist\u00e2ncia, sobriedade e isen\u00e7\u00e3o?<\/p>\n<p>Os ombudsmans, os rigores autonomistas das t\u00e9cnicas de investiga\u00e7\u00e3o independentes e as autocr\u00edticas n\u00e3o serviram para nada. Virou p\u00f3 o empenho de ao menos uma gera\u00e7\u00e3o de profissionais para que o jornalismo, depois do infame apoio majorit\u00e1rio ao golpe de 1964, viesse a seguir melhores padr\u00f5es.<\/p>\n<p>N\u00e3o pode haver fracasso maior para quem ao longo dos anos aspirou a se legitimar como institui\u00e7\u00e3o pilar de uma jovem democracia. Ve\u00edculos de m\u00eddia cederam ao populismo que inflama os \u00f3dios de classe e leva o pa\u00eds a vivenciar mais um golpe contra as institui\u00e7\u00f5es.<\/p>\n<p>Fica para conferir se a m\u00eddia ter\u00e1 no governo Temer a mesma obsess\u00e3o higienizadora e incriminat\u00f3ria que exibe contra a ordem petista.<\/p>\n<p>J\u00e1 se diz que a queda do governo Dilma marca o ocaso do arranjo democr\u00e1tico da Constitui\u00e7\u00e3o de 1988. Corporifica tamb\u00e9m o fim do breve ensaio de jornalismo surgido no bojo do movimento que levou \u00e0 Nova Rep\u00fablica.<\/p>\n<p>Parodiando o poema tr\u00e1gico de Murilo Mendes, essa m\u00eddia nativa, em busca da sobreviv\u00eancia, nasceu para a cat\u00e1strofe.<\/p>\n<p>MARIO VITOR SANTOS \u00e9 jornalista. Na Folha, foi diretor da sucursal de Bras\u00edlia, secret\u00e1rio de Reda\u00e7\u00e3o e ombudsman (1991-93 e 97). \u00c9 mestre em drama antigo pela Universidade de Exeter (Inglaterra) e doutor em letras cl\u00e1ssicas pela USP<\/p>\n","protected":false},"excerpt":{"rendered":"<p>MARIO VITOR SANTOS &#8211; Folha A ruptura institucional em via de ser completada no Brasil \u00e9 resultado direto da degrada\u00e7\u00e3o do jornalismo posto em pr\u00e1tica por quase todos os meios de comunica\u00e7\u00e3o no pa\u00eds.<\/p>\n","protected":false},"author":1,"featured_media":0,"comment_status":"closed","ping_status":"open","sticky":false,"template":"","format":"standard","meta":{"_exactmetrics_skip_tracking":false,"_exactmetrics_sitenote_active":false,"_exactmetrics_sitenote_note":"","_exactmetrics_sitenote_category":0,"jetpack_post_was_ever_published":false,"_jetpack_newsletter_access":"","_jetpack_dont_email_post_to_subs":false,"_jetpack_newsletter_tier_id":0,"_jetpack_memberships_contains_paywalled_content":false,"_jetpack_memberships_contains_paid_content":false,"footnotes":"","jetpack_publicize_message":"","jetpack_publicize_feature_enabled":true,"jetpack_social_post_already_shared":true,"jetpack_social_options":{"image_generator_settings":{"template":"highway","enabled":false},"version":2}},"categories":[1],"tags":[],"class_list":["post-1033","post","type-post","status-publish","format-standard","hentry","category-notas"],"jetpack_publicize_connections":[],"jetpack_sharing_enabled":true,"jetpack_featured_media_url":"","jetpack_shortlink":"https:\/\/wp.me\/p7wKYW-gF","jetpack-related-posts":[],"_links":{"self":[{"href":"http:\/\/blogdalucianaoliveira.com.br\/blog\/wp-json\/wp\/v2\/posts\/1033","targetHints":{"allow":["GET"]}}],"collection":[{"href":"http:\/\/blogdalucianaoliveira.com.br\/blog\/wp-json\/wp\/v2\/posts"}],"about":[{"href":"http:\/\/blogdalucianaoliveira.com.br\/blog\/wp-json\/wp\/v2\/types\/post"}],"author":[{"embeddable":true,"href":"http:\/\/blogdalucianaoliveira.com.br\/blog\/wp-json\/wp\/v2\/users\/1"}],"replies":[{"embeddable":true,"href":"http:\/\/blogdalucianaoliveira.com.br\/blog\/wp-json\/wp\/v2\/comments?post=1033"}],"version-history":[{"count":2,"href":"http:\/\/blogdalucianaoliveira.com.br\/blog\/wp-json\/wp\/v2\/posts\/1033\/revisions"}],"predecessor-version":[{"id":1036,"href":"http:\/\/blogdalucianaoliveira.com.br\/blog\/wp-json\/wp\/v2\/posts\/1033\/revisions\/1036"}],"wp:attachment":[{"href":"http:\/\/blogdalucianaoliveira.com.br\/blog\/wp-json\/wp\/v2\/media?parent=1033"}],"wp:term":[{"taxonomy":"category","embeddable":true,"href":"http:\/\/blogdalucianaoliveira.com.br\/blog\/wp-json\/wp\/v2\/categories?post=1033"},{"taxonomy":"post_tag","embeddable":true,"href":"http:\/\/blogdalucianaoliveira.com.br\/blog\/wp-json\/wp\/v2\/tags?post=1033"}],"curies":[{"name":"wp","href":"https:\/\/api.w.org\/{rel}","templated":true}]}}