{"id":1040,"date":"2016-05-18T20:05:25","date_gmt":"2016-05-19T00:05:25","guid":{"rendered":"http:\/\/blogdalucianaoliveira.com.br\/blog\/?p=1040"},"modified":"2016-05-18T20:05:25","modified_gmt":"2016-05-19T00:05:25","slug":"em-medida-drastica-para-recrutar-mulheres-michel-temer-nomeia-caua-reymond-para-a-articulacao-politica","status":"publish","type":"post","link":"http:\/\/blogdalucianaoliveira.com.br\/blog\/2016\/05\/18\/em-medida-drastica-para-recrutar-mulheres-michel-temer-nomeia-caua-reymond-para-a-articulacao-politica\/","title":{"rendered":"Em medida dr\u00e1stica para recrutar mulheres, Michel Temer nomeia Cau\u00e3 Reymond para a articula\u00e7\u00e3o pol\u00edtica"},"content":{"rendered":"<p><img data-recalc-dims=\"1\" loading=\"lazy\" decoding=\"async\" data-attachment-id=\"1041\" data-permalink=\"http:\/\/blogdalucianaoliveira.com.br\/blog\/2016\/05\/18\/em-medida-drastica-para-recrutar-mulheres-michel-temer-nomeia-caua-reymond-para-a-articulacao-politica\/image-234\/\" data-orig-file=\"https:\/\/i0.wp.com\/blogdalucianaoliveira.com.br\/blog\/wp-content\/uploads\/2016\/05\/image-201.jpeg?fit=970%2C600\" data-orig-size=\"970,600\" data-comments-opened=\"0\" data-image-meta=\"{&quot;aperture&quot;:&quot;0&quot;,&quot;credit&quot;:&quot;&quot;,&quot;camera&quot;:&quot;&quot;,&quot;caption&quot;:&quot;&quot;,&quot;created_timestamp&quot;:&quot;0&quot;,&quot;copyright&quot;:&quot;&quot;,&quot;focal_length&quot;:&quot;0&quot;,&quot;iso&quot;:&quot;0&quot;,&quot;shutter_speed&quot;:&quot;0&quot;,&quot;title&quot;:&quot;&quot;,&quot;orientation&quot;:&quot;0&quot;}\" data-image-title=\"image\" data-image-description=\"\" data-image-caption=\"\" data-medium-file=\"https:\/\/i0.wp.com\/blogdalucianaoliveira.com.br\/blog\/wp-content\/uploads\/2016\/05\/image-201.jpeg?fit=300%2C186\" data-large-file=\"https:\/\/i0.wp.com\/blogdalucianaoliveira.com.br\/blog\/wp-content\/uploads\/2016\/05\/image-201.jpeg?fit=600%2C371\" src=\"https:\/\/i0.wp.com\/blogdalucianaoliveira.com.br\/blog\/wp-content\/uploads\/2016\/05\/image-201.jpeg?resize=600%2C371\" alt=\"image\" width=\"600\" height=\"371\" class=\"alignnone size-full wp-image-1041\" srcset=\"https:\/\/i0.wp.com\/blogdalucianaoliveira.com.br\/blog\/wp-content\/uploads\/2016\/05\/image-201.jpeg?w=970 970w, https:\/\/i0.wp.com\/blogdalucianaoliveira.com.br\/blog\/wp-content\/uploads\/2016\/05\/image-201.jpeg?resize=300%2C186 300w, https:\/\/i0.wp.com\/blogdalucianaoliveira.com.br\/blog\/wp-content\/uploads\/2016\/05\/image-201.jpeg?resize=768%2C475 768w, https:\/\/i0.wp.com\/blogdalucianaoliveira.com.br\/blog\/wp-content\/uploads\/2016\/05\/image-201.jpeg?resize=485%2C300 485w\" sizes=\"auto, (max-width: 600px) 100vw, 600px\" \/><\/p>\n<p>The Piau\u00ed Herald<\/p>\n<p>PROJAC \u2013 Depois de ouvir recusas de Daniela Mercury, Bruna Lombardi, Mar\u00edlia Gabriela, Gl\u00f3ria Maria, Nicole Bahls, Tati Quebra Barraco, Paris Hilton, Cristina Mort\u00e1gua, Monique Evans, Narcisa Tamborindeguy, Ninja do Funk e Virgem de Santa Catarina, o presidente-interino-em-exerc\u00edcio Michel Temer se viu for\u00e7ado a nomear Cau\u00e3 Reymond para a articula\u00e7\u00e3o pol\u00edtica.<\/p>\n<p>\u201cFoi exig\u00eancia da bancada\u201d, admitiu Eliseu Padilha, o ministro-interino-em-exerc\u00edcio da Casa dos Machos Civis. \u201cOu cham\u00e1vamos o Cau\u00e3, ou o presidente voltava para a terapia lacaniana.\u201d Nos \u00faltimos dias, Temer foi visto desolado no Planalto, resmungando o nome de certa Maria de Lourdes. \u201cA Lurdinha foi a paix\u00e3o de Michel quando jovem\u201d, revelou uma fonte-interina-em-exerc\u00edcio que preferiu n\u00e3o se identificar. \u201cRejeitou-o por toda a inf\u00e2ncia.\u201d<\/p>\n<p>No exerc\u00edcio do cargo, Cau\u00e3 tem a miss\u00e3o de preencher cargos de subsecretarias adjuntas de minist\u00e9rios extintos com um elenco de not\u00e1veis. \u201cA lista me foi passada esta manh\u00e3\u201d, revelou o ministro global. \u201cJ\u00e1 vi que ela inclui a Juliana Paes, Gisele Bundchen, Alessandra Amb\u00f3rsio, Fernanda Lima, Bruna Marquezine e a pr\u00f3pria Marcela Temer. Pelo que soube, foi decidida ontem de madrugada, durante o p\u00f4quer na casa do Serra.\u201d<\/p>\n","protected":false},"excerpt":{"rendered":"<p>The Piau\u00ed Herald PROJAC \u2013 Depois de ouvir recusas de Daniela Mercury, Bruna Lombardi, Mar\u00edlia Gabriela, Gl\u00f3ria Maria, Nicole Bahls, Tati Quebra Barraco, Paris Hilton, Cristina Mort\u00e1gua, Monique Evans, Narcisa Tamborindeguy, Ninja do Funk e Virgem de Santa Catarina, o presidente-interino-em-exerc\u00edcio Michel Temer se viu for\u00e7ado a nomear Cau\u00e3 Reymond para a articula\u00e7\u00e3o pol\u00edtica. \u201cFoi&#8230;<a class=\"more-link\" href=\"http:\/\/blogdalucianaoliveira.com.br\/blog\/2016\/05\/18\/em-medida-drastica-para-recrutar-mulheres-michel-temer-nomeia-caua-reymond-para-a-articulacao-politica\/\">Continue a leitura <span class=\"meta-nav\">&raquo;<\/span><\/a><\/p>\n","protected":false},"author":1,"featured_media":0,"comment_status":"closed","ping_status":"open","sticky":false,"template":"","format":"standard","meta":{"_exactmetrics_skip_tracking":false,"_exactmetrics_sitenote_active":false,"_exactmetrics_sitenote_note":"","_exactmetrics_sitenote_category":0,"jetpack_post_was_ever_published":false,"_jetpack_newsletter_access":"","_jetpack_dont_email_post_to_subs":false,"_jetpack_newsletter_tier_id":0,"_jetpack_memberships_contains_paywalled_content":false,"_jetpack_memberships_contains_paid_content":false,"footnotes":"","jetpack_publicize_message":"","jetpack_publicize_feature_enabled":true,"jetpack_social_post_already_shared":true,"jetpack_social_options":{"image_generator_settings":{"template":"highway","enabled":false},"version":2}},"categories":[1],"tags":[60,46,45],"class_list":["post-1040","post","type-post","status-publish","format-standard","hentry","category-notas","tag-caua","tag-mulheres","tag-temer"],"jetpack_publicize_connections":[],"jetpack_sharing_enabled":true,"jetpack_featured_media_url":"","jetpack_shortlink":"https:\/\/wp.me\/p7wKYW-gM","jetpack-related-posts":[],"_links":{"self":[{"href":"http:\/\/blogdalucianaoliveira.com.br\/blog\/wp-json\/wp\/v2\/posts\/1040","targetHints":{"allow":["GET"]}}],"collection":[{"href":"http:\/\/blogdalucianaoliveira.com.br\/blog\/wp-json\/wp\/v2\/posts"}],"about":[{"href":"http:\/\/blogdalucianaoliveira.com.br\/blog\/wp-json\/wp\/v2\/types\/post"}],"author":[{"embeddable":true,"href":"http:\/\/blogdalucianaoliveira.com.br\/blog\/wp-json\/wp\/v2\/users\/1"}],"replies":[{"embeddable":true,"href":"http:\/\/blogdalucianaoliveira.com.br\/blog\/wp-json\/wp\/v2\/comments?post=1040"}],"version-history":[{"count":2,"href":"http:\/\/blogdalucianaoliveira.com.br\/blog\/wp-json\/wp\/v2\/posts\/1040\/revisions"}],"predecessor-version":[{"id":1043,"href":"http:\/\/blogdalucianaoliveira.com.br\/blog\/wp-json\/wp\/v2\/posts\/1040\/revisions\/1043"}],"wp:attachment":[{"href":"http:\/\/blogdalucianaoliveira.com.br\/blog\/wp-json\/wp\/v2\/media?parent=1040"}],"wp:term":[{"taxonomy":"category","embeddable":true,"href":"http:\/\/blogdalucianaoliveira.com.br\/blog\/wp-json\/wp\/v2\/categories?post=1040"},{"taxonomy":"post_tag","embeddable":true,"href":"http:\/\/blogdalucianaoliveira.com.br\/blog\/wp-json\/wp\/v2\/tags?post=1040"}],"curies":[{"name":"wp","href":"https:\/\/api.w.org\/{rel}","templated":true}]}}