{"id":1044,"date":"2016-05-19T09:19:37","date_gmt":"2016-05-19T13:19:37","guid":{"rendered":"http:\/\/blogdalucianaoliveira.com.br\/blog\/?p=1044"},"modified":"2016-05-19T09:19:37","modified_gmt":"2016-05-19T13:19:37","slug":"blog-representa-ro-no-encontro-de-ativistas-digitais","status":"publish","type":"post","link":"http:\/\/blogdalucianaoliveira.com.br\/blog\/2016\/05\/19\/blog-representa-ro-no-encontro-de-ativistas-digitais\/","title":{"rendered":"Blog representa RO no Encontro de ativistas digitais"},"content":{"rendered":"<p><img data-recalc-dims=\"1\" loading=\"lazy\" decoding=\"async\" data-attachment-id=\"1045\" data-permalink=\"http:\/\/blogdalucianaoliveira.com.br\/blog\/2016\/05\/19\/blog-representa-ro-no-encontro-de-ativistas-digitais\/image-235\/\" data-orig-file=\"https:\/\/i0.wp.com\/blogdalucianaoliveira.com.br\/blog\/wp-content\/uploads\/2016\/05\/image-202.jpeg?fit=1280%2C1280\" data-orig-size=\"1280,1280\" data-comments-opened=\"0\" data-image-meta=\"{&quot;aperture&quot;:&quot;0&quot;,&quot;credit&quot;:&quot;&quot;,&quot;camera&quot;:&quot;&quot;,&quot;caption&quot;:&quot;&quot;,&quot;created_timestamp&quot;:&quot;0&quot;,&quot;copyright&quot;:&quot;&quot;,&quot;focal_length&quot;:&quot;0&quot;,&quot;iso&quot;:&quot;0&quot;,&quot;shutter_speed&quot;:&quot;0&quot;,&quot;title&quot;:&quot;&quot;,&quot;orientation&quot;:&quot;1&quot;}\" data-image-title=\"image\" data-image-description=\"\" data-image-caption=\"\" data-medium-file=\"https:\/\/i0.wp.com\/blogdalucianaoliveira.com.br\/blog\/wp-content\/uploads\/2016\/05\/image-202.jpeg?fit=300%2C300\" data-large-file=\"https:\/\/i0.wp.com\/blogdalucianaoliveira.com.br\/blog\/wp-content\/uploads\/2016\/05\/image-202.jpeg?fit=600%2C600\" src=\"https:\/\/i0.wp.com\/blogdalucianaoliveira.com.br\/blog\/wp-content\/uploads\/2016\/05\/image-202.jpeg?resize=600%2C600\" alt=\"image\" width=\"600\" height=\"600\" class=\"alignnone size-full wp-image-1045\" srcset=\"https:\/\/i0.wp.com\/blogdalucianaoliveira.com.br\/blog\/wp-content\/uploads\/2016\/05\/image-202.jpeg?w=1280 1280w, https:\/\/i0.wp.com\/blogdalucianaoliveira.com.br\/blog\/wp-content\/uploads\/2016\/05\/image-202.jpeg?resize=150%2C150 150w, https:\/\/i0.wp.com\/blogdalucianaoliveira.com.br\/blog\/wp-content\/uploads\/2016\/05\/image-202.jpeg?resize=300%2C300 300w, https:\/\/i0.wp.com\/blogdalucianaoliveira.com.br\/blog\/wp-content\/uploads\/2016\/05\/image-202.jpeg?resize=768%2C768 768w, https:\/\/i0.wp.com\/blogdalucianaoliveira.com.br\/blog\/wp-content\/uploads\/2016\/05\/image-202.jpeg?w=1200 1200w\" sizes=\"auto, (max-width: 600px) 100vw, 600px\" \/><\/p>\n<p>Bom dia amigos, \u00e0 direita e \u00e0 esquerda, pra frente ou pra tr\u00e1s.Pela primeira vez, Rond\u00f4nia participa em Belo Horizonte, da quinta edi\u00e7\u00e3o do Encontro Nacional de Blogueiros e Ativistas Digitais.<br \/>\n<!--more--><\/p>\n<p>O blogdalucianaoliveira.com.br\/blog vai mostrar pra tudo pra voc\u00eas.<\/p>\n<p>O tema n\u00e3o podia ser mais adequado: #Menos\u00d3dioMaisDemocracia<\/p>\n<p>O #5BlogProg reunir\u00e1 jornalistas, blogueiros e ativistas de todo o pa\u00eds para discutir a defesa da democracia e a luta contra o golpismo midi\u00e1tico. <\/p>\n<p>Confesso que fico feliz de ver as pessoas compartilhando outras fontes de informa\u00e7\u00e3o, tanto quem comunga dos ideais de esquerda, quanto de direita. <\/p>\n<p>A internet revolucionou a comunica\u00e7\u00e3o, ampliou os canais onde h\u00e1 not\u00edcia menos padronizada e isso \u00e9 fant\u00e1stico! <\/p>\n<p>O evento come\u00e7a nesta sexta-feira e vai at\u00e9 domingo (22), com transmiss\u00e3o ao vivo pela TVT, a ser reproduzida pelo Bar\u00e3o de Itarar\u00e9.<\/p>\n<p>Estou muito feliz por testemunhar esse momento. <\/p>\n","protected":false},"excerpt":{"rendered":"<p>Bom dia amigos, \u00e0 direita e \u00e0 esquerda, pra frente ou pra tr\u00e1s.Pela primeira vez, Rond\u00f4nia participa em Belo Horizonte, da quinta edi\u00e7\u00e3o do Encontro Nacional de Blogueiros e Ativistas Digitais.<\/p>\n","protected":false},"author":1,"featured_media":0,"comment_status":"closed","ping_status":"open","sticky":false,"template":"","format":"standard","meta":{"_exactmetrics_skip_tracking":false,"_exactmetrics_sitenote_active":false,"_exactmetrics_sitenote_note":"","_exactmetrics_sitenote_category":0,"jetpack_post_was_ever_published":false,"_jetpack_newsletter_access":"","_jetpack_dont_email_post_to_subs":false,"_jetpack_newsletter_tier_id":0,"_jetpack_memberships_contains_paywalled_content":false,"_jetpack_memberships_contains_paid_content":false,"footnotes":"","jetpack_publicize_message":"","jetpack_publicize_feature_enabled":true,"jetpack_social_post_already_shared":true,"jetpack_social_options":{"image_generator_settings":{"template":"highway","enabled":false},"version":2}},"categories":[1],"tags":[],"class_list":["post-1044","post","type-post","status-publish","format-standard","hentry","category-notas"],"jetpack_publicize_connections":[],"jetpack_sharing_enabled":true,"jetpack_featured_media_url":"","jetpack_shortlink":"https:\/\/wp.me\/p7wKYW-gQ","jetpack-related-posts":[],"_links":{"self":[{"href":"http:\/\/blogdalucianaoliveira.com.br\/blog\/wp-json\/wp\/v2\/posts\/1044","targetHints":{"allow":["GET"]}}],"collection":[{"href":"http:\/\/blogdalucianaoliveira.com.br\/blog\/wp-json\/wp\/v2\/posts"}],"about":[{"href":"http:\/\/blogdalucianaoliveira.com.br\/blog\/wp-json\/wp\/v2\/types\/post"}],"author":[{"embeddable":true,"href":"http:\/\/blogdalucianaoliveira.com.br\/blog\/wp-json\/wp\/v2\/users\/1"}],"replies":[{"embeddable":true,"href":"http:\/\/blogdalucianaoliveira.com.br\/blog\/wp-json\/wp\/v2\/comments?post=1044"}],"version-history":[{"count":2,"href":"http:\/\/blogdalucianaoliveira.com.br\/blog\/wp-json\/wp\/v2\/posts\/1044\/revisions"}],"predecessor-version":[{"id":1047,"href":"http:\/\/blogdalucianaoliveira.com.br\/blog\/wp-json\/wp\/v2\/posts\/1044\/revisions\/1047"}],"wp:attachment":[{"href":"http:\/\/blogdalucianaoliveira.com.br\/blog\/wp-json\/wp\/v2\/media?parent=1044"}],"wp:term":[{"taxonomy":"category","embeddable":true,"href":"http:\/\/blogdalucianaoliveira.com.br\/blog\/wp-json\/wp\/v2\/categories?post=1044"},{"taxonomy":"post_tag","embeddable":true,"href":"http:\/\/blogdalucianaoliveira.com.br\/blog\/wp-json\/wp\/v2\/tags?post=1044"}],"curies":[{"name":"wp","href":"https:\/\/api.w.org\/{rel}","templated":true}]}}