{"id":1064,"date":"2016-05-19T15:45:11","date_gmt":"2016-05-19T19:45:11","guid":{"rendered":"http:\/\/blogdalucianaoliveira.com.br\/blog\/?p=1064"},"modified":"2016-05-19T15:45:11","modified_gmt":"2016-05-19T19:45:11","slug":"a-inferioridade-em-que-o-brasileiro-se-coloca-voluntariamente-em-face-do-resto-do-mundo","status":"publish","type":"post","link":"http:\/\/blogdalucianaoliveira.com.br\/blog\/2016\/05\/19\/a-inferioridade-em-que-o-brasileiro-se-coloca-voluntariamente-em-face-do-resto-do-mundo\/","title":{"rendered":"A inferioridade em que o brasileiro se coloca, voluntariamente, em face do resto do mundo"},"content":{"rendered":"<p><img data-recalc-dims=\"1\" loading=\"lazy\" decoding=\"async\" data-attachment-id=\"1065\" data-permalink=\"http:\/\/blogdalucianaoliveira.com.br\/blog\/2016\/05\/19\/a-inferioridade-em-que-o-brasileiro-se-coloca-voluntariamente-em-face-do-resto-do-mundo\/image-241\/\" data-orig-file=\"https:\/\/i0.wp.com\/blogdalucianaoliveira.com.br\/blog\/wp-content\/uploads\/2016\/05\/image-13.png?fit=956%2C500\" data-orig-size=\"956,500\" data-comments-opened=\"0\" data-image-meta=\"{&quot;aperture&quot;:&quot;0&quot;,&quot;credit&quot;:&quot;&quot;,&quot;camera&quot;:&quot;&quot;,&quot;caption&quot;:&quot;&quot;,&quot;created_timestamp&quot;:&quot;0&quot;,&quot;copyright&quot;:&quot;&quot;,&quot;focal_length&quot;:&quot;0&quot;,&quot;iso&quot;:&quot;0&quot;,&quot;shutter_speed&quot;:&quot;0&quot;,&quot;title&quot;:&quot;&quot;,&quot;orientation&quot;:&quot;0&quot;}\" data-image-title=\"image\" data-image-description=\"\" data-image-caption=\"\" data-medium-file=\"https:\/\/i0.wp.com\/blogdalucianaoliveira.com.br\/blog\/wp-content\/uploads\/2016\/05\/image-13.png?fit=300%2C157\" data-large-file=\"https:\/\/i0.wp.com\/blogdalucianaoliveira.com.br\/blog\/wp-content\/uploads\/2016\/05\/image-13.png?fit=600%2C314\" src=\"https:\/\/i0.wp.com\/blogdalucianaoliveira.com.br\/blog\/wp-content\/uploads\/2016\/05\/image-13.png?resize=600%2C314\" alt=\"image\" width=\"600\" height=\"314\" class=\"alignnone size-full wp-image-1065\" srcset=\"https:\/\/i0.wp.com\/blogdalucianaoliveira.com.br\/blog\/wp-content\/uploads\/2016\/05\/image-13.png?w=956 956w, https:\/\/i0.wp.com\/blogdalucianaoliveira.com.br\/blog\/wp-content\/uploads\/2016\/05\/image-13.png?resize=300%2C157 300w, https:\/\/i0.wp.com\/blogdalucianaoliveira.com.br\/blog\/wp-content\/uploads\/2016\/05\/image-13.png?resize=768%2C402 768w, https:\/\/i0.wp.com\/blogdalucianaoliveira.com.br\/blog\/wp-content\/uploads\/2016\/05\/image-13.png?resize=574%2C300 574w\" sizes=\"auto, (max-width: 600px) 100vw, 600px\" \/><\/p>\n<p>Da Socialista Morena<\/p>\n<p>Cerca de 50 pa\u00edses no mundo inteiro possuem minist\u00e9rios da cultura. A exce\u00e7\u00e3o mais not\u00e1vel \u00e9 (adivinhe!) os Estados Unidos. <!--more--><\/p>\n<p>No entanto, existe um movimento por l\u00e1, liderado pelo produtor musical Quincy Jones, para que o presidente Barack Obama crie um minist\u00e9rio da Cultura, para centralizar os programas governamentais de incentivo \u00e0s artes. Ou seja, se Donald Trump n\u00e3o ganhar, pode surgir um minist\u00e9rio destes tamb\u00e9m na p\u00e1tria que os reacion\u00e1rios brasileiros mais adoram copiar. <\/p>\n<p>Imaginem: \u00e9 poss\u00edvel que Temer acabe com o minist\u00e9rio da Cultura para copiar os EUA e mais tarde tenha que recri\u00e1-lo se quiser macaquear os gringos novamente.<\/p>\n","protected":false},"excerpt":{"rendered":"<p>Da Socialista Morena Cerca de 50 pa\u00edses no mundo inteiro possuem minist\u00e9rios da cultura. A exce\u00e7\u00e3o mais not\u00e1vel \u00e9 (adivinhe!) os Estados Unidos.<\/p>\n","protected":false},"author":1,"featured_media":0,"comment_status":"closed","ping_status":"open","sticky":false,"template":"","format":"standard","meta":{"_exactmetrics_skip_tracking":false,"_exactmetrics_sitenote_active":false,"_exactmetrics_sitenote_note":"","_exactmetrics_sitenote_category":0,"jetpack_post_was_ever_published":false,"_jetpack_newsletter_access":"","_jetpack_dont_email_post_to_subs":false,"_jetpack_newsletter_tier_id":0,"_jetpack_memberships_contains_paywalled_content":false,"_jetpack_memberships_contains_paid_content":false,"footnotes":"","jetpack_publicize_message":"","jetpack_publicize_feature_enabled":true,"jetpack_social_post_already_shared":true,"jetpack_social_options":{"image_generator_settings":{"template":"highway","enabled":false},"version":2}},"categories":[1],"tags":[],"class_list":["post-1064","post","type-post","status-publish","format-standard","hentry","category-notas"],"jetpack_publicize_connections":[],"jetpack_sharing_enabled":true,"jetpack_featured_media_url":"","jetpack_shortlink":"https:\/\/wp.me\/p7wKYW-ha","jetpack-related-posts":[],"_links":{"self":[{"href":"http:\/\/blogdalucianaoliveira.com.br\/blog\/wp-json\/wp\/v2\/posts\/1064","targetHints":{"allow":["GET"]}}],"collection":[{"href":"http:\/\/blogdalucianaoliveira.com.br\/blog\/wp-json\/wp\/v2\/posts"}],"about":[{"href":"http:\/\/blogdalucianaoliveira.com.br\/blog\/wp-json\/wp\/v2\/types\/post"}],"author":[{"embeddable":true,"href":"http:\/\/blogdalucianaoliveira.com.br\/blog\/wp-json\/wp\/v2\/users\/1"}],"replies":[{"embeddable":true,"href":"http:\/\/blogdalucianaoliveira.com.br\/blog\/wp-json\/wp\/v2\/comments?post=1064"}],"version-history":[{"count":2,"href":"http:\/\/blogdalucianaoliveira.com.br\/blog\/wp-json\/wp\/v2\/posts\/1064\/revisions"}],"predecessor-version":[{"id":1067,"href":"http:\/\/blogdalucianaoliveira.com.br\/blog\/wp-json\/wp\/v2\/posts\/1064\/revisions\/1067"}],"wp:attachment":[{"href":"http:\/\/blogdalucianaoliveira.com.br\/blog\/wp-json\/wp\/v2\/media?parent=1064"}],"wp:term":[{"taxonomy":"category","embeddable":true,"href":"http:\/\/blogdalucianaoliveira.com.br\/blog\/wp-json\/wp\/v2\/categories?post=1064"},{"taxonomy":"post_tag","embeddable":true,"href":"http:\/\/blogdalucianaoliveira.com.br\/blog\/wp-json\/wp\/v2\/tags?post=1064"}],"curies":[{"name":"wp","href":"https:\/\/api.w.org\/{rel}","templated":true}]}}