{"id":1068,"date":"2016-05-19T16:06:33","date_gmt":"2016-05-19T20:06:33","guid":{"rendered":"http:\/\/blogdalucianaoliveira.com.br\/blog\/?p=1068"},"modified":"2016-05-19T16:06:33","modified_gmt":"2016-05-19T20:06:33","slug":"o-despertar-na-visao-do-amigo-jornalista-jose-maschio","status":"publish","type":"post","link":"http:\/\/blogdalucianaoliveira.com.br\/blog\/2016\/05\/19\/o-despertar-na-visao-do-amigo-jornalista-jose-maschio\/","title":{"rendered":"O despertar, na vis\u00e3o do amigo jornalista Jos\u00e9 Maschio"},"content":{"rendered":"<p><img data-recalc-dims=\"1\" loading=\"lazy\" decoding=\"async\" data-attachment-id=\"1070\" data-permalink=\"http:\/\/blogdalucianaoliveira.com.br\/blog\/2016\/05\/19\/o-despertar-na-visao-do-amigo-jornalista-jose-maschio\/image-243\/\" data-orig-file=\"https:\/\/i0.wp.com\/blogdalucianaoliveira.com.br\/blog\/wp-content\/uploads\/2016\/05\/image-209.jpeg?fit=225%2C224\" data-orig-size=\"225,224\" data-comments-opened=\"0\" data-image-meta=\"{&quot;aperture&quot;:&quot;0&quot;,&quot;credit&quot;:&quot;&quot;,&quot;camera&quot;:&quot;&quot;,&quot;caption&quot;:&quot;&quot;,&quot;created_timestamp&quot;:&quot;0&quot;,&quot;copyright&quot;:&quot;&quot;,&quot;focal_length&quot;:&quot;0&quot;,&quot;iso&quot;:&quot;0&quot;,&quot;shutter_speed&quot;:&quot;0&quot;,&quot;title&quot;:&quot;&quot;,&quot;orientation&quot;:&quot;0&quot;}\" data-image-title=\"image\" data-image-description=\"\" data-image-caption=\"\" data-medium-file=\"https:\/\/i0.wp.com\/blogdalucianaoliveira.com.br\/blog\/wp-content\/uploads\/2016\/05\/image-209.jpeg?fit=225%2C224\" data-large-file=\"https:\/\/i0.wp.com\/blogdalucianaoliveira.com.br\/blog\/wp-content\/uploads\/2016\/05\/image-209.jpeg?fit=225%2C224\" src=\"https:\/\/i0.wp.com\/blogdalucianaoliveira.com.br\/blog\/wp-content\/uploads\/2016\/05\/image-209.jpeg?resize=225%2C224\" alt=\"image\" width=\"225\" height=\"224\" class=\"alignnone size-full wp-image-1070\" srcset=\"https:\/\/i0.wp.com\/blogdalucianaoliveira.com.br\/blog\/wp-content\/uploads\/2016\/05\/image-209.jpeg?w=225 225w, https:\/\/i0.wp.com\/blogdalucianaoliveira.com.br\/blog\/wp-content\/uploads\/2016\/05\/image-209.jpeg?resize=150%2C150 150w\" sizes=\"auto, (max-width: 225px) 100vw, 225px\" \/><\/p>\n<p>O ileg\u00edtimo continua a desfiar seu ros\u00e1rio de maldades!<br \/>\nAcordou pampeiro. Todo prosa. H\u00e1 uma semana comemorava. Havia derrubado o governo da anta e tirado do poder os petralhas. A vida era quase um gozo.<!--more--><\/p>\n<p>No caf\u00e9 da manh\u00e3, percebeu o filho chateado, triste (esse choque de gera\u00e7\u00e3o, o menino tinha ido contra toda a fam\u00edlia, defendia a anta, onde j\u00e1 se viu?). <\/p>\n<p>Era hora da pacifica\u00e7\u00e3o, afinal o filho era o orgulho da fam\u00edlia, pequeno-burguesa: fazia medicina (um doutor em casa, ria s\u00f3 de olhar a cara dos vizinhos, invejosos&#8230;). Quis saber o que o filho tinha. \u00b4\u00b4 \u00c9 minha bolsa perman\u00eancia, pai. Cortaram&#8220;.<br \/>\nFoi um choque. As despesas iriam aumentar e, logo agora que pensava em aposentadoria. Teria que arrumar outro trampo, um bico.<\/p>\n<p>Resolveu tirar aquilo a limpo, se informar.<br \/>\nSaiu no corredor do pr\u00e9dio e roubou o jornal do vizinho. Retornou ao apartamento com um aperto no peito. As manchetes e chamadas assustavam: iriam privatizar sua empresa (adeus aposentadoria integral). <\/p>\n<p>Noutra chamada a not\u00edcia ainda mais estarrecedora: aposentadoria aos 75 anos. Derrubou a x\u00edcara sobre a mesa. Enquanto, sol\u00edcita, limpava a sujeira do caf\u00e9 sobre a toalha, a mulher anunciou: \u00b4\u00b4v\u00e3o cortar verbas do SUS, aquela cirurgia das varizes vai ter que ser pelo plano de sa\u00fade. E ele s\u00f3 cobre o custos do hospital&#8220;.<\/p>\n<p>Irado, levantou-se de chofre, pegou a camisa verde-amarela, a corneta vuvuzela (heran\u00e7a da Copa na \u00c1frica do Sul, a \u00faltima viagem internacional), a velha panela inox (presente de casamento) e n\u00e3o teve d\u00favidas: jogou tudo no lixo.<\/p>\n","protected":false},"excerpt":{"rendered":"<p>O ileg\u00edtimo continua a desfiar seu ros\u00e1rio de maldades! Acordou pampeiro. Todo prosa. H\u00e1 uma semana comemorava. Havia derrubado o governo da anta e tirado do poder os petralhas. A vida era quase um gozo.<\/p>\n","protected":false},"author":1,"featured_media":0,"comment_status":"closed","ping_status":"open","sticky":false,"template":"","format":"standard","meta":{"_exactmetrics_skip_tracking":false,"_exactmetrics_sitenote_active":false,"_exactmetrics_sitenote_note":"","_exactmetrics_sitenote_category":0,"jetpack_post_was_ever_published":false,"_jetpack_newsletter_access":"","_jetpack_dont_email_post_to_subs":false,"_jetpack_newsletter_tier_id":0,"_jetpack_memberships_contains_paywalled_content":false,"_jetpack_memberships_contains_paid_content":false,"footnotes":"","jetpack_publicize_message":"","jetpack_publicize_feature_enabled":true,"jetpack_social_post_already_shared":true,"jetpack_social_options":{"image_generator_settings":{"template":"highway","enabled":false},"version":2}},"categories":[1],"tags":[],"class_list":["post-1068","post","type-post","status-publish","format-standard","hentry","category-notas"],"jetpack_publicize_connections":[],"jetpack_sharing_enabled":true,"jetpack_featured_media_url":"","jetpack_shortlink":"https:\/\/wp.me\/p7wKYW-he","jetpack-related-posts":[],"_links":{"self":[{"href":"http:\/\/blogdalucianaoliveira.com.br\/blog\/wp-json\/wp\/v2\/posts\/1068","targetHints":{"allow":["GET"]}}],"collection":[{"href":"http:\/\/blogdalucianaoliveira.com.br\/blog\/wp-json\/wp\/v2\/posts"}],"about":[{"href":"http:\/\/blogdalucianaoliveira.com.br\/blog\/wp-json\/wp\/v2\/types\/post"}],"author":[{"embeddable":true,"href":"http:\/\/blogdalucianaoliveira.com.br\/blog\/wp-json\/wp\/v2\/users\/1"}],"replies":[{"embeddable":true,"href":"http:\/\/blogdalucianaoliveira.com.br\/blog\/wp-json\/wp\/v2\/comments?post=1068"}],"version-history":[{"count":3,"href":"http:\/\/blogdalucianaoliveira.com.br\/blog\/wp-json\/wp\/v2\/posts\/1068\/revisions"}],"predecessor-version":[{"id":1073,"href":"http:\/\/blogdalucianaoliveira.com.br\/blog\/wp-json\/wp\/v2\/posts\/1068\/revisions\/1073"}],"wp:attachment":[{"href":"http:\/\/blogdalucianaoliveira.com.br\/blog\/wp-json\/wp\/v2\/media?parent=1068"}],"wp:term":[{"taxonomy":"category","embeddable":true,"href":"http:\/\/blogdalucianaoliveira.com.br\/blog\/wp-json\/wp\/v2\/categories?post=1068"},{"taxonomy":"post_tag","embeddable":true,"href":"http:\/\/blogdalucianaoliveira.com.br\/blog\/wp-json\/wp\/v2\/tags?post=1068"}],"curies":[{"name":"wp","href":"https:\/\/api.w.org\/{rel}","templated":true}]}}