{"id":1083,"date":"2016-05-20T08:28:41","date_gmt":"2016-05-20T12:28:41","guid":{"rendered":"http:\/\/blogdalucianaoliveira.com.br\/blog\/?p=1083"},"modified":"2016-05-20T08:29:34","modified_gmt":"2016-05-20T12:29:34","slug":"presidente-dilma-participa-de-encontro-com-blogueiros-e-ativistas","status":"publish","type":"post","link":"http:\/\/blogdalucianaoliveira.com.br\/blog\/2016\/05\/20\/presidente-dilma-participa-de-encontro-com-blogueiros-e-ativistas\/","title":{"rendered":"Presidente Dilma participa de encontro com blogueiros e ativistas"},"content":{"rendered":"<p><img data-recalc-dims=\"1\" loading=\"lazy\" decoding=\"async\" data-attachment-id=\"1085\" data-permalink=\"http:\/\/blogdalucianaoliveira.com.br\/blog\/2016\/05\/20\/presidente-dilma-participa-de-encontro-com-blogueiros-e-ativistas\/image-246\/\" data-orig-file=\"https:\/\/i0.wp.com\/blogdalucianaoliveira.com.br\/blog\/wp-content\/uploads\/2016\/05\/image-212.jpeg?fit=575%2C255\" data-orig-size=\"575,255\" data-comments-opened=\"0\" data-image-meta=\"{&quot;aperture&quot;:&quot;0&quot;,&quot;credit&quot;:&quot;&quot;,&quot;camera&quot;:&quot;&quot;,&quot;caption&quot;:&quot;&quot;,&quot;created_timestamp&quot;:&quot;0&quot;,&quot;copyright&quot;:&quot;&quot;,&quot;focal_length&quot;:&quot;0&quot;,&quot;iso&quot;:&quot;0&quot;,&quot;shutter_speed&quot;:&quot;0&quot;,&quot;title&quot;:&quot;&quot;,&quot;orientation&quot;:&quot;0&quot;}\" data-image-title=\"image\" data-image-description=\"\" data-image-caption=\"\" data-medium-file=\"https:\/\/i0.wp.com\/blogdalucianaoliveira.com.br\/blog\/wp-content\/uploads\/2016\/05\/image-212.jpeg?fit=300%2C133\" data-large-file=\"https:\/\/i0.wp.com\/blogdalucianaoliveira.com.br\/blog\/wp-content\/uploads\/2016\/05\/image-212.jpeg?fit=575%2C255\" src=\"https:\/\/i0.wp.com\/blogdalucianaoliveira.com.br\/blog\/wp-content\/uploads\/2016\/05\/image-212.jpeg?resize=575%2C255\" alt=\"image\" width=\"575\" height=\"255\" class=\"alignnone size-full wp-image-1085\" srcset=\"https:\/\/i0.wp.com\/blogdalucianaoliveira.com.br\/blog\/wp-content\/uploads\/2016\/05\/image-212.jpeg?w=575 575w, https:\/\/i0.wp.com\/blogdalucianaoliveira.com.br\/blog\/wp-content\/uploads\/2016\/05\/image-212.jpeg?resize=300%2C133 300w\" sizes=\"auto, (max-width: 575px) 100vw, 575px\" \/><\/p>\n<p>A assessoria da presidente Dilma Rousseff confirmou que ela viaja nesta sexta-feira a Belo Horizonte para participar de um evento com blogueiros e ativistas digitais de todo o pa\u00eds.<!--more--><\/p>\n<p>Desde que foi afastada, Dilma manteve discri\u00e7\u00e3o, portanto, ser\u00e1 o primeiro evento de car\u00e1ter pol\u00edtico que participar\u00e1. <\/p>\n<p>A abertura do encontro prev\u00ea um ato cultural em defesa da democracia. <\/p>\n<p>O ex-presidente Luiz In\u00e1cio Lula da Silva tamb\u00e9m estaria presente, mas sua assessoria afirmou que ele n\u00e3o ir\u00e1 \u00e0 reuni\u00e3o com blogueiros. <\/p>\n","protected":false},"excerpt":{"rendered":"<p>A assessoria da presidente Dilma Rousseff confirmou que ela viaja nesta sexta-feira a Belo Horizonte para participar de um evento com blogueiros e ativistas digitais de todo o pa\u00eds.<\/p>\n","protected":false},"author":1,"featured_media":0,"comment_status":"closed","ping_status":"open","sticky":false,"template":"","format":"standard","meta":{"_exactmetrics_skip_tracking":false,"_exactmetrics_sitenote_active":false,"_exactmetrics_sitenote_note":"","_exactmetrics_sitenote_category":0,"jetpack_post_was_ever_published":false,"_jetpack_newsletter_access":"","_jetpack_dont_email_post_to_subs":false,"_jetpack_newsletter_tier_id":0,"_jetpack_memberships_contains_paywalled_content":false,"_jetpack_memberships_contains_paid_content":false,"footnotes":"","jetpack_publicize_message":"","jetpack_publicize_feature_enabled":true,"jetpack_social_post_already_shared":true,"jetpack_social_options":{"image_generator_settings":{"template":"highway","enabled":false},"version":2}},"categories":[1],"tags":[63,62,64,61],"class_list":["post-1083","post","type-post","status-publish","format-standard","hentry","category-notas","tag-ativistas","tag-blogueiros","tag-democracia","tag-dilma"],"jetpack_publicize_connections":[],"jetpack_sharing_enabled":true,"jetpack_featured_media_url":"","jetpack_shortlink":"https:\/\/wp.me\/p7wKYW-ht","jetpack-related-posts":[],"_links":{"self":[{"href":"http:\/\/blogdalucianaoliveira.com.br\/blog\/wp-json\/wp\/v2\/posts\/1083","targetHints":{"allow":["GET"]}}],"collection":[{"href":"http:\/\/blogdalucianaoliveira.com.br\/blog\/wp-json\/wp\/v2\/posts"}],"about":[{"href":"http:\/\/blogdalucianaoliveira.com.br\/blog\/wp-json\/wp\/v2\/types\/post"}],"author":[{"embeddable":true,"href":"http:\/\/blogdalucianaoliveira.com.br\/blog\/wp-json\/wp\/v2\/users\/1"}],"replies":[{"embeddable":true,"href":"http:\/\/blogdalucianaoliveira.com.br\/blog\/wp-json\/wp\/v2\/comments?post=1083"}],"version-history":[{"count":2,"href":"http:\/\/blogdalucianaoliveira.com.br\/blog\/wp-json\/wp\/v2\/posts\/1083\/revisions"}],"predecessor-version":[{"id":1087,"href":"http:\/\/blogdalucianaoliveira.com.br\/blog\/wp-json\/wp\/v2\/posts\/1083\/revisions\/1087"}],"wp:attachment":[{"href":"http:\/\/blogdalucianaoliveira.com.br\/blog\/wp-json\/wp\/v2\/media?parent=1083"}],"wp:term":[{"taxonomy":"category","embeddable":true,"href":"http:\/\/blogdalucianaoliveira.com.br\/blog\/wp-json\/wp\/v2\/categories?post=1083"},{"taxonomy":"post_tag","embeddable":true,"href":"http:\/\/blogdalucianaoliveira.com.br\/blog\/wp-json\/wp\/v2\/tags?post=1083"}],"curies":[{"name":"wp","href":"https:\/\/api.w.org\/{rel}","templated":true}]}}