{"id":10833,"date":"2017-05-19T23:43:42","date_gmt":"2017-05-20T03:43:42","guid":{"rendered":"http:\/\/blogdalucianaoliveira.com.br\/blog\/?p=10833"},"modified":"2017-05-19T23:43:42","modified_gmt":"2017-05-20T03:43:42","slug":"exercito-explica-reuniao-com-temer-e-avisa-nao-havera-novo-golpe","status":"publish","type":"post","link":"http:\/\/blogdalucianaoliveira.com.br\/blog\/2017\/05\/19\/exercito-explica-reuniao-com-temer-e-avisa-nao-havera-novo-golpe\/","title":{"rendered":"EX\u00c9RCITO EXPLICA REUNI\u00c3O COM TEMER E AVISA: N\u00c3O HAVER\u00c1 NOVO GOLPE"},"content":{"rendered":"<p><img data-recalc-dims=\"1\" loading=\"lazy\" decoding=\"async\" data-attachment-id=\"10834\" data-permalink=\"http:\/\/blogdalucianaoliveira.com.br\/blog\/2017\/05\/19\/exercito-explica-reuniao-com-temer-e-avisa-nao-havera-novo-golpe\/nao-2\/\" data-orig-file=\"https:\/\/i0.wp.com\/blogdalucianaoliveira.com.br\/blog\/wp-content\/uploads\/2017\/05\/nao.jpg?fit=1000%2C357\" data-orig-size=\"1000,357\" data-comments-opened=\"0\" data-image-meta=\"{&quot;aperture&quot;:&quot;0&quot;,&quot;credit&quot;:&quot;&quot;,&quot;camera&quot;:&quot;&quot;,&quot;caption&quot;:&quot;&quot;,&quot;created_timestamp&quot;:&quot;0&quot;,&quot;copyright&quot;:&quot;&quot;,&quot;focal_length&quot;:&quot;0&quot;,&quot;iso&quot;:&quot;0&quot;,&quot;shutter_speed&quot;:&quot;0&quot;,&quot;title&quot;:&quot;&quot;,&quot;orientation&quot;:&quot;0&quot;}\" data-image-title=\"nao\" data-image-description=\"\" data-image-caption=\"\" data-medium-file=\"https:\/\/i0.wp.com\/blogdalucianaoliveira.com.br\/blog\/wp-content\/uploads\/2017\/05\/nao.jpg?fit=300%2C107\" data-large-file=\"https:\/\/i0.wp.com\/blogdalucianaoliveira.com.br\/blog\/wp-content\/uploads\/2017\/05\/nao.jpg?fit=600%2C214\" src=\"https:\/\/i0.wp.com\/blogdalucianaoliveira.com.br\/blog\/wp-content\/uploads\/2017\/05\/nao.jpg?resize=600%2C214\" alt=\"nao\" width=\"600\" height=\"214\" class=\"alignnone size-full wp-image-10834\" srcset=\"https:\/\/i0.wp.com\/blogdalucianaoliveira.com.br\/blog\/wp-content\/uploads\/2017\/05\/nao.jpg?w=1000 1000w, https:\/\/i0.wp.com\/blogdalucianaoliveira.com.br\/blog\/wp-content\/uploads\/2017\/05\/nao.jpg?resize=300%2C107 300w, https:\/\/i0.wp.com\/blogdalucianaoliveira.com.br\/blog\/wp-content\/uploads\/2017\/05\/nao.jpg?resize=768%2C274 768w, https:\/\/i0.wp.com\/blogdalucianaoliveira.com.br\/blog\/wp-content\/uploads\/2017\/05\/nao.jpg?resize=800%2C286 800w\" sizes=\"auto, (max-width: 600px) 100vw, 600px\" \/><\/p>\n<p>247 \u2013 Em nota divulgada nesta noite, o comandante do Ex\u00e9rcito, general Villas Boas, deixou claro que Michel Temer, investigado por diversos crimes, n\u00e3o tem apoio da tropa para levar adiante qualquer aventura golpista.<!--more--><\/p>\n<p>Leia abaixo:<\/p>\n<p>NOTA DE ESCLARECIMENTO<\/p>\n<p>O Centro de Comunica\u00e7\u00e3o Social do Ex\u00e9rcito informa que na tarde de hoje (19 de maio), convocados pelo Sr. Ministro da Defesa, os tr\u00eas Comandantes de For\u00e7a compareceram a uma audi\u00eancia com o Sr. Presidente da Rep\u00fablica, em que foi discutida a conjuntura atual. No encontro, foi destacada a estrita observ\u00e2ncia das For\u00e7as Armadas aos ditames constitucionais. O General Villas Boas, Comandante do Ex\u00e9rcito, reafirma que a atua\u00e7\u00e3o da For\u00e7a Terrestre tem por base os pilares da estabilidade, legalidade e legitimidade, e ressalta a coes\u00e3o e unidade de pensamento entre as For\u00e7as Armadas.<\/p>\n<p>*CENTRO DE COMUNICA\u00c7\u00c3O SOCIAL DO EX\u00c9RCITO*<\/p>\n","protected":false},"excerpt":{"rendered":"<p>247 \u2013 Em nota divulgada nesta noite, o comandante do Ex\u00e9rcito, general Villas Boas, deixou claro que Michel Temer, investigado por diversos crimes, n\u00e3o tem apoio da tropa para levar adiante qualquer aventura golpista.<\/p>\n","protected":false},"author":1,"featured_media":0,"comment_status":"closed","ping_status":"open","sticky":false,"template":"","format":"standard","meta":{"_exactmetrics_skip_tracking":false,"_exactmetrics_sitenote_active":false,"_exactmetrics_sitenote_note":"","_exactmetrics_sitenote_category":0,"jetpack_post_was_ever_published":false,"_jetpack_newsletter_access":"","_jetpack_dont_email_post_to_subs":false,"_jetpack_newsletter_tier_id":0,"_jetpack_memberships_contains_paywalled_content":false,"_jetpack_memberships_contains_paid_content":false,"footnotes":"","jetpack_publicize_message":"","jetpack_publicize_feature_enabled":true,"jetpack_social_post_already_shared":true,"jetpack_social_options":{"image_generator_settings":{"template":"highway","enabled":false},"version":2}},"categories":[1],"tags":[],"class_list":["post-10833","post","type-post","status-publish","format-standard","hentry","category-notas"],"jetpack_publicize_connections":[],"jetpack_sharing_enabled":true,"jetpack_featured_media_url":"","jetpack_shortlink":"https:\/\/wp.me\/p7wKYW-2OJ","jetpack-related-posts":[],"_links":{"self":[{"href":"http:\/\/blogdalucianaoliveira.com.br\/blog\/wp-json\/wp\/v2\/posts\/10833","targetHints":{"allow":["GET"]}}],"collection":[{"href":"http:\/\/blogdalucianaoliveira.com.br\/blog\/wp-json\/wp\/v2\/posts"}],"about":[{"href":"http:\/\/blogdalucianaoliveira.com.br\/blog\/wp-json\/wp\/v2\/types\/post"}],"author":[{"embeddable":true,"href":"http:\/\/blogdalucianaoliveira.com.br\/blog\/wp-json\/wp\/v2\/users\/1"}],"replies":[{"embeddable":true,"href":"http:\/\/blogdalucianaoliveira.com.br\/blog\/wp-json\/wp\/v2\/comments?post=10833"}],"version-history":[{"count":1,"href":"http:\/\/blogdalucianaoliveira.com.br\/blog\/wp-json\/wp\/v2\/posts\/10833\/revisions"}],"predecessor-version":[{"id":10835,"href":"http:\/\/blogdalucianaoliveira.com.br\/blog\/wp-json\/wp\/v2\/posts\/10833\/revisions\/10835"}],"wp:attachment":[{"href":"http:\/\/blogdalucianaoliveira.com.br\/blog\/wp-json\/wp\/v2\/media?parent=10833"}],"wp:term":[{"taxonomy":"category","embeddable":true,"href":"http:\/\/blogdalucianaoliveira.com.br\/blog\/wp-json\/wp\/v2\/categories?post=10833"},{"taxonomy":"post_tag","embeddable":true,"href":"http:\/\/blogdalucianaoliveira.com.br\/blog\/wp-json\/wp\/v2\/tags?post=10833"}],"curies":[{"name":"wp","href":"https:\/\/api.w.org\/{rel}","templated":true}]}}