{"id":10856,"date":"2017-05-20T10:29:03","date_gmt":"2017-05-20T14:29:03","guid":{"rendered":"http:\/\/blogdalucianaoliveira.com.br\/blog\/?p=10856"},"modified":"2017-05-20T10:29:03","modified_gmt":"2017-05-20T14:29:03","slug":"irma-de-aecio-ofereceu-o-comando-da-vale-a-joesley-por-r-40-milhoes","status":"publish","type":"post","link":"http:\/\/blogdalucianaoliveira.com.br\/blog\/2017\/05\/20\/irma-de-aecio-ofereceu-o-comando-da-vale-a-joesley-por-r-40-milhoes\/","title":{"rendered":"IRM\u00c3 DE A\u00c9CIO OFERECEU O COMANDO DA VALE A JOESLEY POR R$ 40 MILH\u00d5ES"},"content":{"rendered":"<p><img data-recalc-dims=\"1\" loading=\"lazy\" decoding=\"async\" data-attachment-id=\"10857\" data-permalink=\"http:\/\/blogdalucianaoliveira.com.br\/blog\/2017\/05\/20\/irma-de-aecio-ofereceu-o-comando-da-vale-a-joesley-por-r-40-milhoes\/irrm\/\" data-orig-file=\"https:\/\/i0.wp.com\/blogdalucianaoliveira.com.br\/blog\/wp-content\/uploads\/2017\/05\/irrm.jpg?fit=1000%2C357\" data-orig-size=\"1000,357\" data-comments-opened=\"0\" data-image-meta=\"{&quot;aperture&quot;:&quot;0&quot;,&quot;credit&quot;:&quot;&quot;,&quot;camera&quot;:&quot;&quot;,&quot;caption&quot;:&quot;&quot;,&quot;created_timestamp&quot;:&quot;0&quot;,&quot;copyright&quot;:&quot;&quot;,&quot;focal_length&quot;:&quot;0&quot;,&quot;iso&quot;:&quot;0&quot;,&quot;shutter_speed&quot;:&quot;0&quot;,&quot;title&quot;:&quot;&quot;,&quot;orientation&quot;:&quot;0&quot;}\" data-image-title=\"irrm\" data-image-description=\"\" data-image-caption=\"\" data-medium-file=\"https:\/\/i0.wp.com\/blogdalucianaoliveira.com.br\/blog\/wp-content\/uploads\/2017\/05\/irrm.jpg?fit=300%2C107\" data-large-file=\"https:\/\/i0.wp.com\/blogdalucianaoliveira.com.br\/blog\/wp-content\/uploads\/2017\/05\/irrm.jpg?fit=600%2C214\" src=\"https:\/\/i0.wp.com\/blogdalucianaoliveira.com.br\/blog\/wp-content\/uploads\/2017\/05\/irrm.jpg?resize=600%2C214\" alt=\"irrm\" width=\"600\" height=\"214\" class=\"alignnone size-full wp-image-10857\" srcset=\"https:\/\/i0.wp.com\/blogdalucianaoliveira.com.br\/blog\/wp-content\/uploads\/2017\/05\/irrm.jpg?w=1000 1000w, https:\/\/i0.wp.com\/blogdalucianaoliveira.com.br\/blog\/wp-content\/uploads\/2017\/05\/irrm.jpg?resize=300%2C107 300w, https:\/\/i0.wp.com\/blogdalucianaoliveira.com.br\/blog\/wp-content\/uploads\/2017\/05\/irrm.jpg?resize=768%2C274 768w, https:\/\/i0.wp.com\/blogdalucianaoliveira.com.br\/blog\/wp-content\/uploads\/2017\/05\/irrm.jpg?resize=800%2C286 800w\" sizes=\"auto, (max-width: 600px) 100vw, 600px\" \/><\/p>\n<p>Minas 247 &#8211; Em depoimento de dela\u00e7\u00e3o premiada \u00e0 Procuradoria-Geral da Rep\u00fablica, o empres\u00e1rio Joesley Batista, dono da JBS, relatou que a empres\u00e1ria Andrea Neves, irm\u00e3 do senador A\u00e9cio Neves e que est\u00e1 presa em Belo Horizonte, pediu R$ 40 milh\u00f5es em propina. <!--more--><\/p>\n<p>Conforme um dos depoimentos do delator, Andrea cobrou os R$ 40 milh\u00f5es para a compra de um apartamento da m\u00e3e. Nesse contexto, ele explicou que pediu a A\u00e9cio a nomea\u00e7\u00e3o de Aldemir Bendine, ex-presidente da Petrobras, para presidir a Vale.<\/p>\n<p>O dono da JBS explicou que, com a nomea\u00e7\u00e3o de Bendine, resolveria o problema dos R$ 40 milh\u00f5es pedidos por Andrea. Mas A\u00e9cio, segundo ele, disse que j\u00e1 havia indicado outra pessoa para a vaga, dando a ele a oportunidade de escolher qualquer uma das outras diretorias da mineradora. O tucano teria dito para o delator esquecer o pedido milion\u00e1rio da irm\u00e3, pois todos os contatos seriam feitos com ele pr\u00f3prio.<\/p>\n<p>O ministro Edson Fachin, relator da Lava Jato no Supremo Tribunal Federal (STF), entendeu ser &#8220;imprescind\u00edvel&#8221; a decreta\u00e7\u00e3o da pris\u00e3o de A\u00e9cio, mas n\u00e3o o fez, justificando que a Constitui\u00e7\u00e3o n\u00e3o autoriza encarcerar integrantes do Congresso, salvo &#8220;em flagrante de crime inafian\u00e7\u00e1vel&#8221;.<\/p>\n","protected":false},"excerpt":{"rendered":"<p>Minas 247 &#8211; Em depoimento de dela\u00e7\u00e3o premiada \u00e0 Procuradoria-Geral da Rep\u00fablica, o empres\u00e1rio Joesley Batista, dono da JBS, relatou que a empres\u00e1ria Andrea Neves, irm\u00e3 do senador A\u00e9cio Neves e que est\u00e1 presa em Belo Horizonte, pediu R$ 40 milh\u00f5es em propina.<\/p>\n","protected":false},"author":1,"featured_media":0,"comment_status":"closed","ping_status":"open","sticky":false,"template":"","format":"standard","meta":{"_exactmetrics_skip_tracking":false,"_exactmetrics_sitenote_active":false,"_exactmetrics_sitenote_note":"","_exactmetrics_sitenote_category":0,"jetpack_post_was_ever_published":false,"_jetpack_newsletter_access":"","_jetpack_dont_email_post_to_subs":false,"_jetpack_newsletter_tier_id":0,"_jetpack_memberships_contains_paywalled_content":false,"_jetpack_memberships_contains_paid_content":false,"footnotes":"","jetpack_publicize_message":"","jetpack_publicize_feature_enabled":true,"jetpack_social_post_already_shared":true,"jetpack_social_options":{"image_generator_settings":{"template":"highway","enabled":false},"version":2}},"categories":[1],"tags":[],"class_list":["post-10856","post","type-post","status-publish","format-standard","hentry","category-notas"],"jetpack_publicize_connections":[],"jetpack_sharing_enabled":true,"jetpack_featured_media_url":"","jetpack_shortlink":"https:\/\/wp.me\/p7wKYW-2P6","jetpack-related-posts":[],"_links":{"self":[{"href":"http:\/\/blogdalucianaoliveira.com.br\/blog\/wp-json\/wp\/v2\/posts\/10856","targetHints":{"allow":["GET"]}}],"collection":[{"href":"http:\/\/blogdalucianaoliveira.com.br\/blog\/wp-json\/wp\/v2\/posts"}],"about":[{"href":"http:\/\/blogdalucianaoliveira.com.br\/blog\/wp-json\/wp\/v2\/types\/post"}],"author":[{"embeddable":true,"href":"http:\/\/blogdalucianaoliveira.com.br\/blog\/wp-json\/wp\/v2\/users\/1"}],"replies":[{"embeddable":true,"href":"http:\/\/blogdalucianaoliveira.com.br\/blog\/wp-json\/wp\/v2\/comments?post=10856"}],"version-history":[{"count":1,"href":"http:\/\/blogdalucianaoliveira.com.br\/blog\/wp-json\/wp\/v2\/posts\/10856\/revisions"}],"predecessor-version":[{"id":10858,"href":"http:\/\/blogdalucianaoliveira.com.br\/blog\/wp-json\/wp\/v2\/posts\/10856\/revisions\/10858"}],"wp:attachment":[{"href":"http:\/\/blogdalucianaoliveira.com.br\/blog\/wp-json\/wp\/v2\/media?parent=10856"}],"wp:term":[{"taxonomy":"category","embeddable":true,"href":"http:\/\/blogdalucianaoliveira.com.br\/blog\/wp-json\/wp\/v2\/categories?post=10856"},{"taxonomy":"post_tag","embeddable":true,"href":"http:\/\/blogdalucianaoliveira.com.br\/blog\/wp-json\/wp\/v2\/tags?post=10856"}],"curies":[{"name":"wp","href":"https:\/\/api.w.org\/{rel}","templated":true}]}}