{"id":10860,"date":"2017-05-20T11:33:47","date_gmt":"2017-05-20T15:33:47","guid":{"rendered":"http:\/\/blogdalucianaoliveira.com.br\/blog\/?p=10860"},"modified":"2017-05-20T11:45:25","modified_gmt":"2017-05-20T15:45:25","slug":"vem-pra-rua-diz-para-o-povo-nao-ir-as-ruas-pra-lutar-por-eleicoes-diretas","status":"publish","type":"post","link":"http:\/\/blogdalucianaoliveira.com.br\/blog\/2017\/05\/20\/vem-pra-rua-diz-para-o-povo-nao-ir-as-ruas-pra-lutar-por-eleicoes-diretas\/","title":{"rendered":"VEM PRA RUA DIZ PARA O POVO N\u00c3O IR \u00c0S RUAS LUTAR POR ELEI\u00c7\u00d5ES DIRETAS"},"content":{"rendered":"<p><img data-recalc-dims=\"1\" loading=\"lazy\" decoding=\"async\" data-attachment-id=\"10861\" data-permalink=\"http:\/\/blogdalucianaoliveira.com.br\/blog\/2017\/05\/20\/vem-pra-rua-diz-para-o-povo-nao-ir-as-ruas-pra-lutar-por-eleicoes-diretas\/vem\/\" data-orig-file=\"https:\/\/i0.wp.com\/blogdalucianaoliveira.com.br\/blog\/wp-content\/uploads\/2017\/05\/vem.jpg?fit=480%2C480\" data-orig-size=\"480,480\" data-comments-opened=\"0\" data-image-meta=\"{&quot;aperture&quot;:&quot;0&quot;,&quot;credit&quot;:&quot;&quot;,&quot;camera&quot;:&quot;&quot;,&quot;caption&quot;:&quot;&quot;,&quot;created_timestamp&quot;:&quot;0&quot;,&quot;copyright&quot;:&quot;&quot;,&quot;focal_length&quot;:&quot;0&quot;,&quot;iso&quot;:&quot;0&quot;,&quot;shutter_speed&quot;:&quot;0&quot;,&quot;title&quot;:&quot;&quot;,&quot;orientation&quot;:&quot;0&quot;}\" data-image-title=\"vem\" data-image-description=\"\" data-image-caption=\"\" data-medium-file=\"https:\/\/i0.wp.com\/blogdalucianaoliveira.com.br\/blog\/wp-content\/uploads\/2017\/05\/vem.jpg?fit=300%2C300\" data-large-file=\"https:\/\/i0.wp.com\/blogdalucianaoliveira.com.br\/blog\/wp-content\/uploads\/2017\/05\/vem.jpg?fit=480%2C480\" src=\"https:\/\/i0.wp.com\/blogdalucianaoliveira.com.br\/blog\/wp-content\/uploads\/2017\/05\/vem.jpg?resize=480%2C480\" alt=\"vem\" width=\"480\" height=\"480\" class=\"alignnone size-full wp-image-10861\" srcset=\"https:\/\/i0.wp.com\/blogdalucianaoliveira.com.br\/blog\/wp-content\/uploads\/2017\/05\/vem.jpg?w=480 480w, https:\/\/i0.wp.com\/blogdalucianaoliveira.com.br\/blog\/wp-content\/uploads\/2017\/05\/vem.jpg?resize=150%2C150 150w, https:\/\/i0.wp.com\/blogdalucianaoliveira.com.br\/blog\/wp-content\/uploads\/2017\/05\/vem.jpg?resize=300%2C300 300w\" sizes=\"auto, (max-width: 480px) 100vw, 480px\" \/><\/p>\n<p>Quem se juntou ao Movimento Vem Pra Rua acreditando lutar por democracia e pela moraliza\u00e7\u00e3o na pol\u00edtica, se frustrou com o comunicado publicado nas redes sociais.<!--more--><\/p>\n<p>O Brasil em chamas pelo esc\u00e2ndalo que desnuda como, quantos e quanto receberam os art\u00edfices e apoiadores do golpe para depor uma presidenta eleita e o movimento repudia elei\u00e7\u00f5es diretas.<\/p>\n<p>Impressiona a &#8216;confian\u00e7a&#8217; dos l\u00edderes do movimento em deputados e senadores que s\u00e3o citados por corrup\u00e7\u00e3o em dela\u00e7\u00f5es, ao orientar seus seguidores a n\u00e3o lutarem pelo direito a escolher o novo presidente do Brasil.<\/p>\n<p>Um ato que chegou a ser anunciado em pelo menos 20 cidades no pr\u00f3ximo domingo, foi cancelado com a desculpa de que a Pol\u00edcia Militar n\u00e3o garantiu seguran\u00e7a.<\/p>\n<p>Procurada pela BBC Brasil, a Pol\u00edcia Militar negou a informa\u00e7\u00e3o.<\/p>\n<p>&#8220;Em nenhum momento, a PM informou que n\u00e3o haveria possibilidade de garantir a seguran\u00e7a de participantes&#8221;, disse a Secretaria da Seguran\u00e7a P\u00fablica do Estado. Como sempre ocorre nessas situa\u00e7\u00f5es, houve um alerta por parte da PM de que outros grupos, de vis\u00f5es antag\u00f4nicas, estariam se manifestando na mesma data e que cada um deles poderia exercer o seu direito constitucional em lugares espec\u00edficos para n\u00e3o haver a possibilidade de desaven\u00e7as&#8221;, informou, em nota.<\/p>\n","protected":false},"excerpt":{"rendered":"<p>Quem se juntou ao Movimento Vem Pra Rua acreditando lutar por democracia e pela moraliza\u00e7\u00e3o na pol\u00edtica, se frustrou com o comunicado publicado nas redes sociais.<\/p>\n","protected":false},"author":1,"featured_media":0,"comment_status":"closed","ping_status":"open","sticky":false,"template":"","format":"standard","meta":{"_exactmetrics_skip_tracking":false,"_exactmetrics_sitenote_active":false,"_exactmetrics_sitenote_note":"","_exactmetrics_sitenote_category":0,"jetpack_post_was_ever_published":false,"_jetpack_newsletter_access":"","_jetpack_dont_email_post_to_subs":false,"_jetpack_newsletter_tier_id":0,"_jetpack_memberships_contains_paywalled_content":false,"_jetpack_memberships_contains_paid_content":false,"footnotes":"","jetpack_publicize_message":"","jetpack_publicize_feature_enabled":true,"jetpack_social_post_already_shared":true,"jetpack_social_options":{"image_generator_settings":{"template":"highway","enabled":false},"version":2}},"categories":[1],"tags":[],"class_list":["post-10860","post","type-post","status-publish","format-standard","hentry","category-notas"],"jetpack_publicize_connections":[],"jetpack_sharing_enabled":true,"jetpack_featured_media_url":"","jetpack_shortlink":"https:\/\/wp.me\/p7wKYW-2Pa","jetpack-related-posts":[],"_links":{"self":[{"href":"http:\/\/blogdalucianaoliveira.com.br\/blog\/wp-json\/wp\/v2\/posts\/10860","targetHints":{"allow":["GET"]}}],"collection":[{"href":"http:\/\/blogdalucianaoliveira.com.br\/blog\/wp-json\/wp\/v2\/posts"}],"about":[{"href":"http:\/\/blogdalucianaoliveira.com.br\/blog\/wp-json\/wp\/v2\/types\/post"}],"author":[{"embeddable":true,"href":"http:\/\/blogdalucianaoliveira.com.br\/blog\/wp-json\/wp\/v2\/users\/1"}],"replies":[{"embeddable":true,"href":"http:\/\/blogdalucianaoliveira.com.br\/blog\/wp-json\/wp\/v2\/comments?post=10860"}],"version-history":[{"count":5,"href":"http:\/\/blogdalucianaoliveira.com.br\/blog\/wp-json\/wp\/v2\/posts\/10860\/revisions"}],"predecessor-version":[{"id":10866,"href":"http:\/\/blogdalucianaoliveira.com.br\/blog\/wp-json\/wp\/v2\/posts\/10860\/revisions\/10866"}],"wp:attachment":[{"href":"http:\/\/blogdalucianaoliveira.com.br\/blog\/wp-json\/wp\/v2\/media?parent=10860"}],"wp:term":[{"taxonomy":"category","embeddable":true,"href":"http:\/\/blogdalucianaoliveira.com.br\/blog\/wp-json\/wp\/v2\/categories?post=10860"},{"taxonomy":"post_tag","embeddable":true,"href":"http:\/\/blogdalucianaoliveira.com.br\/blog\/wp-json\/wp\/v2\/tags?post=10860"}],"curies":[{"name":"wp","href":"https:\/\/api.w.org\/{rel}","templated":true}]}}