{"id":10871,"date":"2017-05-22T09:58:53","date_gmt":"2017-05-22T13:58:53","guid":{"rendered":"http:\/\/blogdalucianaoliveira.com.br\/blog\/?p=10871"},"modified":"2017-05-22T09:58:53","modified_gmt":"2017-05-22T13:58:53","slug":"temer-mentiu-na-entrevista-a-folha-sobre-encontro-com-joesley-fora-da-agenda","status":"publish","type":"post","link":"http:\/\/blogdalucianaoliveira.com.br\/blog\/2017\/05\/22\/temer-mentiu-na-entrevista-a-folha-sobre-encontro-com-joesley-fora-da-agenda\/","title":{"rendered":"TEMER MENTIU NA ENTREVISTA \u00c0 FOLHA SOBRE ENCONTRO COM JOESLEY FORA DA AGENDA"},"content":{"rendered":"<p><img data-recalc-dims=\"1\" loading=\"lazy\" decoding=\"async\" data-attachment-id=\"10872\" data-permalink=\"http:\/\/blogdalucianaoliveira.com.br\/blog\/2017\/05\/22\/temer-mentiu-na-entrevista-a-folha-sobre-encontro-com-joesley-fora-da-agenda\/se\/\" data-orig-file=\"https:\/\/i0.wp.com\/blogdalucianaoliveira.com.br\/blog\/wp-content\/uploads\/2017\/05\/se.jpg?fit=1000%2C357\" data-orig-size=\"1000,357\" data-comments-opened=\"0\" data-image-meta=\"{&quot;aperture&quot;:&quot;0&quot;,&quot;credit&quot;:&quot;&quot;,&quot;camera&quot;:&quot;&quot;,&quot;caption&quot;:&quot;&quot;,&quot;created_timestamp&quot;:&quot;0&quot;,&quot;copyright&quot;:&quot;&quot;,&quot;focal_length&quot;:&quot;0&quot;,&quot;iso&quot;:&quot;0&quot;,&quot;shutter_speed&quot;:&quot;0&quot;,&quot;title&quot;:&quot;&quot;,&quot;orientation&quot;:&quot;0&quot;}\" data-image-title=\"se\" data-image-description=\"\" data-image-caption=\"\" data-medium-file=\"https:\/\/i0.wp.com\/blogdalucianaoliveira.com.br\/blog\/wp-content\/uploads\/2017\/05\/se.jpg?fit=300%2C107\" data-large-file=\"https:\/\/i0.wp.com\/blogdalucianaoliveira.com.br\/blog\/wp-content\/uploads\/2017\/05\/se.jpg?fit=600%2C214\" src=\"https:\/\/i0.wp.com\/blogdalucianaoliveira.com.br\/blog\/wp-content\/uploads\/2017\/05\/se.jpg?resize=600%2C214\" alt=\"se\" width=\"600\" height=\"214\" class=\"alignnone size-full wp-image-10872\" srcset=\"https:\/\/i0.wp.com\/blogdalucianaoliveira.com.br\/blog\/wp-content\/uploads\/2017\/05\/se.jpg?w=1000 1000w, https:\/\/i0.wp.com\/blogdalucianaoliveira.com.br\/blog\/wp-content\/uploads\/2017\/05\/se.jpg?resize=300%2C107 300w, https:\/\/i0.wp.com\/blogdalucianaoliveira.com.br\/blog\/wp-content\/uploads\/2017\/05\/se.jpg?resize=768%2C274 768w, https:\/\/i0.wp.com\/blogdalucianaoliveira.com.br\/blog\/wp-content\/uploads\/2017\/05\/se.jpg?resize=800%2C286 800w\" sizes=\"auto, (max-width: 600px) 100vw, 600px\" \/><\/p>\n<p>247 \u2013 Michel Temer, flagrado pela Pol\u00edcia Federal cometendo v\u00e1rios crimes, tamb\u00e9m mentiu na entrevista publicada pela Folha nesta segunda-feira.<!--more--><\/p>\n<p>Ele disse que recebeu o empres\u00e1rio Joesley Batista no subsolo do Pal\u00e1cio do Jaburu, de fim da noite de 7 de mar\u00e7o, porque imaginava que ele viesse falar sobre a Opera\u00e7\u00e3o Carne Fraca \u2013 e n\u00e3o sobre as a\u00e7\u00f5es penais em que \u00e9 r\u00e9u.<\/p>\n<p>Ocorre que a Carne Fraca s\u00f3 aconteceu dez dias depois do encontro entre Temer e Joesley, no dia 17 de mar\u00e7o.<\/p>\n<p>Cada vez mais isolado, Temer pode cair momento, embora tenha dito que n\u00e3o ir\u00e1 renunciar. Seus \u00faltimos aliados, como o ex-presidente Fernando Henrique Cardoso, j\u00e1 falam em ren\u00fancia (leia aqui).<\/p>\n<p>Quem descobriu a mentira de Temer foi o jornalista Eduardo Bresciani. Abaixo, sua reportagem:<\/p>\n<p>BRAS\u00cdLIA &#8211; O presidente da Rep\u00fablica, Michel Temer, afirmou que o motivo para ter recebido o empres\u00e1rio Joesley Batista, da JBS, na calada da noite no Pal\u00e1cio do Jaburu no dia 7 de mar\u00e7o foi a Opera\u00e7\u00e3o Carne Fraca, mas tal investiga\u00e7\u00e3o s\u00f3 foi deflagrada dez dias depois, no dia 17 de mar\u00e7o. Em entrevista ao jornal \u201cFolha de S\u00e3o Paulo\u201d, o presidente justificou a opera\u00e7\u00e3o que abalou o setor de carnes como motivo para o encontro.<\/p>\n<p>&#8211; Mas veja bem. Ele \u00e9 um grande empres\u00e1rio. Quanto tentou muitas vezes falar comigo, achei que fosse por quest\u00e3o da Carne Fraca. Eu disse: \u201cVenha quando for poss\u00edvel, eu atendo todo mundo\u201d \u2013 disse Temer na entrevista.<\/p>\n<p>O encontro de Temer por Joesley ocorreu no dia 7 de mar\u00e7o, como confirmado por ambos, e \u00e9 poss\u00edvel ouvir no \u00e1udio pela programa\u00e7\u00e3o da r\u00e1dio CBN, que o empres\u00e1rio ouvia em seu carro quando entrou no Pal\u00e1cio do Jaburu.<\/p>\n<p>A Opera\u00e7\u00e3o Carne Fraca, por\u00e9m, s\u00f3 foi deflagrada dez dias depois. O governo disse, na ocasi\u00e3o, ter sido pego de surpresa com a investiga\u00e7\u00e3o, que mostrou fiscais agropecu\u00e1rios cobrando propina de empresas do setor e levantou d\u00favidas sobre a qualidade da carne brasileira. Um funcion\u00e1rio da JBS foi citado naquela Opera\u00e7\u00e3o.<\/p>\n<p>Temer afirmou ainda na entrevista n\u00e3o saber do fato de que Joesley era investigado. Dias antes do encontro, por\u00e9m, teve amplo destaque no notici\u00e1rio o fato de o Minist\u00e9rio P\u00fablico ter pedido o bloqueio de bens do empres\u00e1rio em uma das investiga\u00e7\u00f5es. Joesley j\u00e1 era alvo das Opera\u00e7\u00f5es S\u00e9psis, Greenfield e Cui Bono? quando foi recebido por Temer e lhe revelou qual a estrat\u00e9gia que vinha desenvolvendo para se livrar das investiga\u00e7\u00f5es.<\/p>\n","protected":false},"excerpt":{"rendered":"<p>247 \u2013 Michel Temer, flagrado pela Pol\u00edcia Federal cometendo v\u00e1rios crimes, tamb\u00e9m mentiu na entrevista publicada pela Folha nesta segunda-feira.<\/p>\n","protected":false},"author":1,"featured_media":0,"comment_status":"closed","ping_status":"open","sticky":false,"template":"","format":"standard","meta":{"_exactmetrics_skip_tracking":false,"_exactmetrics_sitenote_active":false,"_exactmetrics_sitenote_note":"","_exactmetrics_sitenote_category":0,"jetpack_post_was_ever_published":false,"_jetpack_newsletter_access":"","_jetpack_dont_email_post_to_subs":false,"_jetpack_newsletter_tier_id":0,"_jetpack_memberships_contains_paywalled_content":false,"_jetpack_memberships_contains_paid_content":false,"footnotes":"","jetpack_publicize_message":"","jetpack_publicize_feature_enabled":true,"jetpack_social_post_already_shared":true,"jetpack_social_options":{"image_generator_settings":{"template":"highway","enabled":false},"version":2}},"categories":[1],"tags":[],"class_list":["post-10871","post","type-post","status-publish","format-standard","hentry","category-notas"],"jetpack_publicize_connections":[],"jetpack_sharing_enabled":true,"jetpack_featured_media_url":"","jetpack_shortlink":"https:\/\/wp.me\/p7wKYW-2Pl","jetpack-related-posts":[],"_links":{"self":[{"href":"http:\/\/blogdalucianaoliveira.com.br\/blog\/wp-json\/wp\/v2\/posts\/10871","targetHints":{"allow":["GET"]}}],"collection":[{"href":"http:\/\/blogdalucianaoliveira.com.br\/blog\/wp-json\/wp\/v2\/posts"}],"about":[{"href":"http:\/\/blogdalucianaoliveira.com.br\/blog\/wp-json\/wp\/v2\/types\/post"}],"author":[{"embeddable":true,"href":"http:\/\/blogdalucianaoliveira.com.br\/blog\/wp-json\/wp\/v2\/users\/1"}],"replies":[{"embeddable":true,"href":"http:\/\/blogdalucianaoliveira.com.br\/blog\/wp-json\/wp\/v2\/comments?post=10871"}],"version-history":[{"count":1,"href":"http:\/\/blogdalucianaoliveira.com.br\/blog\/wp-json\/wp\/v2\/posts\/10871\/revisions"}],"predecessor-version":[{"id":10873,"href":"http:\/\/blogdalucianaoliveira.com.br\/blog\/wp-json\/wp\/v2\/posts\/10871\/revisions\/10873"}],"wp:attachment":[{"href":"http:\/\/blogdalucianaoliveira.com.br\/blog\/wp-json\/wp\/v2\/media?parent=10871"}],"wp:term":[{"taxonomy":"category","embeddable":true,"href":"http:\/\/blogdalucianaoliveira.com.br\/blog\/wp-json\/wp\/v2\/categories?post=10871"},{"taxonomy":"post_tag","embeddable":true,"href":"http:\/\/blogdalucianaoliveira.com.br\/blog\/wp-json\/wp\/v2\/tags?post=10871"}],"curies":[{"name":"wp","href":"https:\/\/api.w.org\/{rel}","templated":true}]}}