{"id":10874,"date":"2017-05-22T10:05:19","date_gmt":"2017-05-22T14:05:19","guid":{"rendered":"http:\/\/blogdalucianaoliveira.com.br\/blog\/?p=10874"},"modified":"2017-05-22T10:05:19","modified_gmt":"2017-05-22T14:05:19","slug":"temer-desafia-o-brasil-e-diz-se-quiserem-me-derrubem","status":"publish","type":"post","link":"http:\/\/blogdalucianaoliveira.com.br\/blog\/2017\/05\/22\/temer-desafia-o-brasil-e-diz-se-quiserem-me-derrubem\/","title":{"rendered":"TEMER DESAFIA O BRASIL E DIZ: SE QUISEREM, ME DERRUBEM"},"content":{"rendered":"<p><img data-recalc-dims=\"1\" loading=\"lazy\" decoding=\"async\" data-attachment-id=\"10875\" data-permalink=\"http:\/\/blogdalucianaoliveira.com.br\/blog\/2017\/05\/22\/temer-desafia-o-brasil-e-diz-se-quiserem-me-derrubem\/em\/\" data-orig-file=\"https:\/\/i0.wp.com\/blogdalucianaoliveira.com.br\/blog\/wp-content\/uploads\/2017\/05\/em.jpg?fit=1004%2C357\" data-orig-size=\"1004,357\" data-comments-opened=\"0\" data-image-meta=\"{&quot;aperture&quot;:&quot;0&quot;,&quot;credit&quot;:&quot;&quot;,&quot;camera&quot;:&quot;&quot;,&quot;caption&quot;:&quot;&quot;,&quot;created_timestamp&quot;:&quot;0&quot;,&quot;copyright&quot;:&quot;&quot;,&quot;focal_length&quot;:&quot;0&quot;,&quot;iso&quot;:&quot;0&quot;,&quot;shutter_speed&quot;:&quot;0&quot;,&quot;title&quot;:&quot;&quot;,&quot;orientation&quot;:&quot;0&quot;}\" data-image-title=\"em\" data-image-description=\"\" data-image-caption=\"\" data-medium-file=\"https:\/\/i0.wp.com\/blogdalucianaoliveira.com.br\/blog\/wp-content\/uploads\/2017\/05\/em.jpg?fit=300%2C107\" data-large-file=\"https:\/\/i0.wp.com\/blogdalucianaoliveira.com.br\/blog\/wp-content\/uploads\/2017\/05\/em.jpg?fit=600%2C213\" src=\"https:\/\/i0.wp.com\/blogdalucianaoliveira.com.br\/blog\/wp-content\/uploads\/2017\/05\/em.jpg?resize=600%2C213\" alt=\"em\" width=\"600\" height=\"213\" class=\"alignnone size-full wp-image-10875\" srcset=\"https:\/\/i0.wp.com\/blogdalucianaoliveira.com.br\/blog\/wp-content\/uploads\/2017\/05\/em.jpg?w=1004 1004w, https:\/\/i0.wp.com\/blogdalucianaoliveira.com.br\/blog\/wp-content\/uploads\/2017\/05\/em.jpg?resize=300%2C107 300w, https:\/\/i0.wp.com\/blogdalucianaoliveira.com.br\/blog\/wp-content\/uploads\/2017\/05\/em.jpg?resize=768%2C273 768w, https:\/\/i0.wp.com\/blogdalucianaoliveira.com.br\/blog\/wp-content\/uploads\/2017\/05\/em.jpg?resize=800%2C284 800w\" sizes=\"auto, (max-width: 600px) 100vw, 600px\" \/><\/p>\n<p>247 &#8211; Gravado por Joesley Batista avalizando o pagamento pelo sil\u00eancio de Eduardo Cunha, Michel Temer nega o \u00f3bvio: que a crise se instalou em seu governo.<!--more--><\/p>\n<p>Em entrevista a Fabio Zanini, Daniela Lima e Marina Dias na Folha de S.Paulo, o peemedebista, rejeitado por 92% dos brasileiros, desafia a popula\u00e7\u00e3o e diz que n\u00e3o sai do cargo. <\/p>\n<p>&#8220;Agora, mantenho a serenidade, especialmente na medida em que eu disse: eu n\u00e3o vou renunciar. Se quiserem, me derrubem, porque, se eu renuncio, \u00e9 uma declara\u00e7\u00e3o de culpa.&#8221;<\/p>\n<p>Apesar do extenso notici\u00e1rio sobre as opera\u00e7\u00f5es Carne Fraca e Cui Bono, em que Joesley Batista \u00e9 citado, Temer disse que desconhecia que o empres\u00e1rio estivesse sendo investigado. <\/p>\n<p>Apesar das v\u00e1rias d\u00e9cadas de articula\u00e7\u00e3o pol\u00edtica, ele diz que agiu com ingenuidade ao receber Joesley na resid\u00eancia oficial, tarde da noite, e sem registro p\u00fablico da agenda, como manda a lei.<\/p>\n<p>&#8220;Ingenuidade. Fui ing\u00eanuo ao receber uma pessoa naquele momento.&#8221;<\/p>\n<p>Temer demonstrou ainda que tem o PSDB como ref\u00e9m. Questionado sobre at\u00e9 quando dura o apoio dos tucanos, ele n\u00e3o titubeou: &#8220;At\u00e9 31\/12 de 2018.&#8221;<\/p>\n<p>Temer disse ainda que Rodrigo Rocha Loures, flagrado recebendo uma mala de R$ 500 mil em nome dele, \u00e9 de &#8220;boa \u00edndole&#8221;.<\/p>\n<p>Sobre Rodrigo Rocha Loures, flagrado recebendo uma mala de R$ 500 mil em nome dele, Temer avaliou que ele \u00e9 de &#8220;boa \u00edndole&#8221;<\/p>\n<p>&#8220;Ele \u00e9 um homem, coitado, ele \u00e9 de boa \u00edndole, de muito boa \u00edndole. Eu o conheci como deputado, depois foi para o meu gabinete na Vice-Presid\u00eancia, depois me acompanhou na Presid\u00eancia, mas um homem de muito boa \u00edndole.&#8221;<\/p>\n","protected":false},"excerpt":{"rendered":"<p>247 &#8211; Gravado por Joesley Batista avalizando o pagamento pelo sil\u00eancio de Eduardo Cunha, Michel Temer nega o \u00f3bvio: que a crise se instalou em seu governo.<\/p>\n","protected":false},"author":1,"featured_media":0,"comment_status":"closed","ping_status":"open","sticky":false,"template":"","format":"standard","meta":{"_exactmetrics_skip_tracking":false,"_exactmetrics_sitenote_active":false,"_exactmetrics_sitenote_note":"","_exactmetrics_sitenote_category":0,"jetpack_post_was_ever_published":false,"_jetpack_newsletter_access":"","_jetpack_dont_email_post_to_subs":false,"_jetpack_newsletter_tier_id":0,"_jetpack_memberships_contains_paywalled_content":false,"_jetpack_memberships_contains_paid_content":false,"footnotes":"","jetpack_publicize_message":"","jetpack_publicize_feature_enabled":true,"jetpack_social_post_already_shared":true,"jetpack_social_options":{"image_generator_settings":{"template":"highway","enabled":false},"version":2}},"categories":[1],"tags":[],"class_list":["post-10874","post","type-post","status-publish","format-standard","hentry","category-notas"],"jetpack_publicize_connections":[],"jetpack_sharing_enabled":true,"jetpack_featured_media_url":"","jetpack_shortlink":"https:\/\/wp.me\/p7wKYW-2Po","jetpack-related-posts":[],"_links":{"self":[{"href":"http:\/\/blogdalucianaoliveira.com.br\/blog\/wp-json\/wp\/v2\/posts\/10874","targetHints":{"allow":["GET"]}}],"collection":[{"href":"http:\/\/blogdalucianaoliveira.com.br\/blog\/wp-json\/wp\/v2\/posts"}],"about":[{"href":"http:\/\/blogdalucianaoliveira.com.br\/blog\/wp-json\/wp\/v2\/types\/post"}],"author":[{"embeddable":true,"href":"http:\/\/blogdalucianaoliveira.com.br\/blog\/wp-json\/wp\/v2\/users\/1"}],"replies":[{"embeddable":true,"href":"http:\/\/blogdalucianaoliveira.com.br\/blog\/wp-json\/wp\/v2\/comments?post=10874"}],"version-history":[{"count":1,"href":"http:\/\/blogdalucianaoliveira.com.br\/blog\/wp-json\/wp\/v2\/posts\/10874\/revisions"}],"predecessor-version":[{"id":10876,"href":"http:\/\/blogdalucianaoliveira.com.br\/blog\/wp-json\/wp\/v2\/posts\/10874\/revisions\/10876"}],"wp:attachment":[{"href":"http:\/\/blogdalucianaoliveira.com.br\/blog\/wp-json\/wp\/v2\/media?parent=10874"}],"wp:term":[{"taxonomy":"category","embeddable":true,"href":"http:\/\/blogdalucianaoliveira.com.br\/blog\/wp-json\/wp\/v2\/categories?post=10874"},{"taxonomy":"post_tag","embeddable":true,"href":"http:\/\/blogdalucianaoliveira.com.br\/blog\/wp-json\/wp\/v2\/tags?post=10874"}],"curies":[{"name":"wp","href":"https:\/\/api.w.org\/{rel}","templated":true}]}}