{"id":1089,"date":"2016-05-20T08:49:22","date_gmt":"2016-05-20T12:49:22","guid":{"rendered":"http:\/\/blogdalucianaoliveira.com.br\/blog\/?p=1089"},"modified":"2016-05-20T08:49:22","modified_gmt":"2016-05-20T12:49:22","slug":"ato-contra-temer-e-de-apoio-a-dilma-hoje-em-bh","status":"publish","type":"post","link":"http:\/\/blogdalucianaoliveira.com.br\/blog\/2016\/05\/20\/ato-contra-temer-e-de-apoio-a-dilma-hoje-em-bh\/","title":{"rendered":"Ato contra Temer e de apoio \u00e0 Dilma hoje em BH"},"content":{"rendered":"<p><img data-recalc-dims=\"1\" loading=\"lazy\" decoding=\"async\" data-attachment-id=\"1090\" data-permalink=\"http:\/\/blogdalucianaoliveira.com.br\/blog\/2016\/05\/20\/ato-contra-temer-e-de-apoio-a-dilma-hoje-em-bh\/image-247\/\" data-orig-file=\"https:\/\/i0.wp.com\/blogdalucianaoliveira.com.br\/blog\/wp-content\/uploads\/2016\/05\/image-213.jpeg?fit=1000%2C1000\" data-orig-size=\"1000,1000\" data-comments-opened=\"0\" data-image-meta=\"{&quot;aperture&quot;:&quot;0&quot;,&quot;credit&quot;:&quot;&quot;,&quot;camera&quot;:&quot;&quot;,&quot;caption&quot;:&quot;&quot;,&quot;created_timestamp&quot;:&quot;0&quot;,&quot;copyright&quot;:&quot;&quot;,&quot;focal_length&quot;:&quot;0&quot;,&quot;iso&quot;:&quot;0&quot;,&quot;shutter_speed&quot;:&quot;0&quot;,&quot;title&quot;:&quot;&quot;,&quot;orientation&quot;:&quot;1&quot;}\" data-image-title=\"image\" data-image-description=\"\" data-image-caption=\"\" data-medium-file=\"https:\/\/i0.wp.com\/blogdalucianaoliveira.com.br\/blog\/wp-content\/uploads\/2016\/05\/image-213.jpeg?fit=300%2C300\" data-large-file=\"https:\/\/i0.wp.com\/blogdalucianaoliveira.com.br\/blog\/wp-content\/uploads\/2016\/05\/image-213.jpeg?fit=600%2C600\" src=\"https:\/\/i0.wp.com\/blogdalucianaoliveira.com.br\/blog\/wp-content\/uploads\/2016\/05\/image-213.jpeg?resize=600%2C600\" alt=\"image\" width=\"600\" height=\"600\" class=\"alignnone size-full wp-image-1090\" srcset=\"https:\/\/i0.wp.com\/blogdalucianaoliveira.com.br\/blog\/wp-content\/uploads\/2016\/05\/image-213.jpeg?w=1000 1000w, https:\/\/i0.wp.com\/blogdalucianaoliveira.com.br\/blog\/wp-content\/uploads\/2016\/05\/image-213.jpeg?resize=150%2C150 150w, https:\/\/i0.wp.com\/blogdalucianaoliveira.com.br\/blog\/wp-content\/uploads\/2016\/05\/image-213.jpeg?resize=300%2C300 300w, https:\/\/i0.wp.com\/blogdalucianaoliveira.com.br\/blog\/wp-content\/uploads\/2016\/05\/image-213.jpeg?resize=768%2C768 768w\" sizes=\"auto, (max-width: 600px) 100vw, 600px\" \/><\/p>\n<p>Minas Gerais recebe hoje, 20, a presidenta Dilma com grande manifesta\u00e7\u00e3o Fora Temer. <!--more--><\/p>\n<p>Dilma participa \u00e0 noite do 5\u00ba Encontro Nacional de Blogueiros e Ativistas Digitiais. \u00c9 a primeira vez que a presidente eleita pelo voto popular participa de atividade p\u00fablica ap\u00f3s o golpe dado por Michel Temer e seus comparsas. <\/p>\n<p>A Frente Brasil Popular Minas realiza um ato p\u00fablico e marcha, com concentra\u00e7\u00e3o na Pra\u00e7a Afonso Arinos, as 17h, ao lado da Ocupa\u00e7\u00e3o Mata Machado, da Escola de Direito da UFMG. A ocupa\u00e7\u00e3o completou uma semana e os estudantes resistem ao governo ileg\u00edtimo instaurado no pa\u00eds e em defesa do Estado de Direito e a liberdade.<\/p>\n<p>A marcha Fora Temer seguir\u00e1 pelas ruas da Capital mineira e far\u00e1 uma sauda\u00e7\u00e3o \u00e0 presidente Dilma, em frente ao hotel em que ocorrer\u00e1 o encontro dos blogueiros progressistas. De l\u00e1, a passeata seguir\u00e1 para a Ocupa\u00e7\u00e3o da Funarte, uma das onze existentes no pa\u00eds, contra a extin\u00e7\u00e3o do Minist\u00e9rio da Cultura e contra o governo golpista.<\/p>\n<p>Na Ocupa\u00e7\u00e3o da Funarte\/MG haver\u00e1 um abra\u00e7o e homenagem \u00e0 ministra de pol\u00edtica para mulheres, Nilma Lino Gomes, outra pasta extinta pelo desgoverno excludente e conservador. #GolpeN\u00e3o #NenhumDireitoAMenos #ForaTemer #ResistirNasRuas<\/p>\n<p>Fonte: FBP<\/p>\n","protected":false},"excerpt":{"rendered":"<p>Minas Gerais recebe hoje, 20, a presidenta Dilma com grande manifesta\u00e7\u00e3o Fora Temer.<\/p>\n","protected":false},"author":1,"featured_media":0,"comment_status":"closed","ping_status":"open","sticky":false,"template":"","format":"standard","meta":{"_exactmetrics_skip_tracking":false,"_exactmetrics_sitenote_active":false,"_exactmetrics_sitenote_note":"","_exactmetrics_sitenote_category":0,"jetpack_post_was_ever_published":false,"_jetpack_newsletter_access":"","_jetpack_dont_email_post_to_subs":false,"_jetpack_newsletter_tier_id":0,"_jetpack_memberships_contains_paywalled_content":false,"_jetpack_memberships_contains_paid_content":false,"footnotes":"","jetpack_publicize_message":"","jetpack_publicize_feature_enabled":true,"jetpack_social_post_already_shared":true,"jetpack_social_options":{"image_generator_settings":{"template":"highway","enabled":false},"version":2}},"categories":[1],"tags":[],"class_list":["post-1089","post","type-post","status-publish","format-standard","hentry","category-notas"],"jetpack_publicize_connections":[],"jetpack_sharing_enabled":true,"jetpack_featured_media_url":"","jetpack_shortlink":"https:\/\/wp.me\/p7wKYW-hz","jetpack-related-posts":[],"_links":{"self":[{"href":"http:\/\/blogdalucianaoliveira.com.br\/blog\/wp-json\/wp\/v2\/posts\/1089","targetHints":{"allow":["GET"]}}],"collection":[{"href":"http:\/\/blogdalucianaoliveira.com.br\/blog\/wp-json\/wp\/v2\/posts"}],"about":[{"href":"http:\/\/blogdalucianaoliveira.com.br\/blog\/wp-json\/wp\/v2\/types\/post"}],"author":[{"embeddable":true,"href":"http:\/\/blogdalucianaoliveira.com.br\/blog\/wp-json\/wp\/v2\/users\/1"}],"replies":[{"embeddable":true,"href":"http:\/\/blogdalucianaoliveira.com.br\/blog\/wp-json\/wp\/v2\/comments?post=1089"}],"version-history":[{"count":2,"href":"http:\/\/blogdalucianaoliveira.com.br\/blog\/wp-json\/wp\/v2\/posts\/1089\/revisions"}],"predecessor-version":[{"id":1096,"href":"http:\/\/blogdalucianaoliveira.com.br\/blog\/wp-json\/wp\/v2\/posts\/1089\/revisions\/1096"}],"wp:attachment":[{"href":"http:\/\/blogdalucianaoliveira.com.br\/blog\/wp-json\/wp\/v2\/media?parent=1089"}],"wp:term":[{"taxonomy":"category","embeddable":true,"href":"http:\/\/blogdalucianaoliveira.com.br\/blog\/wp-json\/wp\/v2\/categories?post=1089"},{"taxonomy":"post_tag","embeddable":true,"href":"http:\/\/blogdalucianaoliveira.com.br\/blog\/wp-json\/wp\/v2\/tags?post=1089"}],"curies":[{"name":"wp","href":"https:\/\/api.w.org\/{rel}","templated":true}]}}