{"id":10892,"date":"2017-05-22T17:57:04","date_gmt":"2017-05-22T21:57:04","guid":{"rendered":"http:\/\/blogdalucianaoliveira.com.br\/blog\/?p=10892"},"modified":"2017-05-22T17:57:04","modified_gmt":"2017-05-22T21:57:04","slug":"coletivos-da-area-da-saude-se-mobilizam-contra-projeto-higienista-para-cracolandia","status":"publish","type":"post","link":"http:\/\/blogdalucianaoliveira.com.br\/blog\/2017\/05\/22\/coletivos-da-area-da-saude-se-mobilizam-contra-projeto-higienista-para-cracolandia\/","title":{"rendered":"Coletivos da \u00e1rea da Sa\u00fade se mobilizam contra \u201cprojeto higienista\u201d para Cracol\u00e2ndia"},"content":{"rendered":"<p><img data-recalc-dims=\"1\" loading=\"lazy\" decoding=\"async\" data-attachment-id=\"10894\" data-permalink=\"http:\/\/blogdalucianaoliveira.com.br\/blog\/2017\/05\/22\/coletivos-da-area-da-saude-se-mobilizam-contra-projeto-higienista-para-cracolandia\/higi\/\" data-orig-file=\"https:\/\/i0.wp.com\/blogdalucianaoliveira.com.br\/blog\/wp-content\/uploads\/2017\/05\/higi.jpg?fit=640%2C428\" data-orig-size=\"640,428\" data-comments-opened=\"0\" data-image-meta=\"{&quot;aperture&quot;:&quot;0&quot;,&quot;credit&quot;:&quot;&quot;,&quot;camera&quot;:&quot;&quot;,&quot;caption&quot;:&quot;&quot;,&quot;created_timestamp&quot;:&quot;0&quot;,&quot;copyright&quot;:&quot;&quot;,&quot;focal_length&quot;:&quot;0&quot;,&quot;iso&quot;:&quot;0&quot;,&quot;shutter_speed&quot;:&quot;0&quot;,&quot;title&quot;:&quot;&quot;,&quot;orientation&quot;:&quot;0&quot;}\" data-image-title=\"higi\" data-image-description=\"\" data-image-caption=\"\" data-medium-file=\"https:\/\/i0.wp.com\/blogdalucianaoliveira.com.br\/blog\/wp-content\/uploads\/2017\/05\/higi.jpg?fit=300%2C201\" data-large-file=\"https:\/\/i0.wp.com\/blogdalucianaoliveira.com.br\/blog\/wp-content\/uploads\/2017\/05\/higi.jpg?fit=600%2C401\" src=\"https:\/\/i0.wp.com\/blogdalucianaoliveira.com.br\/blog\/wp-content\/uploads\/2017\/05\/higi.jpg?resize=600%2C401\" alt=\"higi\" width=\"600\" height=\"401\" class=\"alignnone size-full wp-image-10894\" srcset=\"https:\/\/i0.wp.com\/blogdalucianaoliveira.com.br\/blog\/wp-content\/uploads\/2017\/05\/higi.jpg?w=640 640w, https:\/\/i0.wp.com\/blogdalucianaoliveira.com.br\/blog\/wp-content\/uploads\/2017\/05\/higi.jpg?resize=300%2C201 300w, https:\/\/i0.wp.com\/blogdalucianaoliveira.com.br\/blog\/wp-content\/uploads\/2017\/05\/higi.jpg?resize=449%2C300 449w\" sizes=\"auto, (max-width: 600px) 100vw, 600px\" \/><\/p>\n<p>Diversas entidades, coletivos e pessoas aut\u00f4nomas aderem a carta que manifesta rep\u00fadio a a\u00e7\u00e3o do poder p\u00fablico no centro<!--more--><\/p>\n<p>Sa\u00fade Popular<\/p>\n<p>Para facilitar as ades\u00f5es, o grupo propulsor da carta, a Rede Nacional de M\u00e9dicas e M\u00e9dicos Populares e o Centro Brasileiro de Estudos da Sa\u00fade (Cebes) formataram uma peti\u00e7\u00e3o online que pode ser assinada por todas as pessoas e entidades. Clique aqui para acessar e assinar.<\/p>\n<p>Leia o documento na \u00edntegra a seguir:<\/p>\n<p>Pelo cuidado em liberdade e contra pol\u00edticas higienistas<\/p>\n<p>O munic\u00edpio de S\u00e3o Paulo \u00e9 permanentemente marcado pela viol\u00eancia institucional dos detentores de poder pol\u00edtico e econ\u00f4mico contra o povo. Enquanto mantemos a expectativa de que autoridades governamentais acolham e assistam a todas e a todos, respeitando a diversidade, a complexidade e o conjunto de necessidades que apresentem, bem como as m\u00faltiplas formas de manifest\u00e1-las em nossa sociedade, seria omissivo e irrespons\u00e1vel n\u00e3o reconhecer o papel perverso que os poderes Estadual e Municipal protagonizam agredindo vidas humanas e territ\u00f3rios, acumulando persistente repert\u00f3rio de viol\u00eancias contra o direito e a dignidade humanos e o cuidado em sa\u00fade.<\/p>\n<p>Na qualidade de organiza\u00e7\u00f5es e movimentos historicamente articulados em defesa da sa\u00fade como direito garantido a todos, oferecida por meio de um Sistema universal, integral, equitativo, p\u00fablico e gratuito, repudiamos a a\u00e7\u00e3o desferida contra as usu\u00e1rias e os usu\u00e1rios do territ\u00f3rio paulistano conhecido por \u201cCracol\u00e2ndia\u201d nas primeiras horas da manh\u00e3 do domingo, 21 de maio de 2017, assim como repudiamos o projeto pol\u00edtico, t\u00e9cnico e assistencial anunciado em conjunto por aqueles poderes, representando um enorme retrocesso no cuidado pela sa\u00fade mental de nossa popula\u00e7\u00e3o e no acolhimento daquelas e daqueles que convivem com o uso de subst\u00e2ncias psicoativas.<\/p>\n<p>O emprego de verdadeiro poder brutal, por meio de a\u00e7\u00e3o repressiva deformada, est\u00e1 orientado no estigma e na caricatura vulgar do que \u00e9 a usu\u00e1ria e o usu\u00e1rio, conforme revelam declara\u00e7\u00f5es \u00e0 imprensa concedidas pelo Prefeito Municipal Jo\u00e3o D\u00f3ria. Suas a\u00e7\u00f5es n\u00e3o atendem \u00e0s necessidades, aos dramas sociais e sanit\u00e1rios em que tantas vidas humanas encontram-se imersas, dialogando apenas com interesses de quem deseja controlar corpos e mentes, contendo-os, quer seja biologicamente, atrav\u00e9s de interna\u00e7\u00f5es involunt\u00e1rias e compuls\u00f3rias, quer seja politicamente, impedindo que se disponham livre e autonomamente pelo territ\u00f3rio, criando e produzindo suas interven\u00e7\u00f5es.<\/p>\n<p>Trata-se de indisfar\u00e7\u00e1vel projeto higienista, destinado a uma popula\u00e7\u00e3o predominantemente pobre e preta. A mesma popula\u00e7\u00e3o que \u00e9 morta nas favelas e nas comunidades perif\u00e9ricas e que n\u00e3o encontra um lugar para existir dignamente, sendo vulnerabilzada, repetidamente violada e reprimida. Uma pol\u00edtica efetiva de uso de drogas e redu\u00e7\u00e3o de danos ser\u00e1 sempre uma pol\u00edtica que enfrenta o racismo estrutural e possibilita oportunidades de reinser\u00e7\u00e3o social. Neste sentido, tanto o Prefeito Municipal Jo\u00e3o D\u00f3ria, quanto o Governador Estadual Geraldo Alckmin escancaram o projeto com que est\u00e3o compromissados, buscando lucrar com o higienismo e favorecer empres\u00e1rios e especuladores em detrimento da vida humana.<\/p>\n<p>Enquanto as melhores evid\u00eancias para o cuidado destas usu\u00e1rias e destes usu\u00e1rios s\u00e3o opostas \u00e0 viol\u00eancia manicomial e intervencionista das pol\u00edticas de sa\u00fade pretendidas por estes governantes, as evid\u00eancias e o ac\u00famulo pol\u00edtico dos principais Sistemas Universais, igualmente, cada vez mais recha\u00e7am programas que n\u00e3o dialoguem com a experi\u00eancia humana e empreguem apenas a racionalidade biom\u00e9dica para propor assist\u00eancia ao sofrimento e \u00e0s condi\u00e7\u00f5es humanas.<\/p>\n<p>Permaneceremos ao lado da dignidade da vida humana, sobretudo daquela fragilizada e oprimida, formulando um projeto despenalizador e emancipador de cuidado, por meio do qual experi\u00eancias corporais n\u00e3o sejam objeto de a\u00e7\u00f5es repressivas e disciplinadoras, antes sejam forma de problematizar a pr\u00f3pria pol\u00edtica e sua aplica\u00e7\u00e3o sobre os territ\u00f3rios.<\/p>\n<p>Assinam esse documento:<br \/>\nRede Nacional de M\u00e9dicas e M\u00e9dicos Populares<\/p>\n<p>Centro Brasileiro de Estudos da Sa\u00fade<\/p>\n<p>Associa\u00e7\u00e3o de Alunos e Egressos do Curso de Obstetr\u00edcia da Universidade de S\u00e3o Paulo \u2013 AO USP<\/p>\n<p>Instituto Silva Lane<\/p>\n<p>Movimento Nacional de Direitos Humanos<\/p>\n<p>Federa\u00e7\u00e3o Nacional de Psic\u00f3logos<\/p>\n<p>ONG S\u00e3 Consci\u00eancia<\/p>\n<p>Frente Estadual Antimanicomial de S\u00e3o Paulo<\/p>\n<p>Sindicato de Psic\u00f3logos de S\u00e3o Paulo<\/p>\n<p>Conselho Regional de Psicologia de S\u00e3o Paulo<\/p>\n<p>Sindicato dos Psic\u00f3logos do Rio de Janeiro<\/p>\n<p>Sindicato dos Psic\u00f3logos da Para\u00edba<\/p>\n<p>F\u00f3rum da Forma\u00e7\u00e3o para a Sa\u00fade \u2013 Pontif\u00edcia Universidade Cat\u00f3lica de S\u00e3o Paulo<\/p>\n<p>Associa\u00e7\u00e3o Brasileira de Psicologia Social \u2013 N\u00facleo Grande ABC<\/p>\n<p>Associa\u00e7\u00e3o Brasileira de Psicologia<\/p>\n<p>Coletivo Ga\u00facho de Residentes em Psicologia<\/p>\n<p>Movimento OCUPASUS do Rio de Janeiro<\/p>\n<p>Associa\u00e7\u00e3o Brasileira de Psicologia Escolar e Educacional \u2013 ABRAPEE<\/p>\n<p>Laborat\u00f3rio Interinstitucional de Estudos e Pesquisas em Psicologia Escolar da Universidade de S\u00e3o Paulo \u2013 LIEPPE USP<\/p>\n<p>Associa\u00e7\u00e3o Brasileira de Economia da Sa\u00fade \u2013 ABrES<\/p>\n<p>Associa\u00e7\u00e3o Paulista de Sa\u00fade P\u00fablica \u2013 APSP<\/p>\n<p>ONG \u00c9 de Lei<\/p>\n<p>Rede Unida<\/p>\n<p>F\u00f3rum Popular de Mulheres do Paran\u00e1<\/p>\n<p>Uni\u00e3o Latino-Americana de Entidades de Psicologia \u2013 ULAPSI<\/p>\n<p>Rede Sem Fronteiras de Teatro da\/o Oprimida\/o<\/p>\n<p>F\u00f3rum sobre Medicaliza\u00e7\u00e3o da Educa\u00e7\u00e3o e da Sociedade \u2013 N\u00facleo Metropolitano<\/p>\n<p>Associa\u00e7\u00e3o Brasileira de Sa\u00fade Bucal Coletiva \u2013 ABRASBUCO<\/p>\n<p>Secretaria Nacional da Mulher Trabalhadora da Central \u00danica dos Trabalhadores \u2013 CUT.<\/p>\n<p>Levante Popular da Juventude \u2013 c\u00e9lula de Sa\u00fade<\/p>\n<p>Centro Acad\u00eamico Em\u00edlio Ribas \u2013 Faculdade de Sa\u00fade P\u00fablica da Universidade de S\u00e3o Paulo<\/p>\n<p>Eleonora Menicucci \u2013 ex-Ministra-chefe da Secretaria Especial de Pol\u00edticas para as Mulheres<\/p>\n<p>Juliana Cardoso \u2013 vereadora de S\u00e3o Paulo (PT)<\/p>\n<p>Concei\u00e7\u00e3o Lemos \u2013 jornalista<\/p>\n<p>Pedro Paulo Freire Piani \u2013 Centro de Refer\u00eancia em \u00c1lcool e Drogas II da Universidade Federal do Par\u00e1<\/p>\n<p>Rita Louzada \u2013 Instituto de Psiquiatria da Universidade Federal do Rio de Janeiro<\/p>\n<p>Ana Cleide Guedes Moreira \u2013 Universidade Federal do Par\u00e1 \/ Programa de P\u00f3s-Gradua\u00e7\u00e3o em Psicologia<\/p>\n<p>\u00c2ngela Soligo \u2013 Universidade Estadual de Campinas<\/p>\n<p>N\u00facleo de Estudos e Pesquisa sobre a Mulher da Universidade Federal de Minas Gerais<\/p>\n<p>Coletivo Ga\u00facho de Residentes em Sa\u00fade<\/p>\n<p>Stellamaris Pinheiro \u2013 militante de direitos humanos e humaniza\u00e7\u00e3o<\/p>\n<p>F\u00f3rum da Luta Antimanicomial de Sorocaba \u2013 FLAMAS<\/p>\n<p>Loucos pelo Mundo \u2013 Movimento Social Antimanicomial de Sorocaba<\/p>\n<p>F\u00f3rum Popular de Sa\u00fade Mental do ABCDMRR<\/p>\n<p>Marco Akerman \u2013 docente da Faculdade de Sa\u00fade P\u00fablica da Universidade de S\u00e3o Paulo<\/p>\n<p>Aparecida Linhares Pimenta \u2013 m\u00e9dica sanitarista do Sistema \u00danico de Sa\u00fade<\/p>\n<p>Lidia Tobias Silveira \u2013 m\u00e9dica sanitarista do Sistema \u00danico de Sa\u00fade<\/p>\n<p>Movimento Nacional da Luta Anitmanicomial \u2013 MNLA<\/p>\n<p>Pubenza Lopez \u2013 m\u00e9dica especialista em Gest\u00e3o de Servi\u00e7os de Sa\u00fade.<\/p>\n<p>Karina Calife \u2013 m\u00e9dica sanitarista, docente no IEP e na preceptoria de Aten\u00e7\u00e3o B\u00e1sica na Faculdade de Medicina da Santa Casa de S\u00e3o Paulo, doutoranda do departamento de medicina preventiva da USP e militante do Movimento Feminista.<\/p>\n<p>Toninho Vespoli \u2013 vereador municipal (PSOL)<\/p>\n<p>Associa\u00e7\u00e3o Brasileira Psicologia Pol\u00edtica \u2013 ABPP<\/p>\n<p>F\u00f3rum das Entidades Nacionais de Psicologia do Brasil \u2013 FENPB<\/p>\n<p>Grupo de Estudos e Pesquisas em Psicologia Pol\u00edtica, Pol\u00edticas P\u00fablicas e Multiculturalismo da Universidade de S\u00e3o Paulo \u2013 GEPSIPOLIM USP<\/p>\n<p>Associa\u00e7\u00e3o Nacional de Pesquisa e P\u00f3s-gradua\u00e7\u00e3o em Psicologia \u2013 ANPEPP<\/p>\n<p>FENAPSI \u2013 Federa\u00e7\u00e3o Nacional dos Psic\u00f3logos<\/p>\n<p>Coordena\u00e7\u00e3o Nacional de Estudantes de Psicologia \u2013 CONEP<\/p>\n<p>Partido Socialismo e Liberdade \u2013 PSOL<\/p>\n<p>Balaio- N\u00facleo de Estudantes Petistas da Universidade de S\u00e3o Paulo<\/p>\n<p>Rede Nacional de Feministas Anti-proibicionistas \u2013 RENFA<\/p>\n<p>Rede Latino-Americana de Pessoas que Usam Drogas \u2013 LANPUD<\/p>\n<p>F\u00f3rum Permanente de Sa\u00fade Mental do Alto Tiet\u00ea<\/p>\n<p>Grupo Interinstitucional Queixa Escolar \u2013 GIQE<\/p>\n<p>Associa\u00e7\u00e3o Brasileira de Psicologia Social \u2013 N\u00facleo Baixada Santista.<\/p>\n<p>Iniciativa Negra por uma Nova Pol\u00edtica Sobre Drogas<\/p>\n<p>Elaine Maria Giannotti \u2013 fonoaudi\u00f3loga sanitarista<\/p>\n<p>Denizi de Oliveira Reis \u2013 m\u00e9dica sanitarista<\/p>\n<p>M\u00e1rcia Marinho Tubone \u2013 assistente social sanitarista<\/p>\n<p>Movimento Chega de Descaso<\/p>\n<p>Edi\u00e7\u00e3o: Sa\u00fade Popular<\/p>\n","protected":false},"excerpt":{"rendered":"<p>Diversas entidades, coletivos e pessoas aut\u00f4nomas aderem a carta que manifesta rep\u00fadio a a\u00e7\u00e3o do poder p\u00fablico no centro<\/p>\n","protected":false},"author":1,"featured_media":0,"comment_status":"closed","ping_status":"open","sticky":false,"template":"","format":"standard","meta":{"_exactmetrics_skip_tracking":false,"_exactmetrics_sitenote_active":false,"_exactmetrics_sitenote_note":"","_exactmetrics_sitenote_category":0,"jetpack_post_was_ever_published":false,"_jetpack_newsletter_access":"","_jetpack_dont_email_post_to_subs":false,"_jetpack_newsletter_tier_id":0,"_jetpack_memberships_contains_paywalled_content":false,"_jetpack_memberships_contains_paid_content":false,"footnotes":"","jetpack_publicize_message":"","jetpack_publicize_feature_enabled":true,"jetpack_social_post_already_shared":true,"jetpack_social_options":{"image_generator_settings":{"template":"highway","enabled":false},"version":2}},"categories":[1],"tags":[],"class_list":["post-10892","post","type-post","status-publish","format-standard","hentry","category-notas"],"jetpack_publicize_connections":[],"jetpack_sharing_enabled":true,"jetpack_featured_media_url":"","jetpack_shortlink":"https:\/\/wp.me\/p7wKYW-2PG","jetpack-related-posts":[],"_links":{"self":[{"href":"http:\/\/blogdalucianaoliveira.com.br\/blog\/wp-json\/wp\/v2\/posts\/10892","targetHints":{"allow":["GET"]}}],"collection":[{"href":"http:\/\/blogdalucianaoliveira.com.br\/blog\/wp-json\/wp\/v2\/posts"}],"about":[{"href":"http:\/\/blogdalucianaoliveira.com.br\/blog\/wp-json\/wp\/v2\/types\/post"}],"author":[{"embeddable":true,"href":"http:\/\/blogdalucianaoliveira.com.br\/blog\/wp-json\/wp\/v2\/users\/1"}],"replies":[{"embeddable":true,"href":"http:\/\/blogdalucianaoliveira.com.br\/blog\/wp-json\/wp\/v2\/comments?post=10892"}],"version-history":[{"count":1,"href":"http:\/\/blogdalucianaoliveira.com.br\/blog\/wp-json\/wp\/v2\/posts\/10892\/revisions"}],"predecessor-version":[{"id":10895,"href":"http:\/\/blogdalucianaoliveira.com.br\/blog\/wp-json\/wp\/v2\/posts\/10892\/revisions\/10895"}],"wp:attachment":[{"href":"http:\/\/blogdalucianaoliveira.com.br\/blog\/wp-json\/wp\/v2\/media?parent=10892"}],"wp:term":[{"taxonomy":"category","embeddable":true,"href":"http:\/\/blogdalucianaoliveira.com.br\/blog\/wp-json\/wp\/v2\/categories?post=10892"},{"taxonomy":"post_tag","embeddable":true,"href":"http:\/\/blogdalucianaoliveira.com.br\/blog\/wp-json\/wp\/v2\/tags?post=10892"}],"curies":[{"name":"wp","href":"https:\/\/api.w.org\/{rel}","templated":true}]}}