{"id":10896,"date":"2017-05-22T17:59:10","date_gmt":"2017-05-22T21:59:10","guid":{"rendered":"http:\/\/blogdalucianaoliveira.com.br\/blog\/?p=10896"},"modified":"2017-05-22T17:59:10","modified_gmt":"2017-05-22T21:59:10","slug":"mpf-denuncia-lula-no-caso-do-sitio-de-atibaia","status":"publish","type":"post","link":"http:\/\/blogdalucianaoliveira.com.br\/blog\/2017\/05\/22\/mpf-denuncia-lula-no-caso-do-sitio-de-atibaia\/","title":{"rendered":"MPF DENUNCIA LULA NO CASO DO S\u00cdTIO DE ATIBAIA"},"content":{"rendered":"<p><img data-recalc-dims=\"1\" loading=\"lazy\" decoding=\"async\" data-attachment-id=\"10897\" data-permalink=\"http:\/\/blogdalucianaoliveira.com.br\/blog\/2017\/05\/22\/mpf-denuncia-lula-no-caso-do-sitio-de-atibaia\/ati\/\" data-orig-file=\"https:\/\/i0.wp.com\/blogdalucianaoliveira.com.br\/blog\/wp-content\/uploads\/2017\/05\/ati.jpg?fit=1000%2C357\" data-orig-size=\"1000,357\" data-comments-opened=\"0\" data-image-meta=\"{&quot;aperture&quot;:&quot;0&quot;,&quot;credit&quot;:&quot;&quot;,&quot;camera&quot;:&quot;&quot;,&quot;caption&quot;:&quot;&quot;,&quot;created_timestamp&quot;:&quot;0&quot;,&quot;copyright&quot;:&quot;&quot;,&quot;focal_length&quot;:&quot;0&quot;,&quot;iso&quot;:&quot;0&quot;,&quot;shutter_speed&quot;:&quot;0&quot;,&quot;title&quot;:&quot;&quot;,&quot;orientation&quot;:&quot;0&quot;}\" data-image-title=\"ati\" data-image-description=\"\" data-image-caption=\"\" data-medium-file=\"https:\/\/i0.wp.com\/blogdalucianaoliveira.com.br\/blog\/wp-content\/uploads\/2017\/05\/ati.jpg?fit=300%2C107\" data-large-file=\"https:\/\/i0.wp.com\/blogdalucianaoliveira.com.br\/blog\/wp-content\/uploads\/2017\/05\/ati.jpg?fit=600%2C214\" src=\"https:\/\/i0.wp.com\/blogdalucianaoliveira.com.br\/blog\/wp-content\/uploads\/2017\/05\/ati.jpg?resize=600%2C214\" alt=\"ati\" width=\"600\" height=\"214\" class=\"alignnone size-full wp-image-10897\" srcset=\"https:\/\/i0.wp.com\/blogdalucianaoliveira.com.br\/blog\/wp-content\/uploads\/2017\/05\/ati.jpg?w=1000 1000w, https:\/\/i0.wp.com\/blogdalucianaoliveira.com.br\/blog\/wp-content\/uploads\/2017\/05\/ati.jpg?resize=300%2C107 300w, https:\/\/i0.wp.com\/blogdalucianaoliveira.com.br\/blog\/wp-content\/uploads\/2017\/05\/ati.jpg?resize=768%2C274 768w, https:\/\/i0.wp.com\/blogdalucianaoliveira.com.br\/blog\/wp-content\/uploads\/2017\/05\/ati.jpg?resize=800%2C286 800w\" sizes=\"auto, (max-width: 600px) 100vw, 600px\" \/><\/p>\n<p>247 \u2013 A for\u00e7a-tarefa da Opera\u00e7\u00e3o Lava Jato ofereceu nova den\u00fancia \u00e0 Justi\u00e7a Federal contra o ex-presidente Lula, desta vez no caso do s\u00edtio em Atibaia, interior de S\u00e3o Paulo. A defesa sempre negou as acusa\u00e7\u00f5es e sustentou que Lula n\u00e3o \u00e9 dono do s\u00edtio.<!--more--><\/p>\n<p>A den\u00fancia do Minist\u00e9rio P\u00fablico Federal atribui a Lula &#8220;propina para o seu benef\u00edcio pr\u00f3prio consistente em obras e benfeitorias relativas ao s\u00edtio de Atibaia, custeadas ocultamente pelas empresas Schahin, Odebrecht e OAS&#8221;.<\/p>\n<p>Para o MP, Lula \u00e9 o respons\u00e1vel por &#8220;estruturar, orientar e comandar esquema il\u00edcito de pagamento de propina em benef\u00edcio de partidos pol\u00edticos, pol\u00edticos e funcion\u00e1rios p\u00fablicos com a nomea\u00e7\u00e3o, enquanto presidente da Rep\u00fablica, de diretores da Petrobr\u00e1s orientados para a pr\u00e1tica de crimes em benef\u00edcio das empreiteiras Odebrecht e OAS&#8221;.<\/p>\n<p>Lula \u00e9 denunciado por corrup\u00e7\u00e3o e lavagem de dinheiro. Al\u00e9m do ex-presidente, tamb\u00e9m foram denunciados outros 12 investigados.<\/p>\n","protected":false},"excerpt":{"rendered":"<p>247 \u2013 A for\u00e7a-tarefa da Opera\u00e7\u00e3o Lava Jato ofereceu nova den\u00fancia \u00e0 Justi\u00e7a Federal contra o ex-presidente Lula, desta vez no caso do s\u00edtio em Atibaia, interior de S\u00e3o Paulo. A defesa sempre negou as acusa\u00e7\u00f5es e sustentou que Lula n\u00e3o \u00e9 dono do s\u00edtio.<\/p>\n","protected":false},"author":1,"featured_media":0,"comment_status":"closed","ping_status":"open","sticky":false,"template":"","format":"standard","meta":{"_exactmetrics_skip_tracking":false,"_exactmetrics_sitenote_active":false,"_exactmetrics_sitenote_note":"","_exactmetrics_sitenote_category":0,"jetpack_post_was_ever_published":false,"_jetpack_newsletter_access":"","_jetpack_dont_email_post_to_subs":false,"_jetpack_newsletter_tier_id":0,"_jetpack_memberships_contains_paywalled_content":false,"_jetpack_memberships_contains_paid_content":false,"footnotes":"","jetpack_publicize_message":"","jetpack_publicize_feature_enabled":true,"jetpack_social_post_already_shared":true,"jetpack_social_options":{"image_generator_settings":{"template":"highway","enabled":false},"version":2}},"categories":[1],"tags":[],"class_list":["post-10896","post","type-post","status-publish","format-standard","hentry","category-notas"],"jetpack_publicize_connections":[],"jetpack_sharing_enabled":true,"jetpack_featured_media_url":"","jetpack_shortlink":"https:\/\/wp.me\/p7wKYW-2PK","jetpack-related-posts":[],"_links":{"self":[{"href":"http:\/\/blogdalucianaoliveira.com.br\/blog\/wp-json\/wp\/v2\/posts\/10896","targetHints":{"allow":["GET"]}}],"collection":[{"href":"http:\/\/blogdalucianaoliveira.com.br\/blog\/wp-json\/wp\/v2\/posts"}],"about":[{"href":"http:\/\/blogdalucianaoliveira.com.br\/blog\/wp-json\/wp\/v2\/types\/post"}],"author":[{"embeddable":true,"href":"http:\/\/blogdalucianaoliveira.com.br\/blog\/wp-json\/wp\/v2\/users\/1"}],"replies":[{"embeddable":true,"href":"http:\/\/blogdalucianaoliveira.com.br\/blog\/wp-json\/wp\/v2\/comments?post=10896"}],"version-history":[{"count":1,"href":"http:\/\/blogdalucianaoliveira.com.br\/blog\/wp-json\/wp\/v2\/posts\/10896\/revisions"}],"predecessor-version":[{"id":10898,"href":"http:\/\/blogdalucianaoliveira.com.br\/blog\/wp-json\/wp\/v2\/posts\/10896\/revisions\/10898"}],"wp:attachment":[{"href":"http:\/\/blogdalucianaoliveira.com.br\/blog\/wp-json\/wp\/v2\/media?parent=10896"}],"wp:term":[{"taxonomy":"category","embeddable":true,"href":"http:\/\/blogdalucianaoliveira.com.br\/blog\/wp-json\/wp\/v2\/categories?post=10896"},{"taxonomy":"post_tag","embeddable":true,"href":"http:\/\/blogdalucianaoliveira.com.br\/blog\/wp-json\/wp\/v2\/tags?post=10896"}],"curies":[{"name":"wp","href":"https:\/\/api.w.org\/{rel}","templated":true}]}}