{"id":10899,"date":"2017-05-22T18:06:13","date_gmt":"2017-05-22T22:06:13","guid":{"rendered":"http:\/\/blogdalucianaoliveira.com.br\/blog\/?p=10899"},"modified":"2017-05-22T18:06:13","modified_gmt":"2017-05-22T22:06:13","slug":"tres-possiveis-cenarios-para-o-pos-temer","status":"publish","type":"post","link":"http:\/\/blogdalucianaoliveira.com.br\/blog\/2017\/05\/22\/tres-possiveis-cenarios-para-o-pos-temer\/","title":{"rendered":"TR\u00caS POSS\u00cdVEIS CEN\u00c1RIOS PARA O P\u00d3S-TEMER"},"content":{"rendered":"<p><img data-recalc-dims=\"1\" loading=\"lazy\" decoding=\"async\" data-attachment-id=\"10900\" data-permalink=\"http:\/\/blogdalucianaoliveira.com.br\/blog\/2017\/05\/22\/tres-possiveis-cenarios-para-o-pos-temer\/direta-2\/\" data-orig-file=\"https:\/\/i0.wp.com\/blogdalucianaoliveira.com.br\/blog\/wp-content\/uploads\/2017\/05\/direta.jpg?fit=1000%2C357\" data-orig-size=\"1000,357\" data-comments-opened=\"0\" data-image-meta=\"{&quot;aperture&quot;:&quot;0&quot;,&quot;credit&quot;:&quot;&quot;,&quot;camera&quot;:&quot;&quot;,&quot;caption&quot;:&quot;&quot;,&quot;created_timestamp&quot;:&quot;0&quot;,&quot;copyright&quot;:&quot;&quot;,&quot;focal_length&quot;:&quot;0&quot;,&quot;iso&quot;:&quot;0&quot;,&quot;shutter_speed&quot;:&quot;0&quot;,&quot;title&quot;:&quot;&quot;,&quot;orientation&quot;:&quot;0&quot;}\" data-image-title=\"direta\" data-image-description=\"\" data-image-caption=\"\" data-medium-file=\"https:\/\/i0.wp.com\/blogdalucianaoliveira.com.br\/blog\/wp-content\/uploads\/2017\/05\/direta.jpg?fit=300%2C107\" data-large-file=\"https:\/\/i0.wp.com\/blogdalucianaoliveira.com.br\/blog\/wp-content\/uploads\/2017\/05\/direta.jpg?fit=600%2C214\" src=\"https:\/\/i0.wp.com\/blogdalucianaoliveira.com.br\/blog\/wp-content\/uploads\/2017\/05\/direta.jpg?resize=600%2C214\" alt=\"direta\" width=\"600\" height=\"214\" class=\"alignnone size-full wp-image-10900\" srcset=\"https:\/\/i0.wp.com\/blogdalucianaoliveira.com.br\/blog\/wp-content\/uploads\/2017\/05\/direta.jpg?w=1000 1000w, https:\/\/i0.wp.com\/blogdalucianaoliveira.com.br\/blog\/wp-content\/uploads\/2017\/05\/direta.jpg?resize=300%2C107 300w, https:\/\/i0.wp.com\/blogdalucianaoliveira.com.br\/blog\/wp-content\/uploads\/2017\/05\/direta.jpg?resize=768%2C274 768w, https:\/\/i0.wp.com\/blogdalucianaoliveira.com.br\/blog\/wp-content\/uploads\/2017\/05\/direta.jpg?resize=800%2C286 800w\" sizes=\"auto, (max-width: 600px) 100vw, 600px\" \/><\/p>\n<p>Leonardo Attuch<br \/>\nNo 247<\/p>\n<p>Em 1988, ao promulgar a Constitui\u00e7\u00e3o, o ent\u00e3o deputado Ulysses Guimar\u00e3es fez quest\u00e3o de ler o seu primeiro artigo, que lembra que todo poder emana do povo. Hoje, quase 40 anos depois, a Constitui\u00e7\u00e3o-cidad\u00e3 sofre intenso bombardeio, seja pelo ataque aos direitos do sociais e trabalhistas, seja pelos cambalachos encontrados para cassar, sem crime de responsabilidade, um governo eleito. O resultado est\u00e1 a\u00ed, na desorganiza\u00e7\u00e3o econ\u00f4mica e na anomia completa da sociedade brasileira.<!--more--><\/p>\n<p>Ainda assim, se o princ\u00edpio de que &#8220;todo poder emana do povo&#8221; ainda valesse alguma coisa, o Brasil estaria hoje se preparando para a realiza\u00e7\u00e3o de novas elei\u00e7\u00f5es presidenciais. J\u00e1 era este o desejo de 85% dos brasileiros, segundo o Datafolha, antes mesmo da divulga\u00e7\u00e3o dos grampos que atingiram o governo federal. As conversas, que tornaram Michel Temer formalmente investigado pela procuradoria-geral da Rep\u00fablica, tratam de crimes graves, como obstru\u00e7\u00e3o judicial, vazamento de informa\u00e7\u00e3o privilegiada e trocas de nomea\u00e7\u00f5es em cargos p\u00fablicos por propinas.<\/p>\n<p>Temer promete resistir, mas sua base aliada come\u00e7a a evaporar. No mercado financeiro, um dos fiadores de sua perman\u00eancia no poder, j\u00e1 n\u00e3o h\u00e1 mais confian\u00e7a na sua capacidade de entregar as chamadas reformas. H\u00e1 quem veja at\u00e9 um zumbi instalado na presid\u00eancia da Rep\u00fablica. Ou seja: j\u00e1 \u00e9 hora de se discutir abertamente o p\u00f3s-Temer.<\/p>\n<p>Basicamente, existem tr\u00eas cen\u00e1rios. O ideal, para as for\u00e7as que colocaram Temer no poder, seria encontrar uma solu\u00e7\u00e3o que instalasse no Brasil uma esp\u00e9cie de troika financeira. Nesse caminho, aparentemente apoiado pela Globo, a presidente C\u00e1rmen L\u00facia poderia se tornar presidente, durante a transi\u00e7\u00e3o, mantendo Henrique Meirelles na Fazenda e Ilan Goldfajn no Banco Central. A favor de C\u00e1rmen L\u00facia, o fato de que ela controla a pr\u00f3pria fila da sucess\u00e3o, podendo disparar petardos do Supremo Tribunal Federal n\u00e3o apenas contra Temer, mas tamb\u00e9m contra o deputado Rodrigo Maia (DEM-RJ) e Eun\u00edcio Oliveira (PMDB-CE), presidentes das duas casas legislativas.<\/p>\n<p>O cen\u00e1rio C\u00e1rmen L\u00facia, no entanto, traz um risco para o Parlamento. Temer n\u00e3o chegou ao poder apenas porque tinha apoio do mercado financeiro para fazer a sua &#8220;ponte para o futuro&#8221;. Sua miss\u00e3o mais importante era &#8220;estancar a sangria&#8221; da Lava Jato, como explicitou o senador Romero Juc\u00e1 (PMDB-RR). E uma ju\u00edza jamais inspiraria a confian\u00e7a do parlamento no Brasil de hoje. Portanto, como a Constitui\u00e7\u00e3o assegura ao Congresso a prerrogativa de realizar a elei\u00e7\u00e3o indireta, nada indica que deputados e senadores abririam m\u00e3o deste poder. E um nome que teria boas condi\u00e7\u00f5es de prevalecer seria o de Rodrigo Maia, pelo tr\u00e2nsito que cultiva com todas as for\u00e7as pol\u00edticas.<\/p>\n<p>Nenhum desses arranjos, no entanto, devolveria ao Brasil a democracia, a paz social e o respeito internacional. A \u00fanica sa\u00edda leg\u00edtima \u00e9 a aprova\u00e7\u00e3o de uma emenda constitucional e a realiza\u00e7\u00e3o de diretas-j\u00e1. N\u00e3o apenas porque \u00e9 o desejo do povo brasileiro, mas porque voto de todos os eleitores foi roubado por uma oligarquia corrupta. &#8220;Ah, mas nesse caso o Lula pode vencer&#8221;, dizem vozes \u00e0 direita. Paci\u00eancia. Se a direita n\u00e3o \u00e9 capaz de vencer o ex-presidente Lula dentro das regras democr\u00e1ticas, que acumule for\u00e7as at\u00e9 conseguiu convencer cora\u00e7\u00f5es e mentes.<\/p>\n","protected":false},"excerpt":{"rendered":"<p>Leonardo Attuch No 247 Em 1988, ao promulgar a Constitui\u00e7\u00e3o, o ent\u00e3o deputado Ulysses Guimar\u00e3es fez quest\u00e3o de ler o seu primeiro artigo, que lembra que todo poder emana do povo. Hoje, quase 40 anos depois, a Constitui\u00e7\u00e3o-cidad\u00e3 sofre intenso bombardeio, seja pelo ataque aos direitos do sociais e trabalhistas, seja pelos cambalachos encontrados para&#8230;<a class=\"more-link\" href=\"http:\/\/blogdalucianaoliveira.com.br\/blog\/2017\/05\/22\/tres-possiveis-cenarios-para-o-pos-temer\/\">Continue a leitura <span class=\"meta-nav\">&raquo;<\/span><\/a><\/p>\n","protected":false},"author":1,"featured_media":0,"comment_status":"closed","ping_status":"open","sticky":false,"template":"","format":"standard","meta":{"_exactmetrics_skip_tracking":false,"_exactmetrics_sitenote_active":false,"_exactmetrics_sitenote_note":"","_exactmetrics_sitenote_category":0,"jetpack_post_was_ever_published":false,"_jetpack_newsletter_access":"","_jetpack_dont_email_post_to_subs":false,"_jetpack_newsletter_tier_id":0,"_jetpack_memberships_contains_paywalled_content":false,"_jetpack_memberships_contains_paid_content":false,"footnotes":"","jetpack_publicize_message":"","jetpack_publicize_feature_enabled":true,"jetpack_social_post_already_shared":true,"jetpack_social_options":{"image_generator_settings":{"template":"highway","enabled":false},"version":2}},"categories":[1],"tags":[],"class_list":["post-10899","post","type-post","status-publish","format-standard","hentry","category-notas"],"jetpack_publicize_connections":[],"jetpack_sharing_enabled":true,"jetpack_featured_media_url":"","jetpack_shortlink":"https:\/\/wp.me\/p7wKYW-2PN","jetpack-related-posts":[],"_links":{"self":[{"href":"http:\/\/blogdalucianaoliveira.com.br\/blog\/wp-json\/wp\/v2\/posts\/10899","targetHints":{"allow":["GET"]}}],"collection":[{"href":"http:\/\/blogdalucianaoliveira.com.br\/blog\/wp-json\/wp\/v2\/posts"}],"about":[{"href":"http:\/\/blogdalucianaoliveira.com.br\/blog\/wp-json\/wp\/v2\/types\/post"}],"author":[{"embeddable":true,"href":"http:\/\/blogdalucianaoliveira.com.br\/blog\/wp-json\/wp\/v2\/users\/1"}],"replies":[{"embeddable":true,"href":"http:\/\/blogdalucianaoliveira.com.br\/blog\/wp-json\/wp\/v2\/comments?post=10899"}],"version-history":[{"count":1,"href":"http:\/\/blogdalucianaoliveira.com.br\/blog\/wp-json\/wp\/v2\/posts\/10899\/revisions"}],"predecessor-version":[{"id":10901,"href":"http:\/\/blogdalucianaoliveira.com.br\/blog\/wp-json\/wp\/v2\/posts\/10899\/revisions\/10901"}],"wp:attachment":[{"href":"http:\/\/blogdalucianaoliveira.com.br\/blog\/wp-json\/wp\/v2\/media?parent=10899"}],"wp:term":[{"taxonomy":"category","embeddable":true,"href":"http:\/\/blogdalucianaoliveira.com.br\/blog\/wp-json\/wp\/v2\/categories?post=10899"},{"taxonomy":"post_tag","embeddable":true,"href":"http:\/\/blogdalucianaoliveira.com.br\/blog\/wp-json\/wp\/v2\/tags?post=10899"}],"curies":[{"name":"wp","href":"https:\/\/api.w.org\/{rel}","templated":true}]}}