{"id":10902,"date":"2017-05-23T10:02:51","date_gmt":"2017-05-23T14:02:51","guid":{"rendered":"http:\/\/blogdalucianaoliveira.com.br\/blog\/?p=10902"},"modified":"2017-05-23T10:02:51","modified_gmt":"2017-05-23T14:02:51","slug":"audio-revela-que-aeroporto-de-claudio-era-mesmo-de-aecio","status":"publish","type":"post","link":"http:\/\/blogdalucianaoliveira.com.br\/blog\/2017\/05\/23\/audio-revela-que-aeroporto-de-claudio-era-mesmo-de-aecio\/","title":{"rendered":"\u00c1UDIO REVELA QUE AEROPORTO DE CL\u00c1UDIO ERA MESMO DE A\u00c9CIO"},"content":{"rendered":"<p><img data-recalc-dims=\"1\" loading=\"lazy\" decoding=\"async\" data-attachment-id=\"10903\" data-permalink=\"http:\/\/blogdalucianaoliveira.com.br\/blog\/2017\/05\/23\/audio-revela-que-aeroporto-de-claudio-era-mesmo-de-aecio\/aer\/\" data-orig-file=\"https:\/\/i0.wp.com\/blogdalucianaoliveira.com.br\/blog\/wp-content\/uploads\/2017\/05\/aer.jpg?fit=1000%2C357\" data-orig-size=\"1000,357\" data-comments-opened=\"0\" data-image-meta=\"{&quot;aperture&quot;:&quot;0&quot;,&quot;credit&quot;:&quot;&quot;,&quot;camera&quot;:&quot;&quot;,&quot;caption&quot;:&quot;&quot;,&quot;created_timestamp&quot;:&quot;0&quot;,&quot;copyright&quot;:&quot;&quot;,&quot;focal_length&quot;:&quot;0&quot;,&quot;iso&quot;:&quot;0&quot;,&quot;shutter_speed&quot;:&quot;0&quot;,&quot;title&quot;:&quot;&quot;,&quot;orientation&quot;:&quot;0&quot;}\" data-image-title=\"aer\" data-image-description=\"\" data-image-caption=\"\" data-medium-file=\"https:\/\/i0.wp.com\/blogdalucianaoliveira.com.br\/blog\/wp-content\/uploads\/2017\/05\/aer.jpg?fit=300%2C107\" data-large-file=\"https:\/\/i0.wp.com\/blogdalucianaoliveira.com.br\/blog\/wp-content\/uploads\/2017\/05\/aer.jpg?fit=600%2C214\" src=\"https:\/\/i0.wp.com\/blogdalucianaoliveira.com.br\/blog\/wp-content\/uploads\/2017\/05\/aer.jpg?resize=600%2C214\" alt=\"aer\" width=\"600\" height=\"214\" class=\"alignnone size-full wp-image-10903\" srcset=\"https:\/\/i0.wp.com\/blogdalucianaoliveira.com.br\/blog\/wp-content\/uploads\/2017\/05\/aer.jpg?w=1000 1000w, https:\/\/i0.wp.com\/blogdalucianaoliveira.com.br\/blog\/wp-content\/uploads\/2017\/05\/aer.jpg?resize=300%2C107 300w, https:\/\/i0.wp.com\/blogdalucianaoliveira.com.br\/blog\/wp-content\/uploads\/2017\/05\/aer.jpg?resize=768%2C274 768w, https:\/\/i0.wp.com\/blogdalucianaoliveira.com.br\/blog\/wp-content\/uploads\/2017\/05\/aer.jpg?resize=800%2C286 800w\" sizes=\"auto, (max-width: 600px) 100vw, 600px\" \/><\/p>\n<p>Minas 247 &#8211; As grava\u00e7\u00f5es da Pol\u00edcia Federal trazem mais uma confirma\u00e7\u00e3o humilhante para o senador A\u00e9cio Neves (PSDB-MG), que se licenciou da presid\u00eancia do PSDB e j\u00e1 foi afastado do cargo de senador pelo Supremo Tribunal Federal.<!--more--><\/p>\n<p>De acordo com grampos da opera\u00e7\u00e3o controlada da Pol\u00edcia Federal deflagrada na semana passada, o aeroporto de Cl\u00e1udio, em Minas Gerais, constru\u00eddo com dinheiro p\u00fablico durante a gest\u00e3o de A\u00e9cio, servia para atender a fam\u00edlia do tucano e a chave ficava com seu seguran\u00e7a, informa reportagem de F\u00e1bio Leite.<\/p>\n<p>A informa\u00e7\u00e3o veio em uma conversa interceptada de Frederico Pacheco de Medeiros, primo de A\u00e9cio, o mesmo indicado pelo tucano para receber R$ 2 milh\u00f5es solicitados pelo senador ao empres\u00e1rio Joesley Batista, da JBS, segundo ele para pagar despesas do advogado no \u00e2mbito da Lava Jato.<\/p>\n<p>O aeroporto de Cl\u00e1udio foi constru\u00eddo em uma \u00e1rea que pertencia a um tio-av\u00f4 de A\u00e9cio. A obra teve in\u00edcio durante sua gest\u00e3o e foi conclu\u00edda em 2010, a um custo de R$ 13,9 milh\u00f5es. A pista fica pr\u00f3xima a uma fazenda da fam\u00edlia Neves.<\/p>\n<p>Confira o di\u00e1logo de Fred:<\/p>\n<p>&#8220;Se o Duda t\u00e1 descendo no avi\u00e3o algu\u00e9m vai abrir o port\u00e3o pra ele ou n\u00e3o?&#8221;, pergunta o interlocutor n\u00e3o identificado. &#8220;Sim, j\u00e1 deve ter aberto&#8230; ele j\u00e1 deve ter sa\u00eddo e j\u00e1 deve ter fechado&#8221;, responde Fred. &#8220;E quem que \u00e9 essa b\u00ean\u00e7\u00e3o de pessoa?, continua o interlocutor. &#8220;Deve ser o seguran\u00e7a do A\u00e9cio&#8221;, diz Fred. &#8220;Ah, ele tem a chave?&#8221;, insiste o interlocutor. &#8220;Deve ter.. t\u00f4 imaginando na condi\u00e7\u00e3o de algu\u00e9m for l\u00e1 abri-lo&#8230;Eu n\u00e3o sei nem se vai, mas deve&#8230;Passa l\u00e1 na porta&#8221;, conclui Fred.<\/p>\n","protected":false},"excerpt":{"rendered":"<p>Minas 247 &#8211; As grava\u00e7\u00f5es da Pol\u00edcia Federal trazem mais uma confirma\u00e7\u00e3o humilhante para o senador A\u00e9cio Neves (PSDB-MG), que se licenciou da presid\u00eancia do PSDB e j\u00e1 foi afastado do cargo de senador pelo Supremo Tribunal Federal.<\/p>\n","protected":false},"author":1,"featured_media":0,"comment_status":"closed","ping_status":"open","sticky":false,"template":"","format":"standard","meta":{"_exactmetrics_skip_tracking":false,"_exactmetrics_sitenote_active":false,"_exactmetrics_sitenote_note":"","_exactmetrics_sitenote_category":0,"jetpack_post_was_ever_published":false,"_jetpack_newsletter_access":"","_jetpack_dont_email_post_to_subs":false,"_jetpack_newsletter_tier_id":0,"_jetpack_memberships_contains_paywalled_content":false,"_jetpack_memberships_contains_paid_content":false,"footnotes":"","jetpack_publicize_message":"","jetpack_publicize_feature_enabled":true,"jetpack_social_post_already_shared":true,"jetpack_social_options":{"image_generator_settings":{"template":"highway","enabled":false},"version":2}},"categories":[1],"tags":[],"class_list":["post-10902","post","type-post","status-publish","format-standard","hentry","category-notas"],"jetpack_publicize_connections":[],"jetpack_sharing_enabled":true,"jetpack_featured_media_url":"","jetpack_shortlink":"https:\/\/wp.me\/p7wKYW-2PQ","jetpack-related-posts":[],"_links":{"self":[{"href":"http:\/\/blogdalucianaoliveira.com.br\/blog\/wp-json\/wp\/v2\/posts\/10902","targetHints":{"allow":["GET"]}}],"collection":[{"href":"http:\/\/blogdalucianaoliveira.com.br\/blog\/wp-json\/wp\/v2\/posts"}],"about":[{"href":"http:\/\/blogdalucianaoliveira.com.br\/blog\/wp-json\/wp\/v2\/types\/post"}],"author":[{"embeddable":true,"href":"http:\/\/blogdalucianaoliveira.com.br\/blog\/wp-json\/wp\/v2\/users\/1"}],"replies":[{"embeddable":true,"href":"http:\/\/blogdalucianaoliveira.com.br\/blog\/wp-json\/wp\/v2\/comments?post=10902"}],"version-history":[{"count":1,"href":"http:\/\/blogdalucianaoliveira.com.br\/blog\/wp-json\/wp\/v2\/posts\/10902\/revisions"}],"predecessor-version":[{"id":10904,"href":"http:\/\/blogdalucianaoliveira.com.br\/blog\/wp-json\/wp\/v2\/posts\/10902\/revisions\/10904"}],"wp:attachment":[{"href":"http:\/\/blogdalucianaoliveira.com.br\/blog\/wp-json\/wp\/v2\/media?parent=10902"}],"wp:term":[{"taxonomy":"category","embeddable":true,"href":"http:\/\/blogdalucianaoliveira.com.br\/blog\/wp-json\/wp\/v2\/categories?post=10902"},{"taxonomy":"post_tag","embeddable":true,"href":"http:\/\/blogdalucianaoliveira.com.br\/blog\/wp-json\/wp\/v2\/tags?post=10902"}],"curies":[{"name":"wp","href":"https:\/\/api.w.org\/{rel}","templated":true}]}}