{"id":10905,"date":"2017-05-23T10:05:40","date_gmt":"2017-05-23T14:05:40","guid":{"rendered":"http:\/\/blogdalucianaoliveira.com.br\/blog\/?p=10905"},"modified":"2017-05-23T10:05:40","modified_gmt":"2017-05-23T14:05:40","slug":"pf-prende-agnelo-arruda-e-operador-de-temer","status":"publish","type":"post","link":"http:\/\/blogdalucianaoliveira.com.br\/blog\/2017\/05\/23\/pf-prende-agnelo-arruda-e-operador-de-temer\/","title":{"rendered":"PF PRENDE AGNELO, ARRUDA E OPERADOR DE TEMER"},"content":{"rendered":"<p><img data-recalc-dims=\"1\" loading=\"lazy\" decoding=\"async\" data-attachment-id=\"10906\" data-permalink=\"http:\/\/blogdalucianaoliveira.com.br\/blog\/2017\/05\/23\/pf-prende-agnelo-arruda-e-operador-de-temer\/pren\/\" data-orig-file=\"https:\/\/i0.wp.com\/blogdalucianaoliveira.com.br\/blog\/wp-content\/uploads\/2017\/05\/pren.jpg?fit=1000%2C357\" data-orig-size=\"1000,357\" data-comments-opened=\"0\" data-image-meta=\"{&quot;aperture&quot;:&quot;0&quot;,&quot;credit&quot;:&quot;&quot;,&quot;camera&quot;:&quot;&quot;,&quot;caption&quot;:&quot;&quot;,&quot;created_timestamp&quot;:&quot;0&quot;,&quot;copyright&quot;:&quot;&quot;,&quot;focal_length&quot;:&quot;0&quot;,&quot;iso&quot;:&quot;0&quot;,&quot;shutter_speed&quot;:&quot;0&quot;,&quot;title&quot;:&quot;&quot;,&quot;orientation&quot;:&quot;0&quot;}\" data-image-title=\"pren\" data-image-description=\"\" data-image-caption=\"\" data-medium-file=\"https:\/\/i0.wp.com\/blogdalucianaoliveira.com.br\/blog\/wp-content\/uploads\/2017\/05\/pren.jpg?fit=300%2C107\" data-large-file=\"https:\/\/i0.wp.com\/blogdalucianaoliveira.com.br\/blog\/wp-content\/uploads\/2017\/05\/pren.jpg?fit=600%2C214\" src=\"https:\/\/i0.wp.com\/blogdalucianaoliveira.com.br\/blog\/wp-content\/uploads\/2017\/05\/pren.jpg?resize=600%2C214\" alt=\"pren\" width=\"600\" height=\"214\" class=\"alignnone size-full wp-image-10906\" srcset=\"https:\/\/i0.wp.com\/blogdalucianaoliveira.com.br\/blog\/wp-content\/uploads\/2017\/05\/pren.jpg?w=1000 1000w, https:\/\/i0.wp.com\/blogdalucianaoliveira.com.br\/blog\/wp-content\/uploads\/2017\/05\/pren.jpg?resize=300%2C107 300w, https:\/\/i0.wp.com\/blogdalucianaoliveira.com.br\/blog\/wp-content\/uploads\/2017\/05\/pren.jpg?resize=768%2C274 768w, https:\/\/i0.wp.com\/blogdalucianaoliveira.com.br\/blog\/wp-content\/uploads\/2017\/05\/pren.jpg?resize=800%2C286 800w\" sizes=\"auto, (max-width: 600px) 100vw, 600px\" \/><\/p>\n<p>(Reuters) &#8211; A Pol\u00edcia Federal deflagrou nesta segunda-feira opera\u00e7\u00e3o para investigar uma organiza\u00e7\u00e3o criminosa suspeita de desviar at\u00e9 900 milh\u00f5es de reais em recursos das obras do Est\u00e1dio Nacional Man\u00e9 Garrincha, em Bras\u00edlia, para a Copa do Mundo de 2014, tendo entre os alvos dois ex-governadores e um ex-vice-governador do Distrito Federal.<!--more--><\/p>\n<p>Segundo uma fonte da PF, os ex-governadores do DF Agnelo Queiroz e Jos\u00e9 Roberto Arruda e o ex-vice-governador Tadeu Filippelli s\u00e3o alvos de mandados de pris\u00e3o.<\/p>\n<p>Em comunicado sem identificar os suspeitos, a PF disse que est\u00e3o entre os alvos de opera\u00e7\u00e3o agentes p\u00fablicos e ex-agentes p\u00fablicos, construtoras e operadores de propina ao longo de tr\u00eas gest\u00f5es do governo do DF.<\/p>\n<p>Or\u00e7adas inicialmente em 600 milh\u00f5es de reais, as obras de reforma no est\u00e1dio de Bras\u00edlia para o Mundial custaram 1,575 bilh\u00e3o de reais, fazendo da arena a mais cara da Copa do Mundo. &#8220;O superfaturamento, portanto, pode ter chegado a quase 900 milh\u00f5es de reais&#8221;, disse a PF em comunicado.<\/p>\n<p>&#8220;A hip\u00f3tese investigada pela Pol\u00edcia Federal \u00e9 que agentes p\u00fablicos, com a intermedia\u00e7\u00e3o de operadores de propinas, tenham realizado conluios e assim simulado procedimentos previstos em edital de licita\u00e7\u00e3o&#8221;, acrescentou a pol\u00edcia.<\/p>\n<p>A Justi\u00e7a Federal do DF emitiu 15 mandados de busca de apreens\u00e3o, 10 mandados de pris\u00e3o tempor\u00e1ria e 3 de condu\u00e7\u00e3o coercitiva como parte da opera\u00e7\u00e3o, todos a serem cumpridos em Bras\u00edlia e arredores.<\/p>\n<p>O est\u00e1dio de Bras\u00edlia \u00e9 o segundo mais caro do mundo voltado para o futebol, segundo especialistas, ficando atr\u00e1s apenas de Wembley, na Inglaterra.<\/p>\n<p>A renova\u00e7\u00e3o da arena para o Mundial de 2014 n\u00e3o recebeu empr\u00e9stimos do BNDES, ao contr\u00e1rio dos demais est\u00e1dios da Copa financiados com recursos p\u00fablicos, mas sim da estatal do DF Terracap, que tem 49 por cento de participa\u00e7\u00e3o da Uni\u00e3o.<\/p>\n<p>De acordo com a PF, a Terracap &#8220;encontra-se em estado de iminente insolv\u00eancia&#8221; em raz\u00e3o da obra no Man\u00e9 Garrincha.<\/p>\n<p>A Pol\u00edcia Federal identificou a opera\u00e7\u00e3o como Panatenaico, em refer\u00eancia ao est\u00e1dio de mesmo nome na Gr\u00e9cia que tinha os assentos de madeira e passou por uma enorme reforma que incluiu arquibancadas em m\u00e1rmore, disse a PF.<\/p>\n<p>O est\u00e1dio de Bras\u00edlia \u00e9 um dos seis que estavam sob suspeita de irregularidades sob investiga\u00e7\u00e3o com base nas dela\u00e7\u00f5es de executivos de empreiteiras investigadas na opera\u00e7\u00e3o Lava Jato. Al\u00e9m do Man\u00e9 Garrincha, tamb\u00e9m s\u00e3o investigadas as obras na Arena Corinthians, em S\u00e3o Paulo; na Arena Pernambuco, em Recife; na Arena Castel\u00e3o, em Fortaleza; na Arena Amaz\u00f4nia, em Manaus; e no Maracan\u00e3, no Rio de Janeiro.<\/p>\n<p>O Man\u00e9 Garrincha recebeu sete jogos do Mundial de 2014, incluindo a decis\u00e3o de terceiro lugar em que o Brasil perdeu por 3 x 0 para a Holanda. No entanto, sem nenhum time da primeira divis\u00e3o do Campeonato Brasileiro na cidade, o est\u00e1dio recebe jogos apenas esporadicamente desde o fim da Copa.<\/p>\n<p>(Por Pedro Fonseca, no Rio de Janeiro, e Lisandra Paraguassu, em Bras\u00edlia)<\/p>\n","protected":false},"excerpt":{"rendered":"<p>(Reuters) &#8211; A Pol\u00edcia Federal deflagrou nesta segunda-feira opera\u00e7\u00e3o para investigar uma organiza\u00e7\u00e3o criminosa suspeita de desviar at\u00e9 900 milh\u00f5es de reais em recursos das obras do Est\u00e1dio Nacional Man\u00e9 Garrincha, em Bras\u00edlia, para a Copa do Mundo de 2014, tendo entre os alvos dois ex-governadores e um ex-vice-governador do Distrito Federal.<\/p>\n","protected":false},"author":1,"featured_media":0,"comment_status":"closed","ping_status":"open","sticky":false,"template":"","format":"standard","meta":{"_exactmetrics_skip_tracking":false,"_exactmetrics_sitenote_active":false,"_exactmetrics_sitenote_note":"","_exactmetrics_sitenote_category":0,"jetpack_post_was_ever_published":false,"_jetpack_newsletter_access":"","_jetpack_dont_email_post_to_subs":false,"_jetpack_newsletter_tier_id":0,"_jetpack_memberships_contains_paywalled_content":false,"_jetpack_memberships_contains_paid_content":false,"footnotes":"","jetpack_publicize_message":"","jetpack_publicize_feature_enabled":true,"jetpack_social_post_already_shared":true,"jetpack_social_options":{"image_generator_settings":{"template":"highway","enabled":false},"version":2}},"categories":[1],"tags":[],"class_list":["post-10905","post","type-post","status-publish","format-standard","hentry","category-notas"],"jetpack_publicize_connections":[],"jetpack_sharing_enabled":true,"jetpack_featured_media_url":"","jetpack_shortlink":"https:\/\/wp.me\/p7wKYW-2PT","jetpack-related-posts":[],"_links":{"self":[{"href":"http:\/\/blogdalucianaoliveira.com.br\/blog\/wp-json\/wp\/v2\/posts\/10905","targetHints":{"allow":["GET"]}}],"collection":[{"href":"http:\/\/blogdalucianaoliveira.com.br\/blog\/wp-json\/wp\/v2\/posts"}],"about":[{"href":"http:\/\/blogdalucianaoliveira.com.br\/blog\/wp-json\/wp\/v2\/types\/post"}],"author":[{"embeddable":true,"href":"http:\/\/blogdalucianaoliveira.com.br\/blog\/wp-json\/wp\/v2\/users\/1"}],"replies":[{"embeddable":true,"href":"http:\/\/blogdalucianaoliveira.com.br\/blog\/wp-json\/wp\/v2\/comments?post=10905"}],"version-history":[{"count":1,"href":"http:\/\/blogdalucianaoliveira.com.br\/blog\/wp-json\/wp\/v2\/posts\/10905\/revisions"}],"predecessor-version":[{"id":10907,"href":"http:\/\/blogdalucianaoliveira.com.br\/blog\/wp-json\/wp\/v2\/posts\/10905\/revisions\/10907"}],"wp:attachment":[{"href":"http:\/\/blogdalucianaoliveira.com.br\/blog\/wp-json\/wp\/v2\/media?parent=10905"}],"wp:term":[{"taxonomy":"category","embeddable":true,"href":"http:\/\/blogdalucianaoliveira.com.br\/blog\/wp-json\/wp\/v2\/categories?post=10905"},{"taxonomy":"post_tag","embeddable":true,"href":"http:\/\/blogdalucianaoliveira.com.br\/blog\/wp-json\/wp\/v2\/tags?post=10905"}],"curies":[{"name":"wp","href":"https:\/\/api.w.org\/{rel}","templated":true}]}}