{"id":10911,"date":"2017-05-23T18:23:31","date_gmt":"2017-05-23T22:23:31","guid":{"rendered":"http:\/\/blogdalucianaoliveira.com.br\/blog\/?p=10911"},"modified":"2017-05-23T18:23:31","modified_gmt":"2017-05-23T22:23:31","slug":"o-acordo-por-cima-continuidade-do-golpe-sem-temer","status":"publish","type":"post","link":"http:\/\/blogdalucianaoliveira.com.br\/blog\/2017\/05\/23\/o-acordo-por-cima-continuidade-do-golpe-sem-temer\/","title":{"rendered":"O acordo por cima: continuidade do golpe sem Temer"},"content":{"rendered":"<p><img data-recalc-dims=\"1\" loading=\"lazy\" decoding=\"async\" data-attachment-id=\"10912\" data-permalink=\"http:\/\/blogdalucianaoliveira.com.br\/blog\/2017\/05\/23\/o-acordo-por-cima-continuidade-do-golpe-sem-temer\/vag\/\" data-orig-file=\"https:\/\/i0.wp.com\/blogdalucianaoliveira.com.br\/blog\/wp-content\/uploads\/2017\/05\/vag.jpg?fit=490%2C280\" data-orig-size=\"490,280\" data-comments-opened=\"0\" data-image-meta=\"{&quot;aperture&quot;:&quot;0&quot;,&quot;credit&quot;:&quot;&quot;,&quot;camera&quot;:&quot;&quot;,&quot;caption&quot;:&quot;&quot;,&quot;created_timestamp&quot;:&quot;0&quot;,&quot;copyright&quot;:&quot;&quot;,&quot;focal_length&quot;:&quot;0&quot;,&quot;iso&quot;:&quot;0&quot;,&quot;shutter_speed&quot;:&quot;0&quot;,&quot;title&quot;:&quot;&quot;,&quot;orientation&quot;:&quot;0&quot;}\" data-image-title=\"vag\" data-image-description=\"\" data-image-caption=\"\" data-medium-file=\"https:\/\/i0.wp.com\/blogdalucianaoliveira.com.br\/blog\/wp-content\/uploads\/2017\/05\/vag.jpg?fit=300%2C171\" data-large-file=\"https:\/\/i0.wp.com\/blogdalucianaoliveira.com.br\/blog\/wp-content\/uploads\/2017\/05\/vag.jpg?fit=490%2C280\" src=\"https:\/\/i0.wp.com\/blogdalucianaoliveira.com.br\/blog\/wp-content\/uploads\/2017\/05\/vag.jpg?resize=490%2C280\" alt=\"vag\" width=\"490\" height=\"280\" class=\"alignnone size-full wp-image-10912\" srcset=\"https:\/\/i0.wp.com\/blogdalucianaoliveira.com.br\/blog\/wp-content\/uploads\/2017\/05\/vag.jpg?w=490 490w, https:\/\/i0.wp.com\/blogdalucianaoliveira.com.br\/blog\/wp-content\/uploads\/2017\/05\/vag.jpg?resize=300%2C171 300w\" sizes=\"auto, (max-width: 490px) 100vw, 490px\" \/><\/p>\n<p>Em paralelo \u00e0 guerra entre a Globo, a FSP e o Estad\u00e3o pela primazia de protagonismo na arena pol\u00edtica, avan\u00e7am as costuras no interior da classe dominante para definir as sa\u00eddas para a crise.<!--more--><\/p>\n<p>JEFERSON MIOLA<br \/>\nNo 247<\/p>\n<p>Al\u00e9m dos movimentos dos atores partid\u00e1rios da oligarquia, as entidades empresariais passaram a defender publicamente suas perspectivas.<\/p>\n<p>Nos jornais pode-se observar estes movimentos:<\/p>\n<p>&#8211; num Comunicado \u00e0 Na\u00e7\u00e3o, a CNI, sem mencionar o governo e o presidente moribundo, defende que &#8220;as reformas trabalhista, previdenci\u00e1ria, tribut\u00e1ria e pol\u00edtica s\u00e3o imprescind\u00edveis e t\u00eam de continuar avan\u00e7ando&#8221;;<\/p>\n<p>&#8211; em an\u00fancio de p\u00e1gina inteira, o SECOVI [Sindicato da Habita\u00e7\u00e3o de SP], tamb\u00e9m omite o descart\u00e1vel Temer e sustenta que &#8220;a agenda de reformas veio para ficar e deve ser obrigatoriamente implantada&#8221;;<\/p>\n<p>&#8211; FHC sugere um entendimento com Lula e o PT para viabilizar &#8220;umasucess\u00e3ocontrolada&#8221; [leia-se, indireta] do Temer, como pressuposto para a estabiliza\u00e7\u00e3o do clima pol\u00edtico para o prosseguimento das reformas no Congresso;<\/p>\n<p>&#8211; a colunista Lydia Medeiros, de O Globo informa que o &#8220;alto comando da coaliz\u00e3o partid\u00e1ria que sustenta o governo Temer busca, desde o fim de semana, uma solu\u00e7\u00e3o para a crise que permita a ren\u00fancia do presidente e d\u00ea a ele garantias de que n\u00e3o ir\u00e1 para a pris\u00e3o&#8221;. Segundo a jornalista, &#8220;Temer j\u00e1 teria concordado com a ideia, e op\u00e7\u00f5es como indulto ou pedido de asilo foram discutidas nas \u00faltimas horas. Entre os articuladores est\u00e3o Jos\u00e9 Sarney, Fernando Henrique Cardoso, Romero Juc\u00e1 e Renan Calheiros&#8221;.<\/p>\n<p>Os par\u00e2metros da classe dominante para a solu\u00e7\u00e3o da crise est\u00e3o claros: elei\u00e7\u00e3o indireta do sucessor de Michel Temer no Congresso e a continuidade das reformas trabalhista e previdenci\u00e1ria e das agendas antipopulares e antinacionais \u2013 ou seja, a continuidade do golpe.<\/p>\n<p>Esta solu\u00e7\u00e3o requer, por\u00e9m, o equacionamento de tr\u00eas vari\u00e1veis: [1] proteger Temer da pris\u00e3o depois da ren\u00fancia ou afastamento, [2] encontrar consenso acerca do nome a ser eleito indiretamente pelo Congresso para suceder Temer e presidir o pa\u00eds at\u00e9 31\/12\/2018, e [3] inviabilizar a candidatura do Lula.<\/p>\n<p>Caso n\u00e3o haja uma contundente capacidade de mobiliza\u00e7\u00e3o popular, nos moldes da campanha das Diretas J\u00e1 de 1984, o desfecho da crise ser\u00e1 o acordo por cima fechado pela classe dominante, mesmo que isso possa abrir um per\u00edodo de instabilidade pol\u00edtica e de conflito social no pa\u00eds.<\/p>\n","protected":false},"excerpt":{"rendered":"<p>Em paralelo \u00e0 guerra entre a Globo, a FSP e o Estad\u00e3o pela primazia de protagonismo na arena pol\u00edtica, avan\u00e7am as costuras no interior da classe dominante para definir as sa\u00eddas para a crise.<\/p>\n","protected":false},"author":1,"featured_media":0,"comment_status":"closed","ping_status":"open","sticky":false,"template":"","format":"standard","meta":{"_exactmetrics_skip_tracking":false,"_exactmetrics_sitenote_active":false,"_exactmetrics_sitenote_note":"","_exactmetrics_sitenote_category":0,"jetpack_post_was_ever_published":false,"_jetpack_newsletter_access":"","_jetpack_dont_email_post_to_subs":false,"_jetpack_newsletter_tier_id":0,"_jetpack_memberships_contains_paywalled_content":false,"_jetpack_memberships_contains_paid_content":false,"footnotes":"","jetpack_publicize_message":"","jetpack_publicize_feature_enabled":true,"jetpack_social_post_already_shared":true,"jetpack_social_options":{"image_generator_settings":{"template":"highway","enabled":false},"version":2}},"categories":[1],"tags":[],"class_list":["post-10911","post","type-post","status-publish","format-standard","hentry","category-notas"],"jetpack_publicize_connections":[],"jetpack_sharing_enabled":true,"jetpack_featured_media_url":"","jetpack_shortlink":"https:\/\/wp.me\/p7wKYW-2PZ","jetpack-related-posts":[],"_links":{"self":[{"href":"http:\/\/blogdalucianaoliveira.com.br\/blog\/wp-json\/wp\/v2\/posts\/10911","targetHints":{"allow":["GET"]}}],"collection":[{"href":"http:\/\/blogdalucianaoliveira.com.br\/blog\/wp-json\/wp\/v2\/posts"}],"about":[{"href":"http:\/\/blogdalucianaoliveira.com.br\/blog\/wp-json\/wp\/v2\/types\/post"}],"author":[{"embeddable":true,"href":"http:\/\/blogdalucianaoliveira.com.br\/blog\/wp-json\/wp\/v2\/users\/1"}],"replies":[{"embeddable":true,"href":"http:\/\/blogdalucianaoliveira.com.br\/blog\/wp-json\/wp\/v2\/comments?post=10911"}],"version-history":[{"count":1,"href":"http:\/\/blogdalucianaoliveira.com.br\/blog\/wp-json\/wp\/v2\/posts\/10911\/revisions"}],"predecessor-version":[{"id":10913,"href":"http:\/\/blogdalucianaoliveira.com.br\/blog\/wp-json\/wp\/v2\/posts\/10911\/revisions\/10913"}],"wp:attachment":[{"href":"http:\/\/blogdalucianaoliveira.com.br\/blog\/wp-json\/wp\/v2\/media?parent=10911"}],"wp:term":[{"taxonomy":"category","embeddable":true,"href":"http:\/\/blogdalucianaoliveira.com.br\/blog\/wp-json\/wp\/v2\/categories?post=10911"},{"taxonomy":"post_tag","embeddable":true,"href":"http:\/\/blogdalucianaoliveira.com.br\/blog\/wp-json\/wp\/v2\/tags?post=10911"}],"curies":[{"name":"wp","href":"https:\/\/api.w.org\/{rel}","templated":true}]}}