{"id":10914,"date":"2017-05-23T18:28:46","date_gmt":"2017-05-23T22:28:46","guid":{"rendered":"http:\/\/blogdalucianaoliveira.com.br\/blog\/?p=10914"},"modified":"2017-05-23T18:30:06","modified_gmt":"2017-05-23T22:30:06","slug":"grampo-com-andrea-neves-derruba-reinaldo-azevedo","status":"publish","type":"post","link":"http:\/\/blogdalucianaoliveira.com.br\/blog\/2017\/05\/23\/grampo-com-andrea-neves-derruba-reinaldo-azevedo\/","title":{"rendered":"GRAMPO COM ANDREA NEVES DERRUBA REINALDO AZEVEDO"},"content":{"rendered":"<p><img data-recalc-dims=\"1\" loading=\"lazy\" decoding=\"async\" data-attachment-id=\"10916\" data-permalink=\"http:\/\/blogdalucianaoliveira.com.br\/blog\/2017\/05\/23\/grampo-com-andrea-neves-derruba-reinaldo-azevedo\/ve-2\/\" data-orig-file=\"https:\/\/i0.wp.com\/blogdalucianaoliveira.com.br\/blog\/wp-content\/uploads\/2017\/05\/ve.jpg?fit=1000%2C357\" data-orig-size=\"1000,357\" data-comments-opened=\"0\" data-image-meta=\"{&quot;aperture&quot;:&quot;0&quot;,&quot;credit&quot;:&quot;&quot;,&quot;camera&quot;:&quot;&quot;,&quot;caption&quot;:&quot;&quot;,&quot;created_timestamp&quot;:&quot;0&quot;,&quot;copyright&quot;:&quot;&quot;,&quot;focal_length&quot;:&quot;0&quot;,&quot;iso&quot;:&quot;0&quot;,&quot;shutter_speed&quot;:&quot;0&quot;,&quot;title&quot;:&quot;&quot;,&quot;orientation&quot;:&quot;0&quot;}\" data-image-title=\"ve\" data-image-description=\"\" data-image-caption=\"\" data-medium-file=\"https:\/\/i0.wp.com\/blogdalucianaoliveira.com.br\/blog\/wp-content\/uploads\/2017\/05\/ve.jpg?fit=300%2C107\" data-large-file=\"https:\/\/i0.wp.com\/blogdalucianaoliveira.com.br\/blog\/wp-content\/uploads\/2017\/05\/ve.jpg?fit=600%2C214\" src=\"https:\/\/i0.wp.com\/blogdalucianaoliveira.com.br\/blog\/wp-content\/uploads\/2017\/05\/ve.jpg?resize=600%2C214\" alt=\"ve\" width=\"600\" height=\"214\" class=\"alignnone size-full wp-image-10916\" srcset=\"https:\/\/i0.wp.com\/blogdalucianaoliveira.com.br\/blog\/wp-content\/uploads\/2017\/05\/ve.jpg?w=1000 1000w, https:\/\/i0.wp.com\/blogdalucianaoliveira.com.br\/blog\/wp-content\/uploads\/2017\/05\/ve.jpg?resize=300%2C107 300w, https:\/\/i0.wp.com\/blogdalucianaoliveira.com.br\/blog\/wp-content\/uploads\/2017\/05\/ve.jpg?resize=768%2C274 768w, https:\/\/i0.wp.com\/blogdalucianaoliveira.com.br\/blog\/wp-content\/uploads\/2017\/05\/ve.jpg?resize=800%2C286 800w\" sizes=\"auto, (max-width: 600px) 100vw, 600px\" \/><\/p>\n<p>247 &#8211; O jornalista Reinaldo Azevedo teve uma conversa com Andrea Neves, irm\u00e3 do senador afastado A\u00e9cio Neves, interceptada pela Pol\u00edcia Federal, informa o portal BuzzFeed. O assunto tratado s\u00e3o as acusa\u00e7\u00f5es contra A\u00e9cio contidas na dela\u00e7\u00e3o da Odebrecht.<!--more--><\/p>\n<p>No di\u00e1logo, ele classificou uma reportagem da revista Veja, onde trabalha, como &#8220;nojenta&#8221;. Ele se referia \u00e0 edi\u00e7\u00e3o que trouxe A\u00e9cio na capa, com o t\u00edtulo &#8220;A vez de A\u00e9cio&#8221;, que traz a acusa\u00e7\u00e3o do empres\u00e1rio Alexandre Accioly, dono da academia Bodytech, de que emprestou uma conta em Cingapura para A\u00e9cio receber propina da Odebrecht.<\/p>\n<p>&#8220;A\u00ed aparece uma hist\u00f3ria maluca, que j\u00e1 tinha aparecido um m\u00eas atr\u00e1s mais ou menos naquele site BuzzFeed, dessa conta do Accioly em Cingapura. Que era, em tese, o mesmo dinheiro da minha em Nova York, que \u00e9 o tal dinheiro da [usina] Santo Ant\u00f4nio. \u00c9 essa coisa m\u00e1gica, que ningu\u00e9m consegue explicar, porque que o A\u00e9cio poderia ganhar uma bolada desse tamanho numa obra que \u00e9 do governo federal. [&#8230;]&#8221;, comenta Andrea na conversa.<br \/>\nReinaldo criticou tamb\u00e9m o procurador-geral da Rep\u00fablica, Rodrigo Janot. Ele dizia que o Janot atacava A\u00e9cio por supostas pretens\u00f5es de se candidatar ao governo de Minas Gerais ou ao Senado.<\/p>\n<p>Assim que a conversa foi divulgada, o colunista pediu demiss\u00e3o de Veja e disse que o grampo violou um dos pilares da democracia, que \u00e9 o sigilo entre jornalistas e suas fontes. <\/p>\n<p>&#8220;H\u00e1 uma agress\u00e3o a uma das garantias que tem a profiss\u00e3o. A menos que um crime esteja sendo cometido, o sigilo da conversa de um jornalista com sua fonte \u00e9 um dos pilares do jornalismo&#8221;, escreveu.<\/p>\n<p>&#8220;A PF n\u00e3o considerou ind\u00edcios de crimes na conversa realizada entre o jornalista e sua fonte, Andrea Neves. Mesmo assim, as grava\u00e7\u00f5es foram anexadas pela Procuradoria-Geral da Rep\u00fablica ao conjunto de \u00e1udios anexados ao inqu\u00e9rito que provocou o afastamento de A\u00e9cio e a pris\u00e3o da irm\u00e3&#8221;, diz a reportagem do BuzzFeed.<\/p>\n<p>Leia aqui o di\u00e1logo gravado e confira a \u00edntegra da resposta de Reinaldo:<\/p>\n<p>&#8220;Pela ordem:<\/p>\n<p>Comecemos pelas consequ\u00eancias.<\/p>\n<p>Pedi demiss\u00e3o da VEJA. Na verdade, temos um contrato, que est\u00e1 sendo rompido a meu pedido. E a dire\u00e7\u00e3o da revista concordou.<\/p>\n<p>1: n\u00e3o sou investigado;<br \/>\n2: a transcri\u00e7\u00e3o da conversa privada, entre jornalista e sua fonte, n\u00e3o guarda rela\u00e7\u00e3o com o objeto da investiga\u00e7\u00e3o;<\/p>\n<p>3: tornar p\u00fablico esse tipo de conversa \u00e9 s\u00f3 uma maneira de intimidar jornalistas;<\/p>\n<p>4: como Andrea e A\u00e9cio s\u00e3o minhas fontes, achei, num primeiro momento, que pudessem fazer isso; depois, pensei que seria de tal sorte absurdo que n\u00e3o aconteceria;<\/p>\n<p>5: mas me ocorreu em seguida: &#8220;se estimulam que se grave ilegalmente o presidente, por que n\u00e3o fariam isso com um jornalista que \u00e9 critico ao trabalho da patota.<\/p>\n<p>6: em qualquer democracia do mundo, a divulga\u00e7\u00e3o da conversa de um jornalista com sua fonte seria considerado um esc\u00e2ndalo. Por aqui, n\u00e3o.<\/p>\n<p>7: tratem, senhores jornalistas, de s\u00f3 falar bem da Lava Jato, de incensar seus comandantes.<\/p>\n<p>8: Andrea estava grampeada, eu n\u00e3o. A divulga\u00e7\u00e3o dessa conversa me tem como foco, n\u00e3o a ela;<\/p>\n<p>9: Bem, o blog est\u00e1 fora da VEJA. Se conseguir hosped\u00e1-lo em algum outro lugar, voc\u00eas ficar\u00e3o sabendo.<\/p>\n<p>10: O que se tem a\u00ed caracteriza um estado policial. Uma garantia constitucional de um indiv\u00edduo est\u00e1 sendo agredida por algo que nada tem a ver com a investiga\u00e7\u00e3o;<\/p>\n<p>11: e tamb\u00e9m h\u00e1 uma agress\u00e3o a uma das garantias que tem a profiss\u00e3o. A menos que um crime esteja sendo cometido, o sigilo da conversa de um jornalista com sua fonte \u00e9 um dos pilares do jornalismo&#8221;.<\/p>\n","protected":false},"excerpt":{"rendered":"<p>247 &#8211; O jornalista Reinaldo Azevedo teve uma conversa com Andrea Neves, irm\u00e3 do senador afastado A\u00e9cio Neves, interceptada pela Pol\u00edcia Federal, informa o portal BuzzFeed. O assunto tratado s\u00e3o as acusa\u00e7\u00f5es contra A\u00e9cio contidas na dela\u00e7\u00e3o da Odebrecht.<\/p>\n","protected":false},"author":1,"featured_media":0,"comment_status":"closed","ping_status":"open","sticky":false,"template":"","format":"standard","meta":{"_exactmetrics_skip_tracking":false,"_exactmetrics_sitenote_active":false,"_exactmetrics_sitenote_note":"","_exactmetrics_sitenote_category":0,"jetpack_post_was_ever_published":false,"_jetpack_newsletter_access":"","_jetpack_dont_email_post_to_subs":false,"_jetpack_newsletter_tier_id":0,"_jetpack_memberships_contains_paywalled_content":false,"_jetpack_memberships_contains_paid_content":false,"footnotes":"","jetpack_publicize_message":"","jetpack_publicize_feature_enabled":true,"jetpack_social_post_already_shared":true,"jetpack_social_options":{"image_generator_settings":{"template":"highway","enabled":false},"version":2}},"categories":[1],"tags":[],"class_list":["post-10914","post","type-post","status-publish","format-standard","hentry","category-notas"],"jetpack_publicize_connections":[],"jetpack_sharing_enabled":true,"jetpack_featured_media_url":"","jetpack_shortlink":"https:\/\/wp.me\/p7wKYW-2Q2","jetpack-related-posts":[],"_links":{"self":[{"href":"http:\/\/blogdalucianaoliveira.com.br\/blog\/wp-json\/wp\/v2\/posts\/10914","targetHints":{"allow":["GET"]}}],"collection":[{"href":"http:\/\/blogdalucianaoliveira.com.br\/blog\/wp-json\/wp\/v2\/posts"}],"about":[{"href":"http:\/\/blogdalucianaoliveira.com.br\/blog\/wp-json\/wp\/v2\/types\/post"}],"author":[{"embeddable":true,"href":"http:\/\/blogdalucianaoliveira.com.br\/blog\/wp-json\/wp\/v2\/users\/1"}],"replies":[{"embeddable":true,"href":"http:\/\/blogdalucianaoliveira.com.br\/blog\/wp-json\/wp\/v2\/comments?post=10914"}],"version-history":[{"count":2,"href":"http:\/\/blogdalucianaoliveira.com.br\/blog\/wp-json\/wp\/v2\/posts\/10914\/revisions"}],"predecessor-version":[{"id":10917,"href":"http:\/\/blogdalucianaoliveira.com.br\/blog\/wp-json\/wp\/v2\/posts\/10914\/revisions\/10917"}],"wp:attachment":[{"href":"http:\/\/blogdalucianaoliveira.com.br\/blog\/wp-json\/wp\/v2\/media?parent=10914"}],"wp:term":[{"taxonomy":"category","embeddable":true,"href":"http:\/\/blogdalucianaoliveira.com.br\/blog\/wp-json\/wp\/v2\/categories?post=10914"},{"taxonomy":"post_tag","embeddable":true,"href":"http:\/\/blogdalucianaoliveira.com.br\/blog\/wp-json\/wp\/v2\/tags?post=10914"}],"curies":[{"name":"wp","href":"https:\/\/api.w.org\/{rel}","templated":true}]}}