{"id":10921,"date":"2017-05-23T18:46:13","date_gmt":"2017-05-23T22:46:13","guid":{"rendered":"http:\/\/blogdalucianaoliveira.com.br\/blog\/?p=10921"},"modified":"2017-05-23T18:49:52","modified_gmt":"2017-05-23T22:49:52","slug":"demolicao-na-cracolandia-deixa-feridos-e-expoe-autoritarismo-de-doria","status":"publish","type":"post","link":"http:\/\/blogdalucianaoliveira.com.br\/blog\/2017\/05\/23\/demolicao-na-cracolandia-deixa-feridos-e-expoe-autoritarismo-de-doria\/","title":{"rendered":"Demoli\u00e7\u00e3o na Cracol\u00e2ndia deixa feridos e exp\u00f5e autoritarismo de Doria"},"content":{"rendered":"<p><img data-recalc-dims=\"1\" loading=\"lazy\" decoding=\"async\" data-attachment-id=\"10923\" data-permalink=\"http:\/\/blogdalucianaoliveira.com.br\/blog\/2017\/05\/23\/demolicao-na-cracolandia-deixa-feridos-e-expoe-autoritarismo-de-doria\/cra\/\" data-orig-file=\"https:\/\/i0.wp.com\/blogdalucianaoliveira.com.br\/blog\/wp-content\/uploads\/2017\/05\/cra.jpeg?fit=768%2C512\" data-orig-size=\"768,512\" data-comments-opened=\"0\" data-image-meta=\"{&quot;aperture&quot;:&quot;0&quot;,&quot;credit&quot;:&quot;&quot;,&quot;camera&quot;:&quot;&quot;,&quot;caption&quot;:&quot;&quot;,&quot;created_timestamp&quot;:&quot;0&quot;,&quot;copyright&quot;:&quot;&quot;,&quot;focal_length&quot;:&quot;0&quot;,&quot;iso&quot;:&quot;0&quot;,&quot;shutter_speed&quot;:&quot;0&quot;,&quot;title&quot;:&quot;&quot;,&quot;orientation&quot;:&quot;0&quot;}\" data-image-title=\"cra\" data-image-description=\"\" data-image-caption=\"\" data-medium-file=\"https:\/\/i0.wp.com\/blogdalucianaoliveira.com.br\/blog\/wp-content\/uploads\/2017\/05\/cra.jpeg?fit=300%2C200\" data-large-file=\"https:\/\/i0.wp.com\/blogdalucianaoliveira.com.br\/blog\/wp-content\/uploads\/2017\/05\/cra.jpeg?fit=600%2C400\" src=\"https:\/\/i0.wp.com\/blogdalucianaoliveira.com.br\/blog\/wp-content\/uploads\/2017\/05\/cra.jpeg?resize=600%2C400\" alt=\"cra\" width=\"600\" height=\"400\" class=\"alignnone size-full wp-image-10923\" srcset=\"https:\/\/i0.wp.com\/blogdalucianaoliveira.com.br\/blog\/wp-content\/uploads\/2017\/05\/cra.jpeg?w=768 768w, https:\/\/i0.wp.com\/blogdalucianaoliveira.com.br\/blog\/wp-content\/uploads\/2017\/05\/cra.jpeg?resize=300%2C200 300w, https:\/\/i0.wp.com\/blogdalucianaoliveira.com.br\/blog\/wp-content\/uploads\/2017\/05\/cra.jpeg?resize=450%2C300 450w\" sizes=\"auto, (max-width: 600px) 100vw, 600px\" \/><\/p>\n<p>Na Carta Capital<\/p>\n<p>Uma opera\u00e7\u00e3o autorit\u00e1ria do prefeito Jo\u00e3o Doria na Cracol\u00e2ndia terminou com cidad\u00e3os feridos e atitudes truculentas contra os moradores e comerciantes da regi\u00e3o.<!--more--><\/p>\n<p>Com o objetivo de derrubar a fachada de um pr\u00e9dio demolido h\u00e1 quatro anos na alameda Dino Bueno, a prefeitura adentrou com escavadeiras uma \u00e1rea livre onde antes encontrava-se o edif\u00edcio. Recentemente, o local vinha sendo ocupado por usu\u00e1rios de drogas. Na a\u00e7\u00e3o, realizada por volta das 14h, uma escavadeira atingiu uma parede que separava a \u00e1rea livre de uma pens\u00e3o. O impacto resultou em ao menos tr\u00eas cidad\u00e3os feridos, que ainda encontravam-se no alojamento enquanto a prefeitura operava as escavadeiras.  <\/p>\n<p>Gerente da pens\u00e3o atingida, Valdete Souza Emiliano, 36 anos, afirma que a parede foi derrubada sem um aviso para que os moradores deixassem o local. &#8220;Com esse projeto do Doria de acabar com a Cracol\u00e2ndia, eles simplesmente colocaram os tratores na \u00e1rea livre e derrubaram a parede com os moradores dentro&#8221;, afirma Valdete.<\/p>\n<p>Segundo a Prefeitura, o objetivo da demoli\u00e7\u00e3o era desarticular uma c\u00e9lula do Primeiro Comando da Capital, que controla o tr\u00e1fico na regi\u00e3o. Valdete afirma que n\u00e3o havia usu\u00e1rios ou traficantes no local quando ocorreu a demoli\u00e7\u00e3o. &#8220;Aqui s\u00f3 tem pai de fam\u00edlia e trabalhador, porque os usu\u00e1rios s\u00f3 Deus sabe pra onde foram.&#8221;<br \/>\nDe acordo com a gerente, a opera\u00e7\u00e3o da prefeitura inviabiliza a continuidade de seu neg\u00f3cio. &#8220;Eu sou gerente e temos cinco funcion\u00e1rios, com os quartinhos destru\u00eddos como \u00e9 que vai ter hospede? Sem hospede como a gente vai ser pago? A parede que caiu era a principal, todos os quartos dependiam dela. Alguns j\u00e1 tinham m\u00eas pago, agora n\u00e3o tem pra onde ir&#8221;<\/p>\n<p>De acordo com a subprefeitura da S\u00e9, respons\u00e1vel pela regi\u00e3o, foi realizada uma a\u00e7\u00e3o de fiscaliza\u00e7\u00e3o na Cracol\u00e2ndia para verificar a regularidade dos estabelecimentos. Locais que n\u00e3o tinham licen\u00e7a de funcionamento ou falta de condi\u00e7\u00f5es sanit\u00e1rias e de seguran\u00e7a foram alvos de termos de interdi\u00e7\u00e3o. A prefeitura iniciou a comunica\u00e7\u00e3o aos moradores h\u00e1 menos de 24 horas. <\/p>\n<p>Segundo a gerente da pens\u00e3o, o estabelecimento n\u00e3o recebeu o termo.<img data-recalc-dims=\"1\" loading=\"lazy\" decoding=\"async\" data-attachment-id=\"10926\" data-permalink=\"http:\/\/blogdalucianaoliveira.com.br\/blog\/2017\/05\/23\/demolicao-na-cracolandia-deixa-feridos-e-expoe-autoritarismo-de-doria\/gere\/\" data-orig-file=\"https:\/\/i0.wp.com\/blogdalucianaoliveira.com.br\/blog\/wp-content\/uploads\/2017\/05\/gere.jpg?fit=4935%2C3290\" data-orig-size=\"4935,3290\" data-comments-opened=\"0\" data-image-meta=\"{&quot;aperture&quot;:&quot;4.5&quot;,&quot;credit&quot;:&quot;&quot;,&quot;camera&quot;:&quot;Canon EOS REBEL T2i&quot;,&quot;caption&quot;:&quot;&quot;,&quot;created_timestamp&quot;:&quot;1495559060&quot;,&quot;copyright&quot;:&quot;&quot;,&quot;focal_length&quot;:&quot;34&quot;,&quot;iso&quot;:&quot;6400&quot;,&quot;shutter_speed&quot;:&quot;0.000625&quot;,&quot;title&quot;:&quot;&quot;,&quot;orientation&quot;:&quot;0&quot;}\" data-image-title=\"gere\" data-image-description=\"\" data-image-caption=\"\" data-medium-file=\"https:\/\/i0.wp.com\/blogdalucianaoliveira.com.br\/blog\/wp-content\/uploads\/2017\/05\/gere.jpg?fit=300%2C200\" data-large-file=\"https:\/\/i0.wp.com\/blogdalucianaoliveira.com.br\/blog\/wp-content\/uploads\/2017\/05\/gere.jpg?fit=600%2C400\" src=\"https:\/\/i0.wp.com\/blogdalucianaoliveira.com.br\/blog\/wp-content\/uploads\/2017\/05\/gere.jpg?resize=600%2C400\" alt=\"gere\" width=\"600\" height=\"400\" class=\"alignnone size-full wp-image-10926\" srcset=\"https:\/\/i0.wp.com\/blogdalucianaoliveira.com.br\/blog\/wp-content\/uploads\/2017\/05\/gere.jpg?w=4935 4935w, https:\/\/i0.wp.com\/blogdalucianaoliveira.com.br\/blog\/wp-content\/uploads\/2017\/05\/gere.jpg?resize=300%2C200 300w, https:\/\/i0.wp.com\/blogdalucianaoliveira.com.br\/blog\/wp-content\/uploads\/2017\/05\/gere.jpg?resize=768%2C512 768w, https:\/\/i0.wp.com\/blogdalucianaoliveira.com.br\/blog\/wp-content\/uploads\/2017\/05\/gere.jpg?resize=1024%2C683 1024w, https:\/\/i0.wp.com\/blogdalucianaoliveira.com.br\/blog\/wp-content\/uploads\/2017\/05\/gere.jpg?resize=450%2C300 450w, https:\/\/i0.wp.com\/blogdalucianaoliveira.com.br\/blog\/wp-content\/uploads\/2017\/05\/gere.jpg?w=1200 1200w, https:\/\/i0.wp.com\/blogdalucianaoliveira.com.br\/blog\/wp-content\/uploads\/2017\/05\/gere.jpg?w=1800 1800w\" sizes=\"auto, (max-width: 600px) 100vw, 600px\" \/><\/p>\n<p>Um dos feridos, Wellington da Silva, trabalhador aut\u00f4nomo da Rua 25 de Mar\u00e7o e morador do local h\u00e1 um ano e seis meses, conta que estava no banheiro quando a parede desabou. &#8220;Caiu um peda\u00e7o de parede na minha perna, me lesionou e provavelmente vai me trazer sequelas.&#8221;<br \/>\nO morador ainda disse que os representantes da prefeitura iriam dar assist\u00eancia m\u00e9dica suficiente, mas disse que foi apenas atendido no local e que n\u00e3o deram os rem\u00e9dios que receitaram para poder cuidar dos ferimentos. &#8220;Eles me deram uma receita m\u00e9dica e foram embora. Se eu tivesse dinheiro pra comprar tudo isso de rem\u00e9dio eu n\u00e3o tava morando aqui&#8221;, desabafa. <\/p>\n<p>A coordenadora de Pol\u00edticas Sobre Drogas da Secretaria de Direitos Humanos e Cidadania, Maria Ang\u00e9lica de Castro Comis, que estava no local, disse que os moradores afetados pelo desabamento da parede que n\u00e3o tiverem para onde ir, ser\u00e3o realocados pela prefeitura. A coordenadora n\u00e3o informou os locais. <\/p>\n<p>Uma mercearia pr\u00f3xima do local recebeu um termo de interdi\u00e7\u00e3o \u00e0s 10h27 desta ter\u00e7a-feira 23.O documento apontava irregularidades nas instala\u00e7\u00f5es el\u00e9tricas e de g\u00e1s e equipamentos contra inc\u00eandio em desacordo com a legisla\u00e7\u00e3o. O dono da mercearia, Magno Lima da Silva, afirma que &#8220;para eles (prefeitura) n\u00e3o interessa nada&#8221;.<\/p>\n<p>&#8220;Eles s\u00f3 chegaram aqui dizendo que iam lacrar, sem dizer o porqu\u00ea. Depois falaram que era fia\u00e7\u00e3o, que iam demolir. N\u00e3o perguntaram e nem deixaram a gente tentar arrumar a fia\u00e7\u00e3o pra ficar, s\u00f3 informaram que era pra sair&#8221;, afirmou o comerciante.<\/p>\n<p><img data-recalc-dims=\"1\" loading=\"lazy\" decoding=\"async\" data-attachment-id=\"10922\" data-permalink=\"http:\/\/blogdalucianaoliveira.com.br\/blog\/2017\/05\/23\/demolicao-na-cracolandia-deixa-feridos-e-expoe-autoritarismo-de-doria\/come\/\" data-orig-file=\"https:\/\/i0.wp.com\/blogdalucianaoliveira.com.br\/blog\/wp-content\/uploads\/2017\/05\/come.jpg?fit=5184%2C3456\" data-orig-size=\"5184,3456\" data-comments-opened=\"0\" data-image-meta=\"{&quot;aperture&quot;:&quot;4.5&quot;,&quot;credit&quot;:&quot;&quot;,&quot;camera&quot;:&quot;Canon EOS REBEL T2i&quot;,&quot;caption&quot;:&quot;&quot;,&quot;created_timestamp&quot;:&quot;1495556521&quot;,&quot;copyright&quot;:&quot;&quot;,&quot;focal_length&quot;:&quot;33&quot;,&quot;iso&quot;:&quot;6400&quot;,&quot;shutter_speed&quot;:&quot;0.0004&quot;,&quot;title&quot;:&quot;&quot;,&quot;orientation&quot;:&quot;0&quot;}\" data-image-title=\"come\" data-image-description=\"\" data-image-caption=\"\" data-medium-file=\"https:\/\/i0.wp.com\/blogdalucianaoliveira.com.br\/blog\/wp-content\/uploads\/2017\/05\/come.jpg?fit=300%2C200\" data-large-file=\"https:\/\/i0.wp.com\/blogdalucianaoliveira.com.br\/blog\/wp-content\/uploads\/2017\/05\/come.jpg?fit=600%2C400\" src=\"https:\/\/i0.wp.com\/blogdalucianaoliveira.com.br\/blog\/wp-content\/uploads\/2017\/05\/come.jpg?resize=600%2C400\" alt=\"come\" width=\"600\" height=\"400\" class=\"alignnone size-full wp-image-10922\" srcset=\"https:\/\/i0.wp.com\/blogdalucianaoliveira.com.br\/blog\/wp-content\/uploads\/2017\/05\/come.jpg?w=5184 5184w, https:\/\/i0.wp.com\/blogdalucianaoliveira.com.br\/blog\/wp-content\/uploads\/2017\/05\/come.jpg?resize=300%2C200 300w, https:\/\/i0.wp.com\/blogdalucianaoliveira.com.br\/blog\/wp-content\/uploads\/2017\/05\/come.jpg?resize=768%2C512 768w, https:\/\/i0.wp.com\/blogdalucianaoliveira.com.br\/blog\/wp-content\/uploads\/2017\/05\/come.jpg?resize=1024%2C683 1024w, https:\/\/i0.wp.com\/blogdalucianaoliveira.com.br\/blog\/wp-content\/uploads\/2017\/05\/come.jpg?resize=450%2C300 450w, https:\/\/i0.wp.com\/blogdalucianaoliveira.com.br\/blog\/wp-content\/uploads\/2017\/05\/come.jpg?w=1200 1200w, https:\/\/i0.wp.com\/blogdalucianaoliveira.com.br\/blog\/wp-content\/uploads\/2017\/05\/come.jpg?w=1800 1800w\" sizes=\"auto, (max-width: 600px) 100vw, 600px\" \/><\/p>\n<p>A a\u00e7\u00e3o da prefeitura iniciada no s\u00e1bado 21, j\u00e1 lacrou diversos estabelecimentos comerciais na regi\u00e3o da Cracol\u00e2ndia. Com oito funcion\u00e1rios dependentes do funcionamento da mercearia, Magno afirma que buscou, antes do pedido de interdi\u00e7\u00e3o, regularizar a situa\u00e7\u00e3o de seu com\u00e9rcio. &#8220;Eu fui atr\u00e1s da prefeitura pra regularizar, tinha o dinheiro e eles n\u00e3o deixaram.&#8221; <\/p>\n<p>Emocionado, o dono da mercearia disse ao subprefeito da S\u00e9, Eduardo Odloak, um dos representantes da prefeitura no local, que aquele estabelecimento havia pagado parte do tratamento da m\u00e3e que \u00e9 doente, e que agora, n\u00e3o tem perspectivas de onde tirar sua renda. &#8220;Voc\u00ea tem no\u00e7\u00e3o do preju\u00edzo que isso t\u00e1 me causando? Estou pagando carretas pra tirar as coisas, sabe quanto custa cada carreta? Me diz pra quem eu vou vender os produtos agora?&#8221;, perguntou.<\/p>\n<p>Questionado se haveria alguma contrapartida da prefeitura em rela\u00e7\u00e3o ao despejo dos moradores e comerciantes, o subprefeito afirma que caso precisem, poder\u00e3o buscar auxilio da assist\u00eancia social, mas n\u00e3o informou como isso dever\u00e1 ser feito. <\/p>\n<p>No final da tarde, os moradores de rua retirados dos arredores das alamedas Dino Bueno e Cleveland, duas das principais do local, estavam concentrados na Pra\u00e7a Princesa Isabel. Cercados por policiais, os moradores fizeram uma a\u00e7\u00e3o em massa em dire\u00e7\u00e3o ao local e foram surpreendidos com bombas de g\u00e1s e balas de borracha, o que fez com que imediatamente voltassem para a pra\u00e7a ao lado do terminal.<br \/>\nDe Bra\u00e7os Abertos<\/p>\n<p>Para o benefici\u00e1rio do programa, Narciso de Souza, isso tamb\u00e9m \u00e9 uma estrat\u00e9gia de D\u00f3ria para acabar com o De Bra\u00e7os Abertos. Morador da regi\u00e3o h\u00e1 mais de 10 anos, Narciso conta que parou de usar drogas com a ajuda do programa e hoje \u00e9 remunerado para trabalhar como gari nas ruas da regi\u00e3o. &#8220;Nota zero pro D\u00f3ria. Eu s\u00f3 saio do programa se ele acabar de vez, se n\u00e3o, eu fico&#8221;, afirma. <\/p>\n","protected":false},"excerpt":{"rendered":"<p>Na Carta Capital Uma opera\u00e7\u00e3o autorit\u00e1ria do prefeito Jo\u00e3o Doria na Cracol\u00e2ndia terminou com cidad\u00e3os feridos e atitudes truculentas contra os moradores e comerciantes da regi\u00e3o.<\/p>\n","protected":false},"author":1,"featured_media":0,"comment_status":"closed","ping_status":"open","sticky":false,"template":"","format":"standard","meta":{"_exactmetrics_skip_tracking":false,"_exactmetrics_sitenote_active":false,"_exactmetrics_sitenote_note":"","_exactmetrics_sitenote_category":0,"jetpack_post_was_ever_published":false,"_jetpack_newsletter_access":"","_jetpack_dont_email_post_to_subs":false,"_jetpack_newsletter_tier_id":0,"_jetpack_memberships_contains_paywalled_content":false,"_jetpack_memberships_contains_paid_content":false,"footnotes":"","jetpack_publicize_message":"","jetpack_publicize_feature_enabled":true,"jetpack_social_post_already_shared":true,"jetpack_social_options":{"image_generator_settings":{"template":"highway","enabled":false},"version":2}},"categories":[1],"tags":[],"class_list":["post-10921","post","type-post","status-publish","format-standard","hentry","category-notas"],"jetpack_publicize_connections":[],"jetpack_sharing_enabled":true,"jetpack_featured_media_url":"","jetpack_shortlink":"https:\/\/wp.me\/p7wKYW-2Q9","jetpack-related-posts":[],"_links":{"self":[{"href":"http:\/\/blogdalucianaoliveira.com.br\/blog\/wp-json\/wp\/v2\/posts\/10921","targetHints":{"allow":["GET"]}}],"collection":[{"href":"http:\/\/blogdalucianaoliveira.com.br\/blog\/wp-json\/wp\/v2\/posts"}],"about":[{"href":"http:\/\/blogdalucianaoliveira.com.br\/blog\/wp-json\/wp\/v2\/types\/post"}],"author":[{"embeddable":true,"href":"http:\/\/blogdalucianaoliveira.com.br\/blog\/wp-json\/wp\/v2\/users\/1"}],"replies":[{"embeddable":true,"href":"http:\/\/blogdalucianaoliveira.com.br\/blog\/wp-json\/wp\/v2\/comments?post=10921"}],"version-history":[{"count":3,"href":"http:\/\/blogdalucianaoliveira.com.br\/blog\/wp-json\/wp\/v2\/posts\/10921\/revisions"}],"predecessor-version":[{"id":10927,"href":"http:\/\/blogdalucianaoliveira.com.br\/blog\/wp-json\/wp\/v2\/posts\/10921\/revisions\/10927"}],"wp:attachment":[{"href":"http:\/\/blogdalucianaoliveira.com.br\/blog\/wp-json\/wp\/v2\/media?parent=10921"}],"wp:term":[{"taxonomy":"category","embeddable":true,"href":"http:\/\/blogdalucianaoliveira.com.br\/blog\/wp-json\/wp\/v2\/categories?post=10921"},{"taxonomy":"post_tag","embeddable":true,"href":"http:\/\/blogdalucianaoliveira.com.br\/blog\/wp-json\/wp\/v2\/tags?post=10921"}],"curies":[{"name":"wp","href":"https:\/\/api.w.org\/{rel}","templated":true}]}}